{"id":190799,"date":"2026-04-30T03:03:14","date_gmt":"2026-04-30T03:03:14","guid":{"rendered":"http:\/\/cordobainforma.info\/index.php\/2026\/04\/30\/nuevo-mapa-del-trabajo-profesional-cordobes-solo-4-de-10-con-empleo-estable-y-1-de-3\/"},"modified":"2026-04-30T03:03:14","modified_gmt":"2026-04-30T03:03:14","slug":"nuevo-mapa-del-trabajo-profesional-cordobes-solo-4-de-10-con-empleo-estable-y-1-de-3","status":"publish","type":"post","link":"http:\/\/cordobainforma.info\/index.php\/2026\/04\/30\/nuevo-mapa-del-trabajo-profesional-cordobes-solo-4-de-10-con-empleo-estable-y-1-de-3\/","title":{"rendered":"<b>Nuevo<\/b> mapa del trabajo profesional cordob\u00e9s: solo 4 de 10 con empleo estable y 1 de 3 &#8230;"},"content":{"rendered":"<p>M\u00e1s flexibilidad, trayectorias fragmentadas y menos derechos sintetizan los cambios en los \u00faltimos ocho a\u00f1os en <b>C\u00f3rdoba<\/b>. Los datos del \u00faltimo&nbsp;&#8230; <\/p>\n","protected":false},"excerpt":{"rendered":"<p>M\u00e1s flexibilidad, trayectorias fragmentadas y menos derechos sintetizan los cambios en los \u00faltimos ocho a\u00f1os en C\u00f3rdoba. Los datos del \u00faltimo&nbsp;&#8230;<\/p>\n","protected":false},"author":1,"featured_media":0,"comment_status":"closed","ping_status":"closed","sticky":false,"template":"","format":"standard","meta":[],"categories":[23],"tags":[],"_links":{"self":[{"href":"http:\/\/cordobainforma.info\/index.php\/wp-json\/wp\/v2\/posts\/190799"}],"collection":[{"href":"http:\/\/cordobainforma.info\/index.php\/wp-json\/wp\/v2\/posts"}],"about":[{"href":"http:\/\/cordobainforma.info\/index.php\/wp-json\/wp\/v2\/types\/post"}],"author":[{"embeddable":true,"href":"http:\/\/cordobainforma.info\/index.php\/wp-json\/wp\/v2\/users\/1"}],"replies":[{"embeddable":true,"href":"http:\/\/cordobainforma.info\/index.php\/wp-json\/wp\/v2\/comments?post=190799"}],"version-history":[{"count":0,"href":"http:\/\/cordobainforma.info\/index.php\/wp-json\/wp\/v2\/posts\/190799\/revisions"}],"wp:attachment":[{"href":"http:\/\/cordobainforma.info\/index.php\/wp-json\/wp\/v2\/media?parent=190799"}],"wp:term":[{"taxonomy":"category","embeddable":true,"href":"http:\/\/cordobainforma.info\/index.php\/wp-json\/wp\/v2\/categories?post=190799"},{"taxonomy":"post_tag","embeddable":true,"href":"http:\/\/cordobainforma.info\/index.php\/wp-json\/wp\/v2\/tags?post=190799"}],"curies":[{"name":"wp","href":"https:\/\/api.w.org\/{rel}","templated":true}]}}