{"id":190798,"date":"2026-04-30T03:40:12","date_gmt":"2026-04-30T03:40:12","guid":{"rendered":"http:\/\/cordobainforma.info\/index.php\/2026\/04\/30\/la-crisis-economica-golpeo-una-cadena-de-tiendas-del-interior-no-hay-ventas-todo-se-ha\/"},"modified":"2026-04-30T03:40:12","modified_gmt":"2026-04-30T03:40:12","slug":"la-crisis-economica-golpeo-una-cadena-de-tiendas-del-interior-no-hay-ventas-todo-se-ha","status":"publish","type":"post","link":"http:\/\/cordobainforma.info\/index.php\/2026\/04\/30\/la-crisis-economica-golpeo-una-cadena-de-tiendas-del-interior-no-hay-ventas-todo-se-ha\/","title":{"rendered":"La crisis <b>econ\u00f3mica<\/b> golpe\u00f3 una cadena de tiendas del interior: No hay ventas, todo se ha &#8230;"},"content":{"rendered":"<p>La casa de electrodom\u00e9sticos tuvo que cerrar tres sucursales -dos en <b>C\u00f3rdoba<\/b> y una en Santa Fe- por baja facturaci\u00f3n. Se profundiza la crisis en&nbsp;&#8230; <\/p>\n","protected":false},"excerpt":{"rendered":"<p>La casa de electrodom\u00e9sticos tuvo que cerrar tres sucursales -dos en C\u00f3rdoba y una en Santa Fe- por baja facturaci\u00f3n. Se profundiza la crisis en&nbsp;&#8230;<\/p>\n","protected":false},"author":1,"featured_media":0,"comment_status":"closed","ping_status":"closed","sticky":false,"template":"","format":"standard","meta":[],"categories":[23],"tags":[],"_links":{"self":[{"href":"http:\/\/cordobainforma.info\/index.php\/wp-json\/wp\/v2\/posts\/190798"}],"collection":[{"href":"http:\/\/cordobainforma.info\/index.php\/wp-json\/wp\/v2\/posts"}],"about":[{"href":"http:\/\/cordobainforma.info\/index.php\/wp-json\/wp\/v2\/types\/post"}],"author":[{"embeddable":true,"href":"http:\/\/cordobainforma.info\/index.php\/wp-json\/wp\/v2\/users\/1"}],"replies":[{"embeddable":true,"href":"http:\/\/cordobainforma.info\/index.php\/wp-json\/wp\/v2\/comments?post=190798"}],"version-history":[{"count":0,"href":"http:\/\/cordobainforma.info\/index.php\/wp-json\/wp\/v2\/posts\/190798\/revisions"}],"wp:attachment":[{"href":"http:\/\/cordobainforma.info\/index.php\/wp-json\/wp\/v2\/media?parent=190798"}],"wp:term":[{"taxonomy":"category","embeddable":true,"href":"http:\/\/cordobainforma.info\/index.php\/wp-json\/wp\/v2\/categories?post=190798"},{"taxonomy":"post_tag","embeddable":true,"href":"http:\/\/cordobainforma.info\/index.php\/wp-json\/wp\/v2\/tags?post=190798"}],"curies":[{"name":"wp","href":"https:\/\/api.w.org\/{rel}","templated":true}]}}