{"id":190796,"date":"2026-04-30T02:59:42","date_gmt":"2026-04-30T02:59:42","guid":{"rendered":"https:\/\/www.clarin.com\/deportes\/dario-benedetto-lanzo-lluvia-insultos-companeros-catolica-gano-barcelona-ecuador-apreto-grupo-boca-libertadores_0_LcdvlX45Ez.html"},"modified":"2026-04-30T02:59:42","modified_gmt":"2026-04-30T02:59:42","slug":"dario-benedetto-lanzo-una-lluvia-de-insultos-a-sus-companeros-u-catolica-le-gano-a-barcelona-en-ecuador-y-apreto-el-grupo-de-boca-en-la-libertadores","status":"publish","type":"post","link":"http:\/\/cordobainforma.info\/index.php\/2026\/04\/30\/dario-benedetto-lanzo-una-lluvia-de-insultos-a-sus-companeros-u-catolica-le-gano-a-barcelona-en-ecuador-y-apreto-el-grupo-de-boca-en-la-libertadores\/","title":{"rendered":"Dar\u00edo Benedetto lanz\u00f3 una lluvia de insultos a sus compa\u00f1eros: U. Cat\u00f3lica le gan\u00f3 a Barcelona en Ecuador y apret\u00f3 el grupo de Boca en la Libertadores"},"content":{"rendered":"<p><img src=\"http:\/\/cordobainforma.info\/wp-content\/uploads\/2026\/04\/dario-benedetto-lanzo-una-lluvia-de-insultos-a-sus-companeros-u-catolica-le-gano-a-barcelona-en-ecuador-y-apreto-el-grupo-de-boca-en-la-libertadores.jpg\"><\/p>\n<div><img src=\"http:\/\/cordobainforma.info\/wp-content\/uploads\/2026\/04\/dario-benedetto-lanzo-una-lluvia-de-insultos-a-sus-companeros-u-catolica-le-gano-a-barcelona-en-ecuador-y-apreto-el-grupo-de-boca-en-la-libertadores-2.jpg\" class=\"ff-og-image-inserted\"><\/div>\n<div id=\"element-body-0\" readability=\"64\">\n<p><strong>Dar\u00edo Benedetto explot\u00f3<\/strong>. El delantero argentino se plant\u00f3 en medio de la pausa de rehidrataci\u00f3n con una lluvia de insultos para sus compa\u00f1eros del Barcelona de Ecuador por el desempe\u00f1o que demostraron contra la <strong>Universidad Cat\u00f3lica de Chile<\/strong>, que gan\u00f3 2-1 en Guayaquil para dejar el <strong>grupo D de la Copa Libertadores al rojo vivo<\/strong>. Cruzeiro, Boca y los chilenos tienen seis puntos, aunque est\u00e1n en ese orden por los resultados entre s\u00ed, el primer criterio de desempate.<\/p>\n<\/div>\n<div id=\"element-body-1\" readability=\"25.277777777778\">\n<blockquote class=\"twitter-tweet\" readability=\"6.2222222222222\">\n<p lang=\"es\" dir=\"ltr\">SE CALENT\u00d3 EL PIPA: PICANTE la arenga de Benedetto a sus compa\u00f1eros de Barcelona SC en la pausa de rehidrataci\u00f3n en el partido vs. U. Cat\u00f3lica&#8230;<\/p>\n<p>\ud83d\udcfa Mir\u00e1 TODA la CONMEBOL <a href=\"https:\/\/twitter.com\/hashtag\/Libertadores?src=hash&amp;ref_src=twsrc%5Etfw\">#Libertadores<\/a> por <a href=\"https:\/\/twitter.com\/hashtag\/DisneyPlus?src=hash&amp;ref_src=twsrc%5Etfw\">#DisneyPlus<\/a> Plan Premium <a href=\"https:\/\/t.co\/RTVa2pnUoF\">pic.twitter.com\/RTVa2pnUoF<\/a><\/p>\n<p>\u2014 SportsCenter (@SC_ESPN) <a href=\"https:\/\/twitter.com\/SC_ESPN\/status\/2049648911732605006?ref_src=twsrc%5Etfw\">April 30, 2026<\/a><\/p><\/blockquote><\/div>\n<div id=\"element-body-2\" readability=\"59\">\n<p>Le bastaron 21 minutos al equipo dirigido por el argentino <strong>Daniel Garnero <\/strong>para sellar su triunfo gracias a los goles del argentino nacionalizado chileno <strong>Fernando Zampedri <\/strong>(m.17) y de <strong>Clemente Montes <\/strong>(m.21). El tambi\u00e9n argentino <strong>Milton C\u00e9liz <\/strong>recort\u00f3 distancias en el 79.<\/p>\n<\/div>\n<div id=\"element-body-3\" readability=\"58\">\n<p>La Cat\u00f3lica repiti\u00f3 victoria fuera de casa despu\u00e9s que en la segunda fecha derrot\u00f3 por id\u00e9ntico 1-2 a Cruzeiro en Brasil.<\/p>\n<\/div>\n<div id=\"element-body-4\" readability=\"61\">\n<p>El primer gol de los visitantes deriv\u00f3 de una maniobra de Montes, que gan\u00f3 en velocidad al extremo local Gustavo Vallecilla, avanz\u00f3 y filtr\u00f3 un pase entre los defensas y por delante del portero Jos\u00e9 Contreras. Zampedri ingres\u00f3 raudo y su remate de primera intenci\u00f3n estremeci\u00f3 la red.<\/p>\n<\/div>\n<div id=\"element-body-5\" readability=\"59\">\n<p>Montes anot\u00f3 el segundo tanto de la Cat\u00f3lica con un cabezazo, tras un centro del argentino Justo Giani desde el c\u00f3rner.<\/p>\n<\/div>\n<div id=\"element-body-6\" readability=\"61\">\n<p>El entrenador de Barcelona, el venezolano C\u00e9sar Far\u00edas, busc\u00f3 revulsivo en el banco, pero la Universidad Cat\u00f3lica se mostr\u00f3 s\u00f3lida en defensa.<\/p>\n<\/div>\n<div id=\"element-body-7\" readability=\"58\">\n<p>Barcelona descont\u00f3 tras un tiro libre ejecutado por el argentino Tom\u00e1s Mart\u00ednez para el cabezazo de su compatriota C\u00e9liz.<\/p>\n<\/div>\n<div id=\"element-body-8\" readability=\"59\">\n<p>En la cuarta jornada del grupo, Barcelona recibir\u00e1 el pr\u00f3ximo martes a Boca Juniors y Universidad Cat\u00f3lica a el Cruzeiro.<\/p>\n<\/div>\n","protected":false},"excerpt":{"rendered":"<p>Dar\u00edo Benedetto explot\u00f3. El delantero argentino se plant\u00f3 en medio de la pausa de rehidrataci\u00f3n con una lluvia de insultos para sus compa\u00f1eros del Barcelona de Ecuador por el desempe\u00f1o que demostraron contra la Universidad Cat\u00f3lica de Chile, que gan\u00f3 2-1 en Guayaquil para dejar el grupo D de la Copa Libertadores al rojo vivo. [&hellip;]<\/p>\n","protected":false},"author":1,"featured_media":190797,"comment_status":"closed","ping_status":"closed","sticky":false,"template":"","format":"standard","meta":[],"categories":[20],"tags":[],"_links":{"self":[{"href":"http:\/\/cordobainforma.info\/index.php\/wp-json\/wp\/v2\/posts\/190796"}],"collection":[{"href":"http:\/\/cordobainforma.info\/index.php\/wp-json\/wp\/v2\/posts"}],"about":[{"href":"http:\/\/cordobainforma.info\/index.php\/wp-json\/wp\/v2\/types\/post"}],"author":[{"embeddable":true,"href":"http:\/\/cordobainforma.info\/index.php\/wp-json\/wp\/v2\/users\/1"}],"replies":[{"embeddable":true,"href":"http:\/\/cordobainforma.info\/index.php\/wp-json\/wp\/v2\/comments?post=190796"}],"version-history":[{"count":0,"href":"http:\/\/cordobainforma.info\/index.php\/wp-json\/wp\/v2\/posts\/190796\/revisions"}],"wp:featuredmedia":[{"embeddable":true,"href":"http:\/\/cordobainforma.info\/index.php\/wp-json\/wp\/v2\/media\/190797"}],"wp:attachment":[{"href":"http:\/\/cordobainforma.info\/index.php\/wp-json\/wp\/v2\/media?parent=190796"}],"wp:term":[{"taxonomy":"category","embeddable":true,"href":"http:\/\/cordobainforma.info\/index.php\/wp-json\/wp\/v2\/categories?post=190796"},{"taxonomy":"post_tag","embeddable":true,"href":"http:\/\/cordobainforma.info\/index.php\/wp-json\/wp\/v2\/tags?post=190796"}],"curies":[{"name":"wp","href":"https:\/\/api.w.org\/{rel}","templated":true}]}}