{"id":190794,"date":"2026-04-30T03:08:42","date_gmt":"2026-04-30T03:08:42","guid":{"rendered":"https:\/\/www.clarin.com\/deportes\/uruguay-pierde-pieza-clave-mundial-2026-arrascaeta-fracturo-clavicula-estudiantes-vs-flamengo-libertadores_0_XM0RN2jqcs.html"},"modified":"2026-04-30T03:08:42","modified_gmt":"2026-04-30T03:08:42","slug":"uruguay-pierde-otra-pieza-clave-para-el-mundial-2026-de-arrascaeta-se-fracturo-la-clavicula-en-estudiantes-vs-flamengo-por-la-libertadores","status":"publish","type":"post","link":"http:\/\/cordobainforma.info\/index.php\/2026\/04\/30\/uruguay-pierde-otra-pieza-clave-para-el-mundial-2026-de-arrascaeta-se-fracturo-la-clavicula-en-estudiantes-vs-flamengo-por-la-libertadores\/","title":{"rendered":"\u00bfUruguay pierde otra pieza clave para el Mundial 2026? De Arrascaeta se fractur\u00f3 la clav\u00edcula en Estudiantes vs Flamengo por la Libertadores"},"content":{"rendered":"<p><img src=\"http:\/\/cordobainforma.info\/wp-content\/uploads\/2026\/04\/uruguay-pierde-otra-pieza-clave-para-el-mundial-2026-de-arrascaeta-se-fracturo-la-clavicula-en-estudiantes-vs-flamengo-por-la-libertadores.jpg\"><\/p>\n<div><img src=\"http:\/\/cordobainforma.info\/wp-content\/uploads\/2026\/04\/uruguay-pierde-otra-pieza-clave-para-el-mundial-2026-de-arrascaeta-se-fracturo-la-clavicula-en-estudiantes-vs-flamengo-por-la-libertadores-2.jpg\" class=\"ff-og-image-inserted\"><\/div>\n<div id=\"element-body-0\" readability=\"45.758099352052\">\n<p><strong>Marcelo Bielsa se agarra la cabeza, se lamenta y se persigna<\/strong>. Es una imagen figurada, imaginaria, pero probablemente muy cierta despu\u00e9s de la confirmaci\u00f3n de que el mediocampista uruguayo <strong>Giorgian De Arrascaeta se fractur\u00f3 la clav\u00edcula derecha a 47 d\u00edas del Mundial 2026<\/strong>. Fue en <a href=\"https:\/\/www.clarin.com\/deportes\/estudiantes-vs-flamengo-copa-libertadores-2026-vivo-hora-probables-formaciones-ver-directo_0_tkAZy23165.html\" target=\"_blank\" title=\"el empate entre Estudiantes de La Plata y Flamengo, por la Copa Libertadores, donde el uruguayo cay\u00f3 mal al c\u00e9sped y termin\u00f3 en el hospital\" alt=\"el empate entre Estudiantes de La Plata y Flamengo, por la Copa Libertadores, donde el uruguayo cay\u00f3 mal al c\u00e9sped y termin\u00f3 en el hospital\" rel=\"noopener noreferrer\">el empate entre Estudiantes de La Plata y Flamengo, por la Copa Libertadores, donde el uruguayo cay\u00f3 mal al c\u00e9sped y termin\u00f3 en el hospital<\/a>, donde se confirm\u00f3 el diagn\u00f3stico.<\/p>\n<\/div>\n<div id=\"element-body-1\" readability=\"26.040372670807\">\n<blockquote class=\"twitter-tweet\" readability=\"6.4099378881988\">\n<p lang=\"es\" dir=\"ltr\">\u00a1ALARMAS EN URUGUAY! Giorgian De Arrascaeta cay\u00f3 mal y qued\u00f3 sentido del hombro derecho en UNO y no pudo continuar en el campo de juego. Carrascal ingres\u00f3 en su lugar en Flamengo.<\/p>\n<p>\ud83d\udcfa Mir\u00e1 TODA la CONMEBOL <a href=\"https:\/\/twitter.com\/hashtag\/Libertadores?src=hash&amp;ref_src=twsrc%5Etfw\">#Libertadores<\/a> por <a href=\"https:\/\/twitter.com\/hashtag\/DisneyPlus?src=hash&amp;ref_src=twsrc%5Etfw\">#DisneyPlus<\/a> Plan Premium <a href=\"https:\/\/t.co\/1IjXomkTPK\">pic.twitter.com\/1IjXomkTPK<\/a><\/p>\n<p>\u2014 SportsCenter (@SC_ESPN) <a href=\"https:\/\/twitter.com\/SC_ESPN\/status\/2049652868559388990?ref_src=twsrc%5Etfw\">April 30, 2026<\/a><\/p><\/blockquote><\/div>\n<div id=\"element-body-2\" readability=\"61\">\n<p>La jugada se dio a los 17 minutos del primer tiempo, Ezequiel Piovi intent\u00f3 un quite desde atr\u00e1s sobre el uruguayo y lo termin\u00f3 derribando. Si bien no fue una infracci\u00f3n de gravedad, el mediocampista rod\u00f3 sobre su hombro derecho. Intent\u00f3 continuar pero el dolor no se le permiti\u00f3. <\/p>\n<\/div>\n<div id=\"element-body-3\" readability=\"60\">\n<p>Tratando de no mover la zona, De Arrascaeta tuvo que ser retirado del campo y sustituido por Jorge Carrascal. El departamento de prensa de Flamengo comunic\u00f3 que por un traumatismo en su hombro derecho el jugador fue trasladado al Instituto M\u00e9dico Platense a realizarse ex\u00e1menes.<\/p>\n<\/div>\n<div id=\"element-body-4\" readability=\"60\">\n<p>Y el diagn\u00f3stico fue claro: \u201cTras un examen de imagen realizado en un hospital local, se confirm\u00f3 fractura en la clav\u00edcula derecha de Arrascaeta. El jugador regresar\u00e1 a R\u00edo de Janeiro en la madrugada de este jueves (30) junto con el resto de la delegaci\u00f3n\u201d.<\/p>\n<\/div>\n<div id=\"element-body-6\" readability=\"63\">\n<p>La clave para saber si llega o no al Mundial 2026 ser\u00e1 esperar <strong>la cirug\u00eda que se realizar\u00e1 este mismo jueves<\/strong>, seg\u00fan revel\u00f3 su compa\u00f1ero <strong>Agust\u00edn Rossi <\/strong>en la zona mixta, antes de retornar a R\u00edo de Janeiro. De Arrascaeta ha sido clave en la Selecci\u00f3n de Marcelo Bielsa, con <strong>tres goles en 17 partidos <\/strong>durante el ciclo.<\/p>\n<\/div>\n<div id=\"element-body-7\" readability=\"62\">\n<p>Parad\u00f3jicamente, en una entrevista publicada el martes al recibir el premio al mejor jugador de la temporada del Brasileir\u00e3o, por parte del portal especializado en mercado <em>Transfermrkt<\/em>, <strong>De Arrascaeta declar\u00f3 no tener miedo de lesionarse<\/strong>. <\/p>\n<\/div>\n<div id=\"element-body-8\" readability=\"64\">\n<p>\u00abNos enfrentamos a esto todos los d\u00edas, en los entrenamientos y en los partidos. No hay forma de medirlo. Es algo natural en el f\u00fatbol. Siempre ha pasado. Los jugadores se lesionan y pueden perderse el Mundial, las finales. Forma parte del f\u00fatbol y tenemos que lidiar con ello. Depende de nosotros prepararnos bien, pero el destino no se puede predecir\u00bb, confes\u00f3.<\/p>\n<\/div>\n<div id=\"element-body-9\" readability=\"60\">\n<p>Uruguay debutar\u00e1 el lunes <strong>15 de junio contra Arabia Saudita<\/strong> en un grupo H en el que adem\u00e1s enfrentar\u00e1 a <strong>Cabo Verde<\/strong> y <strong>Espa\u00f1a<\/strong>. El segundo de esta zona enfrentar\u00eda al primero de la de Argentina, en 16avos de final.<\/p>\n<\/div>\n","protected":false},"excerpt":{"rendered":"<p>Marcelo Bielsa se agarra la cabeza, se lamenta y se persigna. Es una imagen figurada, imaginaria, pero probablemente muy cierta despu\u00e9s de la confirmaci\u00f3n de que el mediocampista uruguayo Giorgian De Arrascaeta se fractur\u00f3 la clav\u00edcula derecha a 47 d\u00edas del Mundial 2026. Fue en el empate entre Estudiantes de La Plata y Flamengo, por [&hellip;]<\/p>\n","protected":false},"author":1,"featured_media":190795,"comment_status":"closed","ping_status":"closed","sticky":false,"template":"","format":"standard","meta":[],"categories":[20],"tags":[],"_links":{"self":[{"href":"http:\/\/cordobainforma.info\/index.php\/wp-json\/wp\/v2\/posts\/190794"}],"collection":[{"href":"http:\/\/cordobainforma.info\/index.php\/wp-json\/wp\/v2\/posts"}],"about":[{"href":"http:\/\/cordobainforma.info\/index.php\/wp-json\/wp\/v2\/types\/post"}],"author":[{"embeddable":true,"href":"http:\/\/cordobainforma.info\/index.php\/wp-json\/wp\/v2\/users\/1"}],"replies":[{"embeddable":true,"href":"http:\/\/cordobainforma.info\/index.php\/wp-json\/wp\/v2\/comments?post=190794"}],"version-history":[{"count":0,"href":"http:\/\/cordobainforma.info\/index.php\/wp-json\/wp\/v2\/posts\/190794\/revisions"}],"wp:featuredmedia":[{"embeddable":true,"href":"http:\/\/cordobainforma.info\/index.php\/wp-json\/wp\/v2\/media\/190795"}],"wp:attachment":[{"href":"http:\/\/cordobainforma.info\/index.php\/wp-json\/wp\/v2\/media?parent=190794"}],"wp:term":[{"taxonomy":"category","embeddable":true,"href":"http:\/\/cordobainforma.info\/index.php\/wp-json\/wp\/v2\/categories?post=190794"},{"taxonomy":"post_tag","embeddable":true,"href":"http:\/\/cordobainforma.info\/index.php\/wp-json\/wp\/v2\/tags?post=190794"}],"curies":[{"name":"wp","href":"https:\/\/api.w.org\/{rel}","templated":true}]}}