{"id":190792,"date":"2026-04-30T00:47:25","date_gmt":"2026-04-30T00:47:25","guid":{"rendered":"https:\/\/somoscordobeses.com\/2026\/04\/29\/santa-maria-de-punilla-suma-iluminacion-led-en-barrio-villa-bustos\/"},"modified":"2026-04-30T00:47:25","modified_gmt":"2026-04-30T00:47:25","slug":"santa-maria-de-punilla-suma-iluminacion-led-en-barrio-villa-bustos","status":"publish","type":"post","link":"http:\/\/cordobainforma.info\/index.php\/2026\/04\/30\/santa-maria-de-punilla-suma-iluminacion-led-en-barrio-villa-bustos\/","title":{"rendered":"Santa Mar\u00eda de Punilla suma iluminaci\u00f3n LED en barrio Villa Bustos"},"content":{"rendered":"<div><img src=\"http:\/\/cordobainforma.info\/wp-content\/uploads\/2026\/04\/santa-maria-de-punilla-suma-iluminacion-led-en-barrio-villa-bustos.jpg\" class=\"ff-og-image-inserted\"><\/div>\n<div class=\"tdb-block-inner td-fix-index\" readability=\"22\">\n<p><strong>El municipio contin\u00faa con el plan de mejoras en alumbrado p\u00fablico. Esta semana se completaron dos nuevas cuadras con columnas met\u00e1licas y luces LED en la calle San Jos\u00e9.<\/strong><\/p>\n<p>El gobierno municipal de Santa Mar\u00eda de Punilla avanza con las obras de alumbrado p\u00fablico. Durante esta semana, se trabaj\u00f3 en la colocaci\u00f3n de columnas met\u00e1licas y nuevas luminarias LED en la calle San Jos\u00e9, sumando dos nuevas cuadras de iluminaci\u00f3n en el barrio Villa Bustos.<\/p>\n<p>Las tareas se completaron en el tramo comprendido desde calle Echeverr\u00eda hasta Horacio Quiroga, y en calle San Jos\u00e9, desde Horacio Quiroga hasta Leopoldo Lugones. La nueva tecnolog\u00eda LED permite un mayor rendimiento lum\u00ednico y un menor consumo energ\u00e9tico, contribuyendo a la seguridad vial y peatonal de la zona.<\/p>\n<\/div>\n","protected":false},"excerpt":{"rendered":"<p>El municipio contin\u00faa con el plan de mejoras en alumbrado p\u00fablico. Esta semana se completaron dos nuevas cuadras con columnas met\u00e1licas y luces LED en la calle San Jos\u00e9. El gobierno municipal de Santa Mar\u00eda de Punilla avanza con las obras de alumbrado p\u00fablico. Durante esta semana, se trabaj\u00f3 en la colocaci\u00f3n de columnas met\u00e1licas [&hellip;]<\/p>\n","protected":false},"author":1,"featured_media":190793,"comment_status":"closed","ping_status":"closed","sticky":false,"template":"","format":"standard","meta":[],"categories":[2],"tags":[],"_links":{"self":[{"href":"http:\/\/cordobainforma.info\/index.php\/wp-json\/wp\/v2\/posts\/190792"}],"collection":[{"href":"http:\/\/cordobainforma.info\/index.php\/wp-json\/wp\/v2\/posts"}],"about":[{"href":"http:\/\/cordobainforma.info\/index.php\/wp-json\/wp\/v2\/types\/post"}],"author":[{"embeddable":true,"href":"http:\/\/cordobainforma.info\/index.php\/wp-json\/wp\/v2\/users\/1"}],"replies":[{"embeddable":true,"href":"http:\/\/cordobainforma.info\/index.php\/wp-json\/wp\/v2\/comments?post=190792"}],"version-history":[{"count":0,"href":"http:\/\/cordobainforma.info\/index.php\/wp-json\/wp\/v2\/posts\/190792\/revisions"}],"wp:featuredmedia":[{"embeddable":true,"href":"http:\/\/cordobainforma.info\/index.php\/wp-json\/wp\/v2\/media\/190793"}],"wp:attachment":[{"href":"http:\/\/cordobainforma.info\/index.php\/wp-json\/wp\/v2\/media?parent=190792"}],"wp:term":[{"taxonomy":"category","embeddable":true,"href":"http:\/\/cordobainforma.info\/index.php\/wp-json\/wp\/v2\/categories?post=190792"},{"taxonomy":"post_tag","embeddable":true,"href":"http:\/\/cordobainforma.info\/index.php\/wp-json\/wp\/v2\/tags?post=190792"}],"curies":[{"name":"wp","href":"https:\/\/api.w.org\/{rel}","templated":true}]}}