{"id":190790,"date":"2026-04-30T01:35:37","date_gmt":"2026-04-30T01:35:37","guid":{"rendered":"https:\/\/somoscordobeses.com\/2026\/04\/29\/una-calle-del-parque-sarmiento-ahora-lleva-el-nombre-de-otilia-lescano-de-alganaraz\/"},"modified":"2026-04-30T01:35:37","modified_gmt":"2026-04-30T01:35:37","slug":"una-calle-del-parque-sarmiento-ahora-lleva-el-nombre-de-otilia-lescano-de-alganaraz","status":"publish","type":"post","link":"http:\/\/cordobainforma.info\/index.php\/2026\/04\/30\/una-calle-del-parque-sarmiento-ahora-lleva-el-nombre-de-otilia-lescano-de-alganaraz\/","title":{"rendered":"Una calle del Parque Sarmiento ahora lleva el nombre de Otilia Lescano de Alga\u00f1araz"},"content":{"rendered":"<div><img src=\"http:\/\/cordobainforma.info\/wp-content\/uploads\/2026\/04\/una-calle-del-parque-sarmiento-ahora-lleva-el-nombre-de-otilia-lescano-de-alganaraz.jpg\" class=\"ff-og-image-inserted\"><\/div>\n<div class=\"tdb-block-inner td-fix-index\" readability=\"48\">\n<p><strong>La Municipalidad de C\u00f3rdoba coloc\u00f3 la carteler\u00eda que da nombre a una calle del Parque Sarmiento en homenaje a Otilia Lescano de Alga\u00f1araz, fundadora de la filial local de Abuelas de Plaza de Mayo.<\/strong><\/p>\n<p>Este mi\u00e9rcoles se coloc\u00f3 la carteler\u00eda municipal para que una calle del Parque Sarmiento lleve el nombre de Otilia Lescano de Alga\u00f1araz, una de las fundadoras de la filial C\u00f3rdoba de Abuelas de Plaza de Mayo. La iniciativa hab\u00eda sido aprobada en el Concejo Deliberante a mediados de 2024.<\/p>\n<p>La calle que lleva su nombre es la que rodea a la Isla Crisol y al lago del Parque. Adem\u00e1s, la v\u00eda (que se llamaba Calle P\u00fablica) est\u00e1 cerca de la direcci\u00f3n de Derechos Humanos. \u201cPonerle el nombre de Otilia significa colocar un nombre que nos da una referencia a las luchas por la Memoria, Verdad y Justicia, por una sociedad m\u00e1s justa en favor del Nunca M\u00e1s\u201d, expres\u00f3 Guillermo Ruibal, director de Derechos Humanos de la Municipalidad, a Canal 10.<\/p>\n<p>La actividad y la coordinaci\u00f3n de la colocaci\u00f3n de la carteler\u00eda forma parte de las actividades que promociona la comisi\u00f3n a cargo de la conmemoraci\u00f3n por los 50 a\u00f1os del \u00faltimo golpe c\u00edvico militar. \u201cEl nombre de Otilia es fundamental para entender las luchas y la restituci\u00f3n de los nietos y las nietas\u201d, se\u00f1al\u00f3 Ruibal.<\/p>\n<p>Otilia Lescano de Alga\u00f1araz naci\u00f3 en La Banda, provincia de Santiago del Estero, y de muy joven se vino a C\u00f3rdoba. Aqu\u00ed cri\u00f3 a sus cinco hijos. Fue profesora de m\u00fasica por m\u00e1s de 30 a\u00f1os y delegada gremial docente. Su segundo hijo, Justino C\u00e9sar, fue asesinado por las balas militares en 1975. Trist\u00e1n, el mayor, fue detenido y permaneci\u00f3 largo tiempo como preso pol\u00edtico. Tras la desaparici\u00f3n de Mecha, en 1977, Otilia pas\u00f3 d\u00edas y d\u00edas llorando, hasta que una ma\u00f1ana se despert\u00f3 resuelta: \u00abBasta de l\u00e1grimas\u00bb, se dijo, y sali\u00f3 a la calle a luchar por sus hijos y sus nietos.<\/p>\n<\/div>\n","protected":false},"excerpt":{"rendered":"<p>La Municipalidad de C\u00f3rdoba coloc\u00f3 la carteler\u00eda que da nombre a una calle del Parque Sarmiento en homenaje a Otilia Lescano de Alga\u00f1araz, fundadora de la filial local de Abuelas de Plaza de Mayo. Este mi\u00e9rcoles se coloc\u00f3 la carteler\u00eda municipal para que una calle del Parque Sarmiento lleve el nombre de Otilia Lescano de [&hellip;]<\/p>\n","protected":false},"author":1,"featured_media":190791,"comment_status":"closed","ping_status":"closed","sticky":false,"template":"","format":"standard","meta":[],"categories":[2],"tags":[],"_links":{"self":[{"href":"http:\/\/cordobainforma.info\/index.php\/wp-json\/wp\/v2\/posts\/190790"}],"collection":[{"href":"http:\/\/cordobainforma.info\/index.php\/wp-json\/wp\/v2\/posts"}],"about":[{"href":"http:\/\/cordobainforma.info\/index.php\/wp-json\/wp\/v2\/types\/post"}],"author":[{"embeddable":true,"href":"http:\/\/cordobainforma.info\/index.php\/wp-json\/wp\/v2\/users\/1"}],"replies":[{"embeddable":true,"href":"http:\/\/cordobainforma.info\/index.php\/wp-json\/wp\/v2\/comments?post=190790"}],"version-history":[{"count":0,"href":"http:\/\/cordobainforma.info\/index.php\/wp-json\/wp\/v2\/posts\/190790\/revisions"}],"wp:featuredmedia":[{"embeddable":true,"href":"http:\/\/cordobainforma.info\/index.php\/wp-json\/wp\/v2\/media\/190791"}],"wp:attachment":[{"href":"http:\/\/cordobainforma.info\/index.php\/wp-json\/wp\/v2\/media?parent=190790"}],"wp:term":[{"taxonomy":"category","embeddable":true,"href":"http:\/\/cordobainforma.info\/index.php\/wp-json\/wp\/v2\/categories?post=190790"},{"taxonomy":"post_tag","embeddable":true,"href":"http:\/\/cordobainforma.info\/index.php\/wp-json\/wp\/v2\/tags?post=190790"}],"curies":[{"name":"wp","href":"https:\/\/api.w.org\/{rel}","templated":true}]}}