{"id":190788,"date":"2026-04-28T20:15:02","date_gmt":"2026-04-28T20:15:02","guid":{"rendered":"https:\/\/www.escribiendocine.com\/noticias\/2026\/04\/28\/22074-todos-los-ganadores-de-canneseries-2026"},"modified":"2026-04-28T20:15:02","modified_gmt":"2026-04-28T20:15:02","slug":"todos-los-ganadores-de-canneseries-2026","status":"publish","type":"post","link":"http:\/\/cordobainforma.info\/index.php\/2026\/04\/28\/todos-los-ganadores-de-canneseries-2026\/","title":{"rendered":"Todos los ganadores de Canneseries 2026"},"content":{"rendered":"<div class=\"media_block\"><\/div>\n<div><img src=\"http:\/\/cordobainforma.info\/wp-content\/uploads\/2026\/04\/todos-los-ganadores-de-canneseries-2026.jpg\" class=\"ff-og-image-inserted\"><\/div>\n<div readability=\"22.621621621622\">\n<div class=\"col-xs-12 col-sm-6 col-md-12 col-lg-3 no-padding col-der\" readability=\"7\">\n<p> <span class=\"fecha\">martes 28 de abril de 2026 <\/span> <\/p>\n<\/p><\/div><\/div>\n<div readability=\"89.716900200172\">\n<p>La serie espa\u00f1ola <strong>Yo siempre a veces<\/strong> se llev\u00f3 este martes el premio a mejor guion en el festival <a href=\"https:\/\/canneseries.com\/en\/awards\" target=\"_blank\" rel=\"noopener noreferrer\">Canneseries<\/a>, consolidando la proyecci\u00f3n internacional de una producci\u00f3n que, desde su concepci\u00f3n, se present\u00f3 como un relato \u00edntimo con anclaje en experiencias reconocibles.<\/p>\n<p>El reconocimiento recay\u00f3 en el equipo de guion integrado por Marta Bassols, Marta Loza y Almudena Monz\u00fa. Se trata de la primera incursi\u00f3n de Bassols y Loza como creadoras, un dato que el propio festival subray\u00f3 al destacar la singularidad de la propuesta dentro de la competencia oficial.<\/p>\n<p>La ficci\u00f3n, estructurada en seis episodios, sigue a Laura, interpretada por Ana Boga, quien enfrenta una maternidad inesperada tras un v\u00ednculo reciente con Rub\u00e9n, personaje de David Men\u00e9ndez. El relato no se limita a la experiencia materna sino que articula una serie de tensiones que dialogan con la incertidumbre, los v\u00ednculos afectivos y las decisiones atravesadas por el tiempo inmediato. Seg\u00fan Bassols, la historia interpela desde una herida latente, independientemente de la experiencia personal del espectador.<\/p>\n<p>Desde la organizaci\u00f3n del festival, la directora art\u00edstica adjunta Claire-Marine Pi\u00e9triga se\u00f1al\u00f3 que el jurado valor\u00f3 la construcci\u00f3n del guion, en particular la estructura de los primeros episodios, donde se despliega una dualidad narrativa que sostiene el desarrollo posterior. En esa lectura, el reconocimiento no responde solo a la tem\u00e1tica sino a una l\u00f3gica interna que organiza el relato.<\/p>\n<p>La serie tuvo su estreno internacional en Cannes el pasado domingo, en una funci\u00f3n que funcion\u00f3 como presentaci\u00f3n ante la industria y la prensa especializada. La producci\u00f3n, coproducida por Movistar Plus+, ya se encuentra disponible en la plataforma, lo que refuerza su circulaci\u00f3n m\u00e1s all\u00e1 del circuito de festivales.<\/p>\n<p>En la competencia oficial, <strong>Yo siempre a veces<\/strong> comparti\u00f3 selecci\u00f3n con otras siete producciones, entre ellas la espa\u00f1ola <strong>Se tiene que morir mucha gente<\/strong>, tambi\u00e9n de Movistar Plus+, basada en la novela de Victoria Mart\u00edn. La serie propone una narrativa coral centrada en tres amigas que reconfiguran su v\u00ednculo en la adultez.<\/p>\n<p>La principal distinci\u00f3n del festival fue para la serie brit\u00e1nica <strong>Alice and Steve<\/strong>, que obtuvo los premios a mejor serie y mejor interpretaci\u00f3n especial, consolid\u00e1ndose como el t\u00edtulo m\u00e1s destacado de la edici\u00f3n. Seg\u00fan Pi\u00e9triga, el jurado valor\u00f3 su capacidad de generar continuidad emocional y expectativa narrativa.<\/p>\n<p>En las categor\u00edas actorales, la finlandesa Roosa S\u00f6derholm fue premiada por su trabajo en <strong>Guts<\/strong>, mientras que la serie sueca <strong>Summer of 1985 <\/strong>recibi\u00f3 el galard\u00f3n a mejor banda sonora. En el apartado de formatos, la belga <strong>BOHO<\/strong> fue reconocida como mejor miniserie y T<strong>he deal with Iran <\/strong>como mejor serie documental.<\/p>\n<p>El premio a Y<strong>o siempre a veces<\/strong> se inscribe en un contexto de expansi\u00f3n de la ficci\u00f3n espa\u00f1ola en festivales internacionales. La presencia de nombres asociados a Javier Calvo y Javier Ambrossi, conocidos como Los Javis, funciona como punto de anclaje para un modelo de producci\u00f3n que combina autor\u00eda, industria y circulaci\u00f3n global.<\/p>\n<p>La recepci\u00f3n en Canneseries introduce un nuevo cap\u00edtulo para una serie que, desde su escala inicial, logra instalarse en una conversaci\u00f3n m\u00e1s amplia sobre los modos de narrar experiencias personales dentro de formatos seriales. En ese desplazamiento, el guion aparece como eje de legitimaci\u00f3n y como herramienta para sostener el tr\u00e1nsito entre lo \u00edntimo y lo colectivo.<\/p>\n<\/p><\/div>\n","protected":false},"excerpt":{"rendered":"<p>martes 28 de abril de 2026 La serie espa\u00f1ola Yo siempre a veces se llev\u00f3 este martes el premio a mejor guion en el festival Canneseries, consolidando la proyecci\u00f3n internacional de una producci\u00f3n que, desde su concepci\u00f3n, se present\u00f3 como un relato \u00edntimo con anclaje en experiencias reconocibles. El reconocimiento recay\u00f3 en el equipo de [&hellip;]<\/p>\n","protected":false},"author":1,"featured_media":190789,"comment_status":"open","ping_status":"closed","sticky":false,"template":"","format":"standard","meta":[],"categories":[21],"tags":[],"_links":{"self":[{"href":"http:\/\/cordobainforma.info\/index.php\/wp-json\/wp\/v2\/posts\/190788"}],"collection":[{"href":"http:\/\/cordobainforma.info\/index.php\/wp-json\/wp\/v2\/posts"}],"about":[{"href":"http:\/\/cordobainforma.info\/index.php\/wp-json\/wp\/v2\/types\/post"}],"author":[{"embeddable":true,"href":"http:\/\/cordobainforma.info\/index.php\/wp-json\/wp\/v2\/users\/1"}],"replies":[{"embeddable":true,"href":"http:\/\/cordobainforma.info\/index.php\/wp-json\/wp\/v2\/comments?post=190788"}],"version-history":[{"count":0,"href":"http:\/\/cordobainforma.info\/index.php\/wp-json\/wp\/v2\/posts\/190788\/revisions"}],"wp:featuredmedia":[{"embeddable":true,"href":"http:\/\/cordobainforma.info\/index.php\/wp-json\/wp\/v2\/media\/190789"}],"wp:attachment":[{"href":"http:\/\/cordobainforma.info\/index.php\/wp-json\/wp\/v2\/media?parent=190788"}],"wp:term":[{"taxonomy":"category","embeddable":true,"href":"http:\/\/cordobainforma.info\/index.php\/wp-json\/wp\/v2\/categories?post=190788"},{"taxonomy":"post_tag","embeddable":true,"href":"http:\/\/cordobainforma.info\/index.php\/wp-json\/wp\/v2\/tags?post=190788"}],"curies":[{"name":"wp","href":"https:\/\/api.w.org\/{rel}","templated":true}]}}