{"id":190786,"date":"2026-04-29T06:53:11","date_gmt":"2026-04-29T06:53:11","guid":{"rendered":"http:\/\/cordobainforma.info\/index.php\/2026\/04\/29\/trump-podria-enfrentarse-a-juicio-si-no-termina-su-ofensiva-contra-iran-antes-de-esta-fecha\/"},"modified":"2026-04-29T06:53:11","modified_gmt":"2026-04-29T06:53:11","slug":"trump-podria-enfrentarse-a-juicio-si-no-termina-su-ofensiva-contra-iran-antes-de-esta-fecha","status":"publish","type":"post","link":"http:\/\/cordobainforma.info\/index.php\/2026\/04\/29\/trump-podria-enfrentarse-a-juicio-si-no-termina-su-ofensiva-contra-iran-antes-de-esta-fecha\/","title":{"rendered":"Trump podr\u00eda enfrentarse a juicio si no termina su ofensiva contra Ir\u00e1n antes de esta fecha"},"content":{"rendered":"<p><img src=\"http:\/\/cordobainforma.info\/wp-content\/uploads\/2026\/04\/trump-podria-enfrentarse-a-juicio-si-no-termina-su-ofensiva-contra-iran-antes-de-esta-fecha.jpg\"><\/p>\n<p>Los legisladores dem\u00f3cratas estadounidenses est\u00e1n considerando la posibilidad de presentar <strong>una demanda<\/strong> contra <strong>Donald Trump<\/strong>&nbsp;si el presidente estadounidense contin\u00faa con su <strong>agresi\u00f3n masiva contra Ir\u00e1n sin la aprobaci\u00f3n del Congreso<\/strong>, inform\u00f3 <a href=\"https:\/\/time.com\/article\/2026\/04\/28\/exclusive-democrats-explore-suing-trump-if-congress-doesn-t-authorize-iran-war\/\" target=\"_blank\" rel=\"noopener noreferrer\">Time<\/a> este martes citando a personas familiarizadas con el asunto.&nbsp;<\/p>\n<p>El medio precisa que, en virtud de la Ley de Poderes de Guerra establecida en 1973, los presidentes estadounidenses deben poner fin a las operaciones militares no autorizadas <strong>en un plazo de 60 d\u00edas<\/strong>, disponiendo de una \u00fanica pr\u00f3rroga de 30 d\u00edas en el caso de haber notificado al Congreso sobre la necesidad de tiempo adicional para garantizar la retirada segura de las tropas.&nbsp;<\/p>\n<div class=\"ReadMore-root Section-root Section-is1to3-xs_is1to1\" data-widgets=\"ReadMore\">\n<div class=\"Section-container Section-isRow-isTop-isWrap\">\n<article class=\"Card-root Card-is1to1 Card-default\">\n<div class=\"Card-imageWrap\">\n<div class=\"Card-picture\"> <picture class=\"Picture-root Picture-default\"><!--[if IE 9]><video style=\"display: none;\"><![endif]--><source media=\"(-webkit-min-device-pixel-ratio: 2) and (min-resolution: 120dpi)\" srcset=\"http:\/\/cordobainforma.info\/wp-content\/uploads\/2026\/04\/trump-podria-enfrentarse-a-juicio-si-no-termina-su-ofensiva-contra-iran-antes-de-esta-fecha-2.jpg 850w, http:\/\/cordobainforma.info\/wp-content\/uploads\/2026\/04\/trump-podria-enfrentarse-a-juicio-si-no-termina-su-ofensiva-contra-iran-antes-de-esta-fecha-3.jpg 1960w\"><source srcset=\"http:\/\/cordobainforma.info\/wp-content\/uploads\/2026\/04\/trump-podria-enfrentarse-a-juicio-si-no-termina-su-ofensiva-contra-iran-antes-de-esta-fecha-2.jpg, https:\/\/actualidad.rt.com\/actualidad\/460, http:\/\/cordobainforma.info\/wp-content\/uploads\/2026\/04\/trump-podria-enfrentarse-a-juicio-si-no-termina-su-ofensiva-contra-iran-antes-de-esta-fecha-3.jpg 980w\"><!--[if IE 9]><\/video><![endif]--><img data-sizes=\"auto\" src=\"http:\/\/cordobainforma.info\/wp-content\/uploads\/2026\/04\/trump-podria-enfrentarse-a-juicio-si-no-termina-su-ofensiva-contra-iran-antes-de-esta-fecha-2.jpg\" class=\"Picture-root Picture-default lazyload\" alt=\"Esta es la descomunal cifra actual que le cuesta a EE.UU. su guerra contra Ir\u00e1n\"><\/picture><!-- noscript pattern --><noscript><img src=\"http:\/\/cordobainforma.info\/wp-content\/uploads\/2026\/04\/trump-podria-enfrentarse-a-juicio-si-no-termina-su-ofensiva-contra-iran-antes-de-esta-fecha-3.jpg\" alt=\"Esta es la descomunal cifra actual que le cuesta a EE.UU. su guerra contra Ir\u00e1n\"><\/noscript> <\/div><\/div>\n<\/article><\/div><\/div>\n<p>Hasta la fecha, <strong>el Congreso no ha aprobado ninguna autorizaci\u00f3n para el uso de la fuerza militar relacionada con Ir\u00e1n<\/strong>, y la Administraci\u00f3n Trump tampoco ha manifestado su deseo de solicitarla. Teniendo en cuenta que Trump notific\u00f3 formalmente al Congreso sobre los ataques contra el pa\u00eds persa el 2 de marzo, <strong>dispone del plazo legal hasta el 1 de mayo<\/strong> para continuar la guerra sin necesidad de aprobaci\u00f3n legislativa.<\/p>\n<p>Debido a ello, los dem\u00f3cratas&nbsp;de la C\u00e1mara de Representantes y el Senado&nbsp;consideran&nbsp;que el plazo de 60 d\u00edas que est\u00e1 a punto de expirar podr\u00eda ser su <strong>mejor oportunidad para impugnar una guerra<\/strong> que, consideran,<strong> se inici\u00f3 ilegalmente<\/strong> y se mantuvo&nbsp;sin supervisi\u00f3n efectiva&nbsp;por parte del Congreso.<\/p>\n<p>\u00ab<strong>Hay que explorar la posibilidad de emprender acciones legales<\/strong>\u00ab, afirm\u00f3 el senador Richard Blumenthal de Connecticut, un abogado que forma parte de los comit\u00e9s de Asuntos Judiciales y de Servicios Armados. \u00abHay que hacerle frente ante la ilegalidad, y los tribunales son una v\u00eda para hacerlo\u00bb, manifest\u00f3.<\/p>\n<p>De acuerdo con el art\u00edculo, los debates internos sobre la posibilidad de presentar una demanda contra Trump a\u00fan se encuentran en <strong>una fase inicial<\/strong>, pero podr\u00edan intensificarse en las pr\u00f3ximas semanas si el mandatario sigue adelante con&nbsp;su agresi\u00f3n contra Ir\u00e1n a partir&nbsp;del 1 de mayo.<\/p>\n<p><strong><em><a href=\"https:\/\/actualidad.rt.com\/actualidad\/601966-trump-anuncia-derrota-iran-este-advierte\" target=\"_blank\" rel=\"noopener noreferrer\">MINUTO A MINUTO<\/a>:&nbsp;Trump anuncia otra vez la derrota de Ir\u00e1n, que advierte que la guerra no ha terminado<\/em><\/strong><\/p>\n","protected":false},"excerpt":{"rendered":"<p>Los legisladores dem\u00f3cratas estadounidenses est\u00e1n considerando la posibilidad de presentar una demanda contra Donald Trump&nbsp;si el presidente estadounidense contin\u00faa con su agresi\u00f3n masiva contra Ir\u00e1n sin la aprobaci\u00f3n del Congreso, inform\u00f3 Time este martes citando a personas familiarizadas con el asunto.&nbsp; El medio precisa que, en virtud de la Ley de Poderes de Guerra establecida [&hellip;]<\/p>\n","protected":false},"author":1,"featured_media":190787,"comment_status":"closed","ping_status":"closed","sticky":false,"template":"","format":"standard","meta":[],"categories":[22],"tags":[],"_links":{"self":[{"href":"http:\/\/cordobainforma.info\/index.php\/wp-json\/wp\/v2\/posts\/190786"}],"collection":[{"href":"http:\/\/cordobainforma.info\/index.php\/wp-json\/wp\/v2\/posts"}],"about":[{"href":"http:\/\/cordobainforma.info\/index.php\/wp-json\/wp\/v2\/types\/post"}],"author":[{"embeddable":true,"href":"http:\/\/cordobainforma.info\/index.php\/wp-json\/wp\/v2\/users\/1"}],"replies":[{"embeddable":true,"href":"http:\/\/cordobainforma.info\/index.php\/wp-json\/wp\/v2\/comments?post=190786"}],"version-history":[{"count":0,"href":"http:\/\/cordobainforma.info\/index.php\/wp-json\/wp\/v2\/posts\/190786\/revisions"}],"wp:featuredmedia":[{"embeddable":true,"href":"http:\/\/cordobainforma.info\/index.php\/wp-json\/wp\/v2\/media\/190787"}],"wp:attachment":[{"href":"http:\/\/cordobainforma.info\/index.php\/wp-json\/wp\/v2\/media?parent=190786"}],"wp:term":[{"taxonomy":"category","embeddable":true,"href":"http:\/\/cordobainforma.info\/index.php\/wp-json\/wp\/v2\/categories?post=190786"},{"taxonomy":"post_tag","embeddable":true,"href":"http:\/\/cordobainforma.info\/index.php\/wp-json\/wp\/v2\/tags?post=190786"}],"curies":[{"name":"wp","href":"https:\/\/api.w.org\/{rel}","templated":true}]}}