{"id":190780,"date":"2026-04-26T07:37:11","date_gmt":"2026-04-26T07:37:11","guid":{"rendered":"https:\/\/www.mujerhoy.com\/vivir\/gastronomia\/atun-rojo-salvaje-temporada-2026-recomendaciones-aponiente-angel-leon-campero-fuentes-20260426145904-nt.html"},"modified":"2026-04-26T07:37:11","modified_gmt":"2026-04-26T07:37:11","slug":"del-mar-a-la-mesa-los-secretos-de-la-temporada-de-atun-rojo-salvaje-el-pez-mas-famoso-del-mundo","status":"publish","type":"post","link":"http:\/\/cordobainforma.info\/index.php\/2026\/04\/26\/del-mar-a-la-mesa-los-secretos-de-la-temporada-de-atun-rojo-salvaje-el-pez-mas-famoso-del-mundo\/","title":{"rendered":"Del mar a la mesa: los secretos de la temporada de at\u00fan rojo salvaje, el pez m\u00e1s famoso del mundo"},"content":{"rendered":"<div class=\"media_block\"><\/div>\n<p><!-- AUTHOR --><\/p>\n<div class=\"voc-author-timesocial \">\n<!-- AUTHOR --><\/p>\n<div class=\"voc-author-timesocial__signature \">\n<!-- IMAGE AUTHOR -->\n<picture class=\"voc-image-signature\">\n<img class=\"voc-image-signature__img\" src=\"http:\/\/cordobainforma.info\/wp-content\/uploads\/2026\/04\/del-mar-a-la-mesa-los-secretos-de-la-temporada-de-atun-rojo-salvaje-el-pez-mas-famoso-del-mundo.jpg\" alt=\"Alo\u00f1a Fdez. Larrechi\">\n<\/picture>\n<!-- INFO AUTHOR --> <\/div><\/div>\n<p><!-- COMPONENTS --><\/p>\n<p class=\"voc-paragraph\">Amanece en Barbate (C\u00e1diz). Son poco m\u00e1s de las siete de la ma\u00f1ana y en el puerto de la localidad hay un ajetreo constante, con los pescadores prepar\u00e1ndose para subir a los barcos. A unas millas de la costa, el laberinto de redes con el que se realiza la almadraba est\u00e1 listo. Desde hace unos d\u00edas y hasta mediados de junio, miles de ejemplares de <a href=\"https:\/\/www.mujerhoy.com\/vivir\/gastronomia\/donde-comer-atun-tartar-madrid-bugao-casa-fieras-tatun-20220816120007-nt.html\" title=\"www.mujerhoy.com\" data-voc-vtm-id=\"in-text-traffic\" data-mrf-link=\"www.mujerhoy.com\">at\u00fan rojo<\/a> pasan por el Estrecho de Gibraltar en su camino natural hacia el desove, un viaje que les lleva a recorrer seis mil kil\u00f3metros desde el Atl\u00e1ntico norte hasta Baleares, Cerde\u00f1a y C\u00f3rcega. <strong>Comienza la temporada de at\u00fan rojo<\/strong> y todo est\u00e1 listo para llevar a <a href=\"https:\/\/www.mujerhoy.com\/vivir\/gastronomia\/restaurantes-recomendados-madrid-semana-santa-pasta-carne-dumplings-20260330190316-nt.html\" title=\"www.mujerhoy.com\" data-voc-vtm-id=\"in-text-traffic\" data-mrf-link=\"www.mujerhoy.com\">restaurantes<\/a> y pescader\u00edas los mejores ejemplares de este pez que, en los \u00faltimos a\u00f1os, ha visto crecer su importancia gastron\u00f3mica. <\/p>\n<p class=\"voc-paragraph\">Entre las embarcaciones que se preparan para hacerse a la mar se encuentran las del Grupo Ricardo Fuentes. Su fundador, Ricardo Fuentes Herrero, ya viajaba a la localidad gaditana en los a\u00f1os 80 para comprar <a href=\"https:\/\/www.mujerhoy.com\/vivir\/ocio\/vejer-de-la-frontera-cadiz-pueblo-blanco-verano-festival-jazz-20250625124741-nt.html\" title=\"www.mujerhoy.com\" data-voc-vtm-id=\"in-text-traffic\" data-mrf-link=\"www.mujerhoy.com\">at\u00fan rojo<\/a> que posteriormente vend\u00eda en su Cartagena (Murcia) natal. \u00abQuiso el destino \u2014explica Jos\u00e9 Mar\u00eda Donate, responsable del departamento de Marketing Corporativo de la compa\u00f1\u00eda\u2014 que los japoneses, que tambi\u00e9n compraban at\u00fan en esa <strong>almadraba<\/strong>, se interesasen por seguir la pista de las piezas que no consegu\u00edan comprar porque se llevaban otros. Ellos pensaban que don Ricardo ir\u00eda a alguna nave cercana pero se encontraron con que se desplazaba 600 kil\u00f3metros al norte, a La Palma (Murcia), donde cortaba los lomos y hac\u00eda mojamas y ventrescas en salmuera\u00bb.<\/p>\n<div class=\"v-c-cmp v-c-cmp--t1 \">\n<div class=\"v-cmp-rld v-cmp-rld--2 \">\n<div class=\"v-cnt-m v-cnt-m--m\">\n<div class=\"v-cnt-m__c\">\n<div class=\"v-cnt-m__w v-cnt-m__w--1\">\n<p class=\"v-cnt-m__t\">\nTAMBI\u00c9N TE INTERESA\n<\/p>\n<\/div>\n<\/div>\n<\/div>\n<div class=\"v-g v-g--2-c v-g--bdr-min-xs\">\n<div class=\"v-g__c \">\n<article class=\"v-a v-a--cmp-rld v-a--cmp-rld-2 v-a--p-l\">\n<div class=\"v-a-img-c\">\n<figure class=\"v-a-fig\">\n<a href=\"https:\/\/www.mujerhoy.com\/vivir\/gastronomia\/plan-gastro-recomendado-madrid-jueves-pintxos-el-buen-20260303232608-nt.html#vtm_modulosEngag=mod-rel:vivir:noticia:1:cmp:2-not\" class=\"v-a-link\" title=\"Jueves de pintxos: el planazo gastro perfecto para empezar los fines de semana en Madrid est\u00e1 en el barrio de Salamanca\"><br \/>\n<img loading=\"lazy\" class=\"v-a-img\" src=\"http:\/\/cordobainforma.info\/wp-content\/uploads\/2026\/04\/del-mar-a-la-mesa-los-secretos-de-la-temporada-de-atun-rojo-salvaje-el-pez-mas-famoso-del-mundo-1.jpg\" alt=\"Jueves de pintxos: el planazo gastro perfecto para empezar los fines de semana en Madrid est\u00e1 en el barrio de Salamanca\"><br \/>\n<\/a><br \/>\n<\/figure>\n<\/div>\n<\/article>\n<\/div>\n<div class=\"v-g__c \">\n<article class=\"v-a v-a--cmp-rld v-a--cmp-rld-2 v-a--p-l\">\n<div class=\"v-a-img-c\">\n<figure class=\"v-a-fig\">\n<a href=\"https:\/\/www.mujerhoy.com\/vivir\/gastronomia\/mateo-zielonka-chef-experto-pasta-trucos-coccion-libro-recetas-20260403123543-nt.html#vtm_modulosEngag=mod-rel:vivir:noticia:2:cmp:2-not\" class=\"v-a-link\" title=\"Mateo Zielonka, el nuevo gur\u00fa de la pasta: \u00abLa cocina conecta con la gente, sin importar de donde seas\u00bb\"><br \/>\n<img loading=\"lazy\" class=\"v-a-img\" src=\"http:\/\/cordobainforma.info\/wp-content\/uploads\/2026\/04\/del-mar-a-la-mesa-los-secretos-de-la-temporada-de-atun-rojo-salvaje-el-pez-mas-famoso-del-mundo-2.jpg\" alt=\"Mateo Zielonka, el nuevo gur\u00fa de la pasta: \u00abLa cocina conecta con la gente, sin importar de donde seas\u00bb\"><br \/>\n<\/a><br \/>\n<\/figure>\n<\/div>\n<\/article>\n<\/div>\n<\/div>\n<\/div>\n<\/div>\n<p class=\"voc-paragraph\">Superada la sorpresa inicial, el comprador nip\u00f3n y Fuentes Herrero llegaron a un acuerdo y de ah\u00ed naci\u00f3 la vinculaci\u00f3n de la empresa con el pa\u00eds del sol naciente. \u00abNuestros principales clientes (el 75% de las dieciocho mil toneladas que comercializamos) est\u00e1n en Jap\u00f3n, por eso decimos que somos <strong>el at\u00fan preferido de los japoneses<\/strong>. Poco a poco mejoramos las t\u00e9cnicas, los hijos se incorporaron a la gesti\u00f3n de la empresa y somos pioneros en la acuicultura del at\u00fan rojo\u00bb, detalla Donate. <\/p>\n<p><h3 class=\"v-cmp-suh\">\nPescado en Espa\u00f1a, cocinado en todo el mundo<br \/>\n<\/h3>\n<\/p>\n<p class=\"voc-paragraph\">Porque en el Grupo Ricardo Fuentes no se limitan a trabajar con este t\u00fanido durante la temporada, sino que \u00abdesde las islas Baleares <strong>llevamos el pescado a los viveros<\/strong> y lo alimentamos de forma natural, afin\u00e1ndolo para que tenga la calidad que el mercado japon\u00e9s exige\u00bb. <\/p>\n<div class=\"v-c-cmp \">\n<div class=\"v-cmp-m v-cmp-m--t1\">\n<article class=\"v-a v-a--cmp-m v-c-cmp--m-p\">\n<div class=\"v-a-img-c v-a-img-c--fw-xs\">\n<div class=\"v-a-fig\">\n<div class=\"v-a-link\">\n<img loading=\"lazy\" src=\"http:\/\/cordobainforma.info\/wp-content\/uploads\/2026\/04\/del-mar-a-la-mesa-los-secretos-de-la-temporada-de-atun-rojo-salvaje-el-pez-mas-famoso-del-mundo-3.jpg\" class=\"v-a-img\" width=\"650\" height=\"975\" alt=\"El lomo de at\u00fan de Fuentes El At\u00fan Rojo, de Grupo Ricardo Fuentes.\" data-voc-vtm-id=\"in-text-traffic\">\n<\/div><figcaption class=\"v-fc\">\n<span class=\"v-fc__t\"><br \/>\nEl lomo de at\u00fan de Fuentes El At\u00fan Rojo, de Grupo Ricardo Fuentes.<br \/>\n<\/span><br \/>\n<span class=\"v-fc__p\"><br \/>\nFUENTES<br \/>\n<\/span><br \/>\n<\/figcaption><\/div>\n<\/div>\n<\/article>\n<\/div>\n<\/div>\n<p class=\"voc-paragraph\">Esto es, que se pueda comer crudo, para lo que necesita \u00abtener <strong>grasa en sentido positivo<\/strong>: \u00e1cidos grasos omega-3 y omega-6. Hay estudios que demuestran que este tipo de grasa tiene m\u00e1s calidad en los atunes de vivero\u00bb, indica Donate. <\/p>\n<p class=\"voc-paragraph\">El Grupo Ricardo Fuentes es el mayor productor mundial de at\u00fan rojo del Mediterr\u00e1neo, que coloca en el mercado en funci\u00f3n de la demanda. \u00ab<strong>M\u00e1s del 80% del at\u00fan que comercializamos procede de la acuicultura<\/strong>, el resto es de almadraba. Pero, adem\u00e1s, disponemos de 4 barcos ultracongeladores cuyo producto se destina principalmente a Jap\u00f3n\u00bb. Estados Unidos, Corea del Sur o China son otros de sus mercados principales, una lista a la que se ha unido Espa\u00f1a, donde lo comercializan bajo la marca At\u00fan Rojo Fuentes desde hace cuatro a\u00f1os. \u00abEl consumo de at\u00fan rojo en nuestro pa\u00eds es elevado\u00bb, se\u00f1ala Donate. <\/p>\n<p><h3 class=\"v-cmp-suh\">\nOriente y occidente<br \/>\n<\/h3>\n<\/p>\n<p class=\"voc-paragraph\">De esto \u00faltimo sabe mucho Julio V\u00e1zquez, jefe de cocina de El Campero, que tras convertirse en toda una instituci\u00f3n en Barbate acaba de abrir un restaurante en el madrile\u00f1o barrio de Salamanca. En su carta \u00abpuede haber <strong>m\u00e1s de 65 platos de at\u00fan<\/strong>. Trabajamos con hasta 24 cortes distintos y cada uno tiene su propia textura y sabor\u00bb, explica el chef. Cuando abrieron sus puertas en la localidad gaditana, a finales de los a\u00f1os 80, fueron los japoneses quienes les ayudaron a convertirse en uno de los pocos restaurantes que, por aquel entonces, serv\u00edan at\u00fan rojo crudo, al estilo nip\u00f3n. <\/p>\n<div class=\"v-c-cmp v-c-cmp--s\">\n<div class=\"v-cmp-m \">\n<article class=\"v-a v-a--cmp-m v-c-cmp--m-z\">\n<div class=\"v-a-img-c \">\n<div class=\"v-a-fig\">\n<button class=\"v-a-link\" popovertarget=\"photo-461\"><br \/>\n<img loading=\"lazy\" src=\"http:\/\/cordobainforma.info\/wp-content\/uploads\/2026\/04\/del-mar-a-la-mesa-los-secretos-de-la-temporada-de-atun-rojo-salvaje-el-pez-mas-famoso-del-mundo-4.jpg\" class=\"v-a-img\" width=\"650\" height=\"650\" alt=\"La exitosa tosta de at\u00fan con trufa de El Campero, de la que el a\u00f1o pasado se sirvieron cuarenta y cinco mil unidades en nueve meses.\" data-voc-vtm-id=\"in-text-traffic\"> <\/button><figcaption class=\"v-fc\">\n<span class=\"v-fc__t\"><br \/>\nLa exitosa tosta de at\u00fan con trufa de El Campero, de la que el a\u00f1o pasado se sirvieron cuarenta y cinco mil unidades en nueve meses.<br \/>\n<\/span><br \/>\n<span class=\"v-fc__p\"><br \/>\nDR<br \/>\n<\/span><br \/>\n<\/figcaption><\/div>\n<\/div>\n<div id=\"photo-461\" popover class=\"v-mdl v-mdl--fw\">\n<button class=\"v-x\" popovertarget=\"photo-461\" popovertargetaction=\"hide\"><br \/>\n<span class=\"v-i\"><br \/>\n<svg width=\"24\" height=\"23.996\" viewBox=\"0 0 24 23.996\">\n<path data-name=\"Uni\u00f3n 29\" d=\"M12,14.03,2.031,24,0,21.963,9.968,12,0,2.033,2.031,0,12,9.966,21.969,0,24,2.033,14.032,12,24,21.963,21.969,24Z\" \/>\n<\/svg><br \/>\n<\/span><br \/>\n<\/button><\/p>\n<div class=\"v-mdl__c\">\n<div class=\"v-mdl__w\">\n<img loading=\"lazy\" src=\"http:\/\/cordobainforma.info\/wp-content\/uploads\/2026\/04\/del-mar-a-la-mesa-los-secretos-de-la-temporada-de-atun-rojo-salvaje-el-pez-mas-famoso-del-mundo-4.jpg\" class=\"v-mdl__img-z\" width=\"650\" height=\"650\" alt>\n<\/div>\n<\/div>\n<\/div>\n<p><span class=\"v-bdp\"><\/span><br \/>\n<\/article>\n<\/div>\n<\/div>\n<p class=\"voc-paragraph\">\u00abCuando durante la \u00e9poca de captura el tiempo no acompa\u00f1aba, los marineros de los barcos japoneses bajaban a tierra y empezaron a venir, creando una relaci\u00f3n de confianza. A ra\u00edz de ese contacto, entraron en nuestra cocina y nos ense\u00f1aron <strong>t\u00e9cnicas de corte y elaboraciones<\/strong> que posteriormente se han ido popularizando a nivel nacional\u00bb, cuenta V\u00e1zquez. <\/p>\n<p class=\"voc-paragraph\">Sin embargo, tal y como \u00e9l mismo se\u00f1ala, en El Campero no renuncian a \u00abla tradici\u00f3n marinera, recuperando y poniendo en valor<strong> guisos aut\u00f3ctonos<\/strong> de la zona combinados con t\u00e9cnicas actuales que realzan su esencia. Cada plato refleja ese compromiso con el origen, el sabor y el buen hacer\u00bb. Y en su carta convive el \u00abat\u00fan encebollado, una receta que nos ense\u00f1\u00f3 la madre de Pepe, el fundador, hace m\u00e1s de 40 a\u00f1os\u00bb, con una de sus elaboraciones estrella, \u00abla tosta de at\u00fan con trufa, de la que el a\u00f1o pasado llegamos a servir m\u00e1s de cuarenta y cinco mil unidades en nueve meses\u00bb. <\/p>\n<p><h3 class=\"v-cmp-suh\">\nMaestro innovador<br \/>\n<\/h3>\n<\/p>\n<p class=\"voc-paragraph\">Para \u00c1ngel Le\u00f3n, conocido el como el \u00abchef del mar\u00bb, cocinar at\u00fan \u00abes un gui\u00f1o a mi tradici\u00f3n y a la ubicaci\u00f3n donde se encuentra Aponiente, pero tambi\u00e9n entiendo que es<strong> el pescado m\u00e1s deseado de la faz de la tierra<\/strong>\u00bb. Su restaurante abri\u00f3 en 2007 en El Puerto de Santa Mar\u00eda y, desde entonces, se ha convertido en un referente a la hora de disfrutar de la cocina mar\u00edtima de vanguardia. <\/p>\n<div class=\"v-c-cmp \">\n<div class=\"v-cmp-m v-cmp-m--t1\">\n<article class=\"v-a v-a--cmp-m v-c-cmp--m-p\">\n<div class=\"v-a-img-c v-a-img-c--fw-xs\">\n<div class=\"v-a-fig\">\n<div class=\"v-a-link\">\n<img loading=\"lazy\" src=\"http:\/\/cordobainforma.info\/wp-content\/uploads\/2026\/04\/del-mar-a-la-mesa-los-secretos-de-la-temporada-de-atun-rojo-salvaje-el-pez-mas-famoso-del-mundo-5.jpg\" class=\"v-a-img\" width=\"650\" height=\"975\" alt=\"\u00c1ngel Le\u00f3n en Aponiente, cortando el jam\u00f3n del mar, hecho con at\u00fan rojo de almadraba.\" data-voc-vtm-id=\"in-text-traffic\">\n<\/div><figcaption class=\"v-fc\">\n<span class=\"v-fc__t\"><br \/>\n\u00c1ngel Le\u00f3n en Aponiente, cortando el jam\u00f3n del mar, hecho con at\u00fan rojo de almadraba.<br \/>\n<\/span><br \/>\n<span class=\"v-fc__p\"><br \/>\nDR<br \/>\n<\/span><br \/>\n<\/figcaption><\/div>\n<\/div>\n<\/article>\n<\/div>\n<\/div>\n<p class=\"voc-paragraph\">Ubicado en el Parque Natural Bah\u00eda de C\u00e1diz, acaba de inaugurar un nuevo espacio, sobre la marisma, que invita al comensal a realizar una inmersi\u00f3n absoluta en el ecosistema que da origen a su cocina. \u00abEn Aponiente \u2014explica el chef gaditano\u2014 intentamos proporcionar siempre <strong>una mirada diferente sobre el at\u00fan<\/strong>\u00bb. Y, a trav\u00e9s de diversos cortes, a lo largo de sus casi dos d\u00e9cadas de existencia, han deleitado a los comensales con elaboraciones como el jarrete marino. <\/p>\n<p class=\"voc-paragraph\">\u00abEste a\u00f1o nos hemos quedado con un plato que se elabora con los dos tendones que mueven toda la aleta trasera. S\u00f3lo hay 30 gramos por pescado y tiene una textura como la de unos morros o unas manitas de cerdo. Porque, como ya dijo el ge\u00f3grafo e historiador griego Estrab\u00f3n \u2014nacido en el a\u00f1o 64 antes de Cristo\u2014 <strong>el at\u00fan es el cerdo del mar<\/strong> porque se alimenta de bellotas marinas, pero tambi\u00e9n porque se aprovecha todo de \u00e9l\u00bb, apunta Le\u00f3n.<\/p>\n<p class=\"voc-paragraph\">Reconocido internacionalmente por su compromiso con el oc\u00e9ano, Le\u00f3n es el responsable de que exista el jam\u00f3n del mar, un producto que comercializa junto a la empresa Petaca Chico y que naci\u00f3 casualmente \u00abobservando <strong>la infiltraci\u00f3n que ten\u00eda la ventresca del at\u00fan<\/strong>. Lo cort\u00e1bamos en crudo y lo cur\u00e1bamos en sal y una vez se nos pas\u00f3 de m\u00e1s. Le dije al jefe de cocina que lo cort\u00e1ramos con un cuchillo de jam\u00f3n y nos sali\u00f3 una l\u00e1mina alucinante\u00bb. <\/p>\n<p><h3 class=\"v-cmp-suh\">\nLa tradici\u00f3n espa\u00f1ola del at\u00fan<br \/>\n<\/h3>\n<\/p>\n<p class=\"voc-paragraph\">Desde hace unos a\u00f1os, gracias a la influencia de gastronom\u00edas como la nipona, son muchos los restaurantes que cuentan con at\u00fan rojo en su carta. <strong>Tartar, sashimi o carpaccio<\/strong> se han convertido en palabras habituales cuando se trata de degustar elaboraciones en crudo. Pero las tres voces que participan en este reportaje apelan a la tradici\u00f3n gastron\u00f3mica andaluza a la hora de disfrutar de este pescado que se captura desde los tiempos de los romanos. <\/p>\n<div class=\"v-c-cmp \">\n<div class=\"v-cmp-m v-cmp-m--t1\">\n<article class=\"v-a v-a--cmp-m v-c-cmp--m-p\">\n<div class=\"v-a-img-c v-a-img-c--fw-xs\">\n<div class=\"v-a-fig\">\n<div class=\"v-a-link\">\n<img loading=\"lazy\" src=\"http:\/\/cordobainforma.info\/wp-content\/uploads\/2026\/04\/del-mar-a-la-mesa-los-secretos-de-la-temporada-de-atun-rojo-salvaje-el-pez-mas-famoso-del-mundo-6.jpg\" class=\"v-a-img\" width=\"650\" height=\"975\" alt=\"Jarrete de at\u00fan de Aponiente, el reconocido restaurante de \u00c1ngel Le\u00f3n.\" data-voc-vtm-id=\"in-text-traffic\">\n<\/div><figcaption class=\"v-fc\">\n<span class=\"v-fc__t\"><br \/>\nJarrete de at\u00fan de Aponiente, el reconocido restaurante de \u00c1ngel Le\u00f3n.<br \/>\n<\/span><br \/>\n<span class=\"v-fc__p\"><br \/>\nDR<br \/>\n<\/span><br \/>\n<\/figcaption><\/div>\n<\/div>\n<\/article>\n<\/div>\n<\/div>\n<p class=\"voc-paragraph\">\u00abMe flipa el at\u00fan, pero me gusta guisado\u00bb, desvela Le\u00f3n antes de se\u00f1alar que \u00abhay un exceso de crudo y un poco de p\u00e9rdida de visi\u00f3n. En C\u00e1diz tuvimos que aprender a comernos un pescado que pesaba 400 kilos y a aprovechar todas sus partes. Nosotros sabemos <strong>guisar el at\u00fan de muchas formas<\/strong> y adem\u00e1s, seamos sinceros, Espa\u00f1a es un pa\u00eds de caliente, no de crudo\u00bb. Donate, por su parte, confiesa sentir debilidad por \u00abla parpatana que es la chuleta del at\u00fan y, para seguir con la tradici\u00f3n murciana, la ventresca a la plancha\u00bb. <\/p>\n<p class=\"voc-paragraph\">Por \u00faltimo, para V\u00e1zquez, \u00abel contramormo, una pieza de la cabeza con alto nivel de grasa infiltrada, es <strong>una de las mejores partes del at\u00fan<\/strong> cuando la trabajas a baja temperatura y la acompa\u00f1as de su propio jugo y unas patatas. Al final, es sencillez y producto\u00bb. Porque por algo es el pez m\u00e1s deseado del mundo.<\/p>\n<div class=\"v-c-cmp v-c-cmp--t1 \">\n<div class=\"v-cmp-rld v-cmp-rld--2 \">\n<div class=\"v-cnt-m v-cnt-m--m\">\n<div class=\"v-cnt-m__c\">\n<div class=\"v-cnt-m__w v-cnt-m__w--1\">\n<p class=\"v-cnt-m__t\">\nTAMBI\u00c9N TE INTERESA\n<\/p>\n<\/div>\n<\/div>\n<\/div>\n<div class=\"v-g v-g--2-c v-g--bdr-min-xs\">\n<div class=\"v-g__c \">\n<article class=\"v-a v-a--cmp-rld v-a--cmp-rld-2 v-a--p-l\">\n<div class=\"v-a-img-c\">\n<figure class=\"v-a-fig\">\n<a href=\"https:\/\/www.mujerhoy.com\/vivir\/ocio\/castro-urdiales-pueblo-pescadores-medieval-bonito-cantabria-20260404105616-nt.html#vtm_modulosEngag=mod-rel:vivir:noticia:1:cmp:2-not\" class=\"v-a-link\" title=\"El pueblo de Cantabria perfecto para escapadas: un castillo-faro, callejas medievales y el irresistible encanto marinero\"><br \/>\n<img loading=\"lazy\" class=\"v-a-img\" src=\"http:\/\/cordobainforma.info\/wp-content\/uploads\/2026\/04\/del-mar-a-la-mesa-los-secretos-de-la-temporada-de-atun-rojo-salvaje-el-pez-mas-famoso-del-mundo-7.jpg\" alt=\"El pueblo de Cantabria perfecto para escapadas: un castillo-faro, callejas medievales y el irresistible encanto marinero\"><br \/>\n<\/a><br \/>\n<\/figure>\n<\/div>\n<\/article>\n<\/div>\n<div class=\"v-g__c \">\n<article class=\"v-a v-a--cmp-rld v-a--cmp-rld-2 v-a--p-l\">\n<div class=\"v-a-img-c\">\n<figure class=\"v-a-fig\">\n<a href=\"https:\/\/www.mujerhoy.com\/vivir\/ocio\/monasterio-san-estevo-medieval-destino-perfecto-semana-santa-galicia-ribeira-sacra-20260308143748-nt.html#vtm_modulosEngag=mod-rel:vivir:noticia:2:cmp:2-not\" class=\"v-a-link\" title=\"Este monasterio medieval es el destino perfecto para una escapada en Semana Santa: espiritualidad, historia y un paisaje \u00fanico en la Ribeira Sacra\"><br \/>\n<img loading=\"lazy\" class=\"v-a-img\" src=\"http:\/\/cordobainforma.info\/wp-content\/uploads\/2026\/04\/del-mar-a-la-mesa-los-secretos-de-la-temporada-de-atun-rojo-salvaje-el-pez-mas-famoso-del-mundo-8.jpg\" alt=\"Este monasterio medieval es el destino perfecto para una escapada en Semana Santa: espiritualidad, historia y un paisaje \u00fanico en la Ribeira Sacra\"><br \/>\n<\/a><br \/>\n<\/figure>\n<\/div>\n<\/article>\n<\/div>\n<\/div>\n<\/div>\n<\/div>\n","protected":false},"excerpt":{"rendered":"<p>Amanece en Barbate (C\u00e1diz). Son poco m\u00e1s de las siete de la ma\u00f1ana y en el puerto de la localidad hay un ajetreo constante, con los pescadores prepar\u00e1ndose para subir a los barcos. A unas millas de la costa, el laberinto de redes con el que se realiza la almadraba est\u00e1 listo. Desde hace unos [&hellip;]<\/p>\n","protected":false},"author":1,"featured_media":190781,"comment_status":"open","ping_status":"closed","sticky":false,"template":"","format":"standard","meta":[],"categories":[18],"tags":[],"_links":{"self":[{"href":"http:\/\/cordobainforma.info\/index.php\/wp-json\/wp\/v2\/posts\/190780"}],"collection":[{"href":"http:\/\/cordobainforma.info\/index.php\/wp-json\/wp\/v2\/posts"}],"about":[{"href":"http:\/\/cordobainforma.info\/index.php\/wp-json\/wp\/v2\/types\/post"}],"author":[{"embeddable":true,"href":"http:\/\/cordobainforma.info\/index.php\/wp-json\/wp\/v2\/users\/1"}],"replies":[{"embeddable":true,"href":"http:\/\/cordobainforma.info\/index.php\/wp-json\/wp\/v2\/comments?post=190780"}],"version-history":[{"count":0,"href":"http:\/\/cordobainforma.info\/index.php\/wp-json\/wp\/v2\/posts\/190780\/revisions"}],"wp:featuredmedia":[{"embeddable":true,"href":"http:\/\/cordobainforma.info\/index.php\/wp-json\/wp\/v2\/media\/190781"}],"wp:attachment":[{"href":"http:\/\/cordobainforma.info\/index.php\/wp-json\/wp\/v2\/media?parent=190780"}],"wp:term":[{"taxonomy":"category","embeddable":true,"href":"http:\/\/cordobainforma.info\/index.php\/wp-json\/wp\/v2\/categories?post=190780"},{"taxonomy":"post_tag","embeddable":true,"href":"http:\/\/cordobainforma.info\/index.php\/wp-json\/wp\/v2\/tags?post=190780"}],"curies":[{"name":"wp","href":"https:\/\/api.w.org\/{rel}","templated":true}]}}