{"id":190778,"date":"2026-04-29T07:14:38","date_gmt":"2026-04-29T07:14:38","guid":{"rendered":"https:\/\/www.mujerhoy.com\/moda\/no-te-pierdas\/novedades-mango-camisa-blanca-barata-vestido-nuevo-20260429074016-nt.html"},"modified":"2026-04-29T07:14:38","modified_gmt":"2026-04-29T07:14:38","slug":"las-novedades-de-mango-de-la-semana-vestidos-estampados-camisas-de-rayas-y-sandalias-comodas","status":"publish","type":"post","link":"http:\/\/cordobainforma.info\/index.php\/2026\/04\/29\/las-novedades-de-mango-de-la-semana-vestidos-estampados-camisas-de-rayas-y-sandalias-comodas\/","title":{"rendered":"Las novedades de Mango de la semana: vestidos estampados, camisas de rayas y sandalias c\u00f3modas"},"content":{"rendered":"<div class=\"media_block\"><\/div>\n<p><!-- AUTHOR --><\/p>\n<div class=\"voc-author-timesocial \">\n<!-- AUTHOR --><\/p>\n<div class=\"voc-author-timesocial__signature \">\n<!-- IMAGE AUTHOR -->\n<picture class=\"voc-image-signature\">\n<img class=\"voc-image-signature__img\" src=\"http:\/\/cordobainforma.info\/wp-content\/uploads\/2026\/04\/las-novedades-de-mango-de-la-semana-vestidos-estampados-camisas-de-rayas-y-sandalias-comodas.jpg\" alt=\"Gemma Cano\">\n<\/picture>\n<!-- INFO AUTHOR --><\/p>\n<div class=\"voc-author-timesocial__info\" data-mrf-recirculation=\"Autor\">\n<div class=\"voc-author-info\">\n<author><br \/>\n<a class=\"voc-author\" href=\"https:\/\/www.mujerhoy.com\/autor\/gemma-cano-1220.html\">Gemma Cano<\/a><br \/>\n<\/author><br \/>\n<!-- TIME --><br \/>\n<time datetime=\"2026-04-29T07:14:38Z\" data-timestamp><br \/>\nPublicado \u00b7 <span data-voc-date-modified-short> 29 de abril de 2026, 09:14 h <\/span><br \/>\n<\/time>\n<\/div>\n<\/div>\n<\/div><\/div>\n<p><!-- COMPONENTS --><\/p>\n<p class=\"voc-paragraph\">Con la llegada de la temporada de calor, las nuevas tendencias de primavera-verano llegan pisando fuerte. Prendas y accesorios que quieren posicionarse como aut\u00e9nticos b\u00e1sicos imprescindibles de cara a los pr\u00f3ximos meses. Y no solo por su gran versatilidad, sino tambi\u00e9n porque tienen el poder de a\u00f1adir <strong>un toque sofisticado a cualquier look diario<\/strong>.<\/p>\n<p class=\"voc-paragraph\">\u00bfQu\u00e9 nos propone Mango esta semana para que empecemos a descubrir su nueva temporada? <strong>Muchas compras en clave informal<\/strong>, pero al mismo tiempo con un toque elegante. Vestidos midi de todo tipo, sandalias planas con detalles dorados, <a href=\"https:\/\/www.mujerhoy.com\/moda\/tendencias\/bolsos-asa-anilla-tendencia-primavera-elegantes-20260426175547-nt.html\" target=\"_self\" data-voc-vtm-id=\"in-text-traffic\" title=\"bolsos\" data-mrf-link=\"www.mujerhoy.com\" rel=\"noopener noreferrer\">bolsos<\/a> de rafia o piel, <a href=\"https:\/\/www.mujerhoy.com\/moda\/no-te-pierdas\/pantalones-uniqlo-perfectos-primavera-unisex-baratos-barrel-20260424185558-nt.html\" target=\"_self\" data-voc-vtm-id=\"in-text-traffic\" title=\"pantalones\" data-mrf-link=\"www.mujerhoy.com\" rel=\"noopener noreferrer\">pantalones<\/a> con estampado de rayas que hacen tipazo, mini faldas de crochet y otras muchas interesantes propuestas reci\u00e9n llegadas a tienda.<\/p>\n<div class=\"v-c-cmp v-c-cmp--t1 \">\n<div class=\"v-cmp-rld v-cmp-rld--2 \">\n<div class=\"v-cnt-m v-cnt-m--m\">\n<div class=\"v-cnt-m__c\">\n<div class=\"v-cnt-m__w v-cnt-m__w--1\">\n<p class=\"v-cnt-m__t\">\nTAMBI\u00c9N TE INTERESA\n<\/p>\n<\/div>\n<\/div>\n<\/div>\n<div class=\"v-g v-g--2-c v-g--bdr-min-xs\">\n<div class=\"v-g__c \">\n<article class=\"v-a v-a--cmp-rld v-a--cmp-rld-2 v-a--p-l\">\n<div class=\"v-a-img-c\">\n<figure class=\"v-a-fig\">\n<a href=\"https:\/\/www.mujerhoy.com\/moda\/no-te-pierdas\/vestido-cuadro-tipazo-basicos-zara-instagram-nuevo-20260307074729-nt.html#vtm_modulosEngag=mod-rel:moda:noticia:1:cmp:2-not\" class=\"v-a-link\" title=\"El vestido con estampado de cuadros es la prenda m\u00e1s vers\u00e1til de tu armario de nueva temporada\"><br \/>\n<img loading=\"lazy\" class=\"v-a-img\" src=\"http:\/\/cordobainforma.info\/wp-content\/uploads\/2026\/04\/las-novedades-de-mango-de-la-semana-vestidos-estampados-camisas-de-rayas-y-sandalias-comodas-1.jpg\" alt=\"El vestido con estampado de cuadros es la prenda m\u00e1s vers\u00e1til de tu armario de nueva temporada\"><br \/>\n<\/a><br \/>\n<\/figure>\n<\/div>\n<\/article>\n<\/div>\n<div class=\"v-g__c \">\n<article class=\"v-a v-a--cmp-rld v-a--cmp-rld-2 v-a--p-l\">\n<div class=\"v-a-img-c\">\n<figure class=\"v-a-fig\">\n<a href=\"https:\/\/www.mujerhoy.com\/moda\/no-te-pierdas\/mejores-camisas-rayas-looks-diario-elegantes-primavera-20260406180348-nt.html#vtm_modulosEngag=mod-rel:moda:noticia:2:cmp:2-not\" class=\"v-a-link\" title=\"Las camisas de rayas que necesitas en primavera: elegantes y ponibles para todos los d\u00edas de la semana\"><br \/>\n<img loading=\"lazy\" class=\"v-a-img\" src=\"http:\/\/cordobainforma.info\/wp-content\/uploads\/2026\/04\/las-novedades-de-mango-de-la-semana-vestidos-estampados-camisas-de-rayas-y-sandalias-comodas-2.jpg\" alt=\"Las camisas de rayas que necesitas en primavera: elegantes y ponibles para todos los d\u00edas de la semana\"><br \/>\n<\/a><br \/>\n<\/figure>\n<\/div>\n<\/article>\n<\/div>\n<\/div>\n<\/div>\n<\/div>\n<div class=\"v-c-cmp \">\n<div class=\"v-cmp-m v-cmp-m--t1\">\n<article class=\"v-a v-a--cmp-m v-c-cmp--m-p\">\n<div class=\"v-a-img-c v-a-img-c--fw-xs\">\n<div class=\"v-a-fig\">\n<div class=\"v-a-link\">\n<img loading=\"lazy\" src=\"http:\/\/cordobainforma.info\/wp-content\/uploads\/2026\/04\/las-novedades-de-mango-de-la-semana-vestidos-estampados-camisas-de-rayas-y-sandalias-comodas-3.jpg\" class=\"v-a-img\" width=\"650\" height=\"975\" alt=\"Vaqueros con estampado de rayas de Mango (39,99 euros)\" data-voc-vtm-id=\"in-text-traffic\">\n<\/div><figcaption class=\"v-fc\">\n<span class=\"v-fc__t\"><br \/>\nVaqueros con estampado de rayas de Mango (39,99 euros)<br \/>\n<\/span><br \/>\n<\/figcaption><\/div>\n<\/div>\n<\/article>\n<\/div>\n<\/div>\n<p><h3 class=\"v-cmp-suh\">\nVaqueros con estampado de rayas de Mango (39,99 euros)<br \/>\n<\/h3>\n<\/p>\n<p class=\"voc-paragraph\">Si quieres refrescar por completo tu look esta temporada tienes que apostar por este tipo de prendas con sabor a buen tiempo. Un par de jeans con estampado de rayas, que podr\u00e1s llevar a todas horas. Una prenda que podr\u00e1s estrenar estos primeros d\u00edas de primavera, pero que tambi\u00e9n llevar\u00e1s sin parar cuando llegue la temporada de verano.<\/p>\n<div class=\"v-c-cmp v-c-cmp--s\">\n<div class=\"v-cmp-m \">\n<article class=\"v-a v-a--cmp-m v-c-cmp--m-z\">\n<div class=\"v-a-img-c \">\n<div class=\"v-a-fig\">\n<button class=\"v-a-link\" popovertarget=\"photo-230\"><br \/>\n<img loading=\"lazy\" src=\"http:\/\/cordobainforma.info\/wp-content\/uploads\/2026\/04\/las-novedades-de-mango-de-la-semana-vestidos-estampados-camisas-de-rayas-y-sandalias-comodas-4.jpg\" class=\"v-a-img\" width=\"650\" height=\"650\" alt=\"Camisa con estampado de rayas de Mango (35,99 euros)\" data-voc-vtm-id=\"in-text-traffic\"> <\/button><figcaption class=\"v-fc\">\n<span class=\"v-fc__t\"><br \/>\nCamisa con estampado de rayas de Mango (35,99 euros)<br \/>\n<\/span><br \/>\n<\/figcaption><\/div>\n<\/div>\n<div id=\"photo-230\" popover class=\"v-mdl v-mdl--fw\">\n<button class=\"v-x\" popovertarget=\"photo-230\" popovertargetaction=\"hide\"><br \/>\n<span class=\"v-i\"><br \/>\n<svg width=\"24\" height=\"23.996\" viewBox=\"0 0 24 23.996\">\n<path data-name=\"Uni\u00f3n 29\" d=\"M12,14.03,2.031,24,0,21.963,9.968,12,0,2.033,2.031,0,12,9.966,21.969,0,24,2.033,14.032,12,24,21.963,21.969,24Z\" \/>\n<\/svg><br \/>\n<\/span><br \/>\n<\/button><\/p>\n<div class=\"v-mdl__c\">\n<div class=\"v-mdl__w\">\n<img loading=\"lazy\" src=\"http:\/\/cordobainforma.info\/wp-content\/uploads\/2026\/04\/las-novedades-de-mango-de-la-semana-vestidos-estampados-camisas-de-rayas-y-sandalias-comodas-4.jpg\" class=\"v-mdl__img-z\" width=\"650\" height=\"650\" alt>\n<\/div>\n<\/div>\n<\/div>\n<p><span class=\"v-bdp\"><\/span><br \/>\n<\/article>\n<\/div>\n<\/div>\n<p><h3 class=\"v-cmp-suh\">\nCamisa con estampado de rayas de Mango (35,99 euros)<br \/>\n<\/h3>\n<\/p>\n<p class=\"voc-paragraph\">Las secciones de novedades de esta firma espa\u00f1ola llegan cargadas de propuestas de primavera tan bonitas como este dise\u00f1o en blanco y azul con lazada. Una propuesta de plena tendencia, que pondr\u00e1 un toque especial a tus looks diarios de la nueva temporada.<\/p>\n<div class=\"v-c-cmp \">\n<div class=\"v-cmp-m v-cmp-m--t1\">\n<article class=\"v-a v-a--cmp-m v-c-cmp--m-p\">\n<div class=\"v-a-img-c v-a-img-c--fw-xs\">\n<div class=\"v-a-fig\">\n<div class=\"v-a-link\">\n<img loading=\"lazy\" src=\"http:\/\/cordobainforma.info\/wp-content\/uploads\/2026\/04\/las-novedades-de-mango-de-la-semana-vestidos-estampados-camisas-de-rayas-y-sandalias-comodas-5.jpg\" class=\"v-a-img\" width=\"650\" height=\"975\" alt=\"Bolso de rafia de Mango (39,99 euros)\" data-voc-vtm-id=\"in-text-traffic\">\n<\/div><figcaption class=\"v-fc\">\n<span class=\"v-fc__t\"><br \/>\nBolso de rafia de Mango (39,99 euros)<br \/>\n<\/span><br \/>\n<\/figcaption><\/div>\n<\/div>\n<\/article>\n<\/div>\n<\/div>\n<p><h3 class=\"v-cmp-suh\">\nBolso de rafia de Mango (39,99 euros)<br \/>\n<\/h3>\n<\/p>\n<p class=\"voc-paragraph\">Uno de los accesorios de primavera-verano m\u00e1s deseados de la colecci\u00f3n de esta firma espa\u00f1ola. Un bolso de rafia completamente calado, que pondr\u00e1 una nota especial a todos tus looks de nueva temporada.<\/p>\n<div class=\"v-c-cmp \">\n<div class=\"v-cmp-m v-cmp-m--t1\">\n<article class=\"v-a v-a--cmp-m v-c-cmp--m-p\">\n<div class=\"v-a-img-c v-a-img-c--fw-xs\">\n<div class=\"v-a-fig\">\n<div class=\"v-a-link\">\n<img loading=\"lazy\" src=\"http:\/\/cordobainforma.info\/wp-content\/uploads\/2026\/04\/las-novedades-de-mango-de-la-semana-vestidos-estampados-camisas-de-rayas-y-sandalias-comodas-6.jpg\" class=\"v-a-img\" width=\"650\" height=\"975\" alt=\"Vestido estampado con lunares de Mango (39,95 euros)\" data-voc-vtm-id=\"in-text-traffic\">\n<\/div><figcaption class=\"v-fc\">\n<span class=\"v-fc__t\"><br \/>\nVestido estampado con lunares de Mango (39,95 euros)<br \/>\n<\/span><br \/>\n<\/figcaption><\/div>\n<\/div>\n<\/article>\n<\/div>\n<\/div>\n<p><h3 class=\"v-cmp-suh\">\nVestido estampado con lunares de Mango (39,95 euros)<br \/>\n<\/h3>\n<\/p>\n<p class=\"voc-paragraph\">La prenda de primavera m\u00e1s vers\u00e1til para todos tus looks de nueva temporada. Un dise\u00f1o con escote halter y volantes con el que lucir\u00e1s un look muy femenino durante los meses m\u00e1s c\u00e1lidos del a\u00f1o. Ir\u00e1 directo a tu fondo de armario.<\/p>\n<div class=\"v-c-cmp v-c-cmp--s\">\n<div class=\"v-cmp-m \">\n<article class=\"v-a v-a--cmp-m v-c-cmp--m-z\">\n<div class=\"v-a-img-c \">\n<div class=\"v-a-fig\">\n<button class=\"v-a-link\" popovertarget=\"photo-744\"><br \/>\n<img loading=\"lazy\" src=\"http:\/\/cordobainforma.info\/wp-content\/uploads\/2026\/04\/las-novedades-de-mango-de-la-semana-vestidos-estampados-camisas-de-rayas-y-sandalias-comodas-7.jpg\" class=\"v-a-img\" width=\"650\" height=\"650\" alt=\"Sandalias planas de Mango (39,99 euros)\" data-voc-vtm-id=\"in-text-traffic\"> <\/button><figcaption class=\"v-fc\">\n<span class=\"v-fc__t\"><br \/>\nSandalias planas de Mango (39,99 euros)<br \/>\n<\/span><br \/>\n<\/figcaption><\/div>\n<\/div>\n<div id=\"photo-744\" popover class=\"v-mdl v-mdl--fw\">\n<button class=\"v-x\" popovertarget=\"photo-744\" popovertargetaction=\"hide\"><br \/>\n<span class=\"v-i\"><br \/>\n<svg width=\"24\" height=\"23.996\" viewBox=\"0 0 24 23.996\">\n<path data-name=\"Uni\u00f3n 29\" d=\"M12,14.03,2.031,24,0,21.963,9.968,12,0,2.033,2.031,0,12,9.966,21.969,0,24,2.033,14.032,12,24,21.963,21.969,24Z\" \/>\n<\/svg><br \/>\n<\/span><br \/>\n<\/button><\/p>\n<div class=\"v-mdl__c\">\n<div class=\"v-mdl__w\">\n<img loading=\"lazy\" src=\"http:\/\/cordobainforma.info\/wp-content\/uploads\/2026\/04\/las-novedades-de-mango-de-la-semana-vestidos-estampados-camisas-de-rayas-y-sandalias-comodas-7.jpg\" class=\"v-mdl__img-z\" width=\"650\" height=\"650\" alt>\n<\/div>\n<\/div>\n<\/div>\n<p><span class=\"v-bdp\"><\/span><br \/>\n<\/article>\n<\/div>\n<\/div>\n<p><h3 class=\"v-cmp-suh\">\nSandalias planas de Mango (39,99 euros)<br \/>\n<\/h3>\n<\/p>\n<p class=\"voc-paragraph\">Si quieres estrenar un accesorio todoterreno, que puedas llevar a todas horas durante los pr\u00f3ximos meses de calor, tienes que apostar por este tipo de propuestas. Un par de sandalias en color camel que no puedes dejar escapar.<\/p>\n<div class=\"v-c-cmp \">\n<div class=\"v-cmp-m v-cmp-m--t1\">\n<article class=\"v-a v-a--cmp-m v-c-cmp--m-p\">\n<div class=\"v-a-img-c v-a-img-c--fw-xs\">\n<div class=\"v-a-fig\">\n<div class=\"v-a-link\">\n<img loading=\"lazy\" src=\"http:\/\/cordobainforma.info\/wp-content\/uploads\/2026\/04\/las-novedades-de-mango-de-la-semana-vestidos-estampados-camisas-de-rayas-y-sandalias-comodas-8.jpg\" class=\"v-a-img\" width=\"650\" height=\"975\" alt=\"Vestido midi de Mango (29,99 euros)\" data-voc-vtm-id=\"in-text-traffic\">\n<\/div><figcaption class=\"v-fc\">\n<span class=\"v-fc__t\"><br \/>\nVestido midi de Mango (29,99 euros)<br \/>\n<\/span><br \/>\n<\/figcaption><\/div>\n<\/div>\n<\/article>\n<\/div>\n<\/div>\n<p><h3 class=\"v-cmp-suh\">\nVestido midi de Mango (29,99 euros)<br \/>\n<\/h3>\n<\/p>\n<p class=\"voc-paragraph\">Este tipo de prendas nunca fallan cuando llega el buen tiempo. Apuesta por un color b\u00e1sico, como el beige o el caqui, para conseguir un look sobresaliente sin demasiado esfuerzo. Elegante y muy favorecedor.<\/p>\n<div class=\"v-c-cmp \">\n<div class=\"v-cmp-m v-cmp-m--t1\">\n<article class=\"v-a v-a--cmp-m v-c-cmp--m-p\">\n<div class=\"v-a-img-c v-a-img-c--fw-xs\">\n<div class=\"v-a-fig\">\n<div class=\"v-a-link\">\n<img loading=\"lazy\" src=\"http:\/\/cordobainforma.info\/wp-content\/uploads\/2026\/04\/las-novedades-de-mango-de-la-semana-vestidos-estampados-camisas-de-rayas-y-sandalias-comodas-9.jpg\" class=\"v-a-img\" width=\"650\" height=\"975\" alt=\"Chaqueta vaquera de Mango (39,99 euros)\" data-voc-vtm-id=\"in-text-traffic\">\n<\/div><figcaption class=\"v-fc\">\n<span class=\"v-fc__t\"><br \/>\nChaqueta vaquera de Mango (39,99 euros)<br \/>\n<\/span><br \/>\n<\/figcaption><\/div>\n<\/div>\n<\/article>\n<\/div>\n<\/div>\n<p><h3 class=\"v-cmp-suh\">\nChaqueta vaquera de Mango (39,99 euros)<br \/>\n<\/h3>\n<\/p>\n<p class=\"voc-paragraph\">Y en esta selecci\u00f3n de nueva temporada no pod\u00eda faltar una chaqueta de entretiempo en un color elegante. Una propuesta que huele a buen tiempo y con la que crear\u00e1s los estilismos m\u00e1s vers\u00e1tiles de la temporada.<\/p>\n<div class=\"v-c-cmp v-c-cmp--s\">\n<div class=\"v-cmp-m \">\n<article class=\"v-a v-a--cmp-m v-c-cmp--m-z\">\n<div class=\"v-a-img-c \">\n<div class=\"v-a-fig\">\n<button class=\"v-a-link\" popovertarget=\"photo-464\"><br \/>\n<img loading=\"lazy\" src=\"http:\/\/cordobainforma.info\/wp-content\/uploads\/2026\/04\/las-novedades-de-mango-de-la-semana-vestidos-estampados-camisas-de-rayas-y-sandalias-comodas-10.jpg\" class=\"v-a-img\" width=\"650\" height=\"650\" alt=\"Bolso blanco roto de Mango (35,99 euros)\" data-voc-vtm-id=\"in-text-traffic\"> <\/button><figcaption class=\"v-fc\">\n<span class=\"v-fc__t\"><br \/>\nBolso blanco roto de Mango (35,99 euros)<br \/>\n<\/span><br \/>\n<\/figcaption><\/div>\n<\/div>\n<div id=\"photo-464\" popover class=\"v-mdl v-mdl--fw\">\n<button class=\"v-x\" popovertarget=\"photo-464\" popovertargetaction=\"hide\"><br \/>\n<span class=\"v-i\"><br \/>\n<svg width=\"24\" height=\"23.996\" viewBox=\"0 0 24 23.996\">\n<path data-name=\"Uni\u00f3n 29\" d=\"M12,14.03,2.031,24,0,21.963,9.968,12,0,2.033,2.031,0,12,9.966,21.969,0,24,2.033,14.032,12,24,21.963,21.969,24Z\" \/>\n<\/svg><br \/>\n<\/span><br \/>\n<\/button><\/p>\n<div class=\"v-mdl__c\">\n<div class=\"v-mdl__w\">\n<img loading=\"lazy\" src=\"http:\/\/cordobainforma.info\/wp-content\/uploads\/2026\/04\/las-novedades-de-mango-de-la-semana-vestidos-estampados-camisas-de-rayas-y-sandalias-comodas-10.jpg\" class=\"v-mdl__img-z\" width=\"650\" height=\"650\" alt>\n<\/div>\n<\/div>\n<\/div>\n<p><span class=\"v-bdp\"><\/span><br \/>\n<\/article>\n<\/div>\n<\/div>\n<p><h3 class=\"v-cmp-suh\">\nBolso blanco roto de Mango (35,99 euros)<br \/>\n<\/h3>\n<\/p>\n<p class=\"voc-paragraph\">Si quieres a\u00f1adir a tu colecci\u00f3n de primavera un accesorio muy vers\u00e1til, pero que al mismo tiempo sea especial, tienes que apostar por este tipo de propuestas en colores neutros. El blanco roto o el beige son dos de los tonos estrella de la temporada.<\/p>\n<div class=\"v-c-cmp \">\n<div class=\"v-cmp-m v-cmp-m--t1\">\n<article class=\"v-a v-a--cmp-m v-c-cmp--m-p\">\n<div class=\"v-a-img-c v-a-img-c--fw-xs\">\n<div class=\"v-a-fig\">\n<div class=\"v-a-link\">\n<img loading=\"lazy\" src=\"http:\/\/cordobainforma.info\/wp-content\/uploads\/2026\/04\/las-novedades-de-mango-de-la-semana-vestidos-estampados-camisas-de-rayas-y-sandalias-comodas-11.jpg\" class=\"v-a-img\" width=\"650\" height=\"975\" alt=\"Blusa blanca de Mango (39,95 euros)\" data-voc-vtm-id=\"in-text-traffic\">\n<\/div><figcaption class=\"v-fc\">\n<span class=\"v-fc__t\"><br \/>\nBlusa blanca de Mango (39,95 euros)<br \/>\n<\/span><br \/>\n<\/figcaption><\/div>\n<\/div>\n<\/article>\n<\/div>\n<\/div>\n<p><h3 class=\"v-cmp-suh\">\nBlusa blanca de Mango (39,95 euros)<br \/>\n<\/h3>\n<\/p>\n<p class=\"voc-paragraph\">Este tipo de conjuntos sencillos, pero al mismo tiempo especiales, son un acierto seguro durante los d\u00edas de buen tiempo. La combinaci\u00f3n de blanco y negro hacen de esta propuesta un dise\u00f1o \u00fanico.<\/p>\n<div class=\"v-c-cmp \">\n<div class=\"v-cmp-m v-cmp-m--t1\">\n<article class=\"v-a v-a--cmp-m v-c-cmp--m-p\">\n<div class=\"v-a-img-c v-a-img-c--fw-xs\">\n<div class=\"v-a-fig\">\n<div class=\"v-a-link\">\n<img loading=\"lazy\" src=\"http:\/\/cordobainforma.info\/wp-content\/uploads\/2026\/04\/las-novedades-de-mango-de-la-semana-vestidos-estampados-camisas-de-rayas-y-sandalias-comodas-12.jpg\" class=\"v-a-img\" width=\"650\" height=\"975\" alt=\"Falda de crochet de Mango (59,99 euros)\" data-voc-vtm-id=\"in-text-traffic\">\n<\/div><figcaption class=\"v-fc\">\n<span class=\"v-fc__t\"><br \/>\nFalda de crochet de Mango (59,99 euros)<br \/>\n<\/span><br \/>\n<\/figcaption><\/div>\n<\/div>\n<\/article>\n<\/div>\n<\/div>\n<p><h3 class=\"v-cmp-suh\">\nFalda de crochet de Mango (59,99 euros)<br \/>\n<\/h3>\n<\/p>\n<p class=\"voc-paragraph\">Y terminamos las sugerencias de la semana con una prenda con sabor a primavera-verano muy vers\u00e1til. Un dise\u00f1o de crochet, en blanco y negro, muy especial con el que crear\u00e1s los mejores looks de cara los meses de calor. No la dejes escapar.<\/p>\n<div class=\"v-c-cmp v-c-cmp--t1 \">\n<div class=\"v-cmp-rld v-cmp-rld--2 \">\n<div class=\"v-cnt-m v-cnt-m--m\">\n<div class=\"v-cnt-m__c\">\n<div class=\"v-cnt-m__w v-cnt-m__w--1\">\n<p class=\"v-cnt-m__t\">\nTAMBI\u00c9N TE INTERESA\n<\/p>\n<\/div>\n<\/div>\n<\/div>\n<div class=\"v-g v-g--2-c v-g--bdr-min-xs\">\n<div class=\"v-g__c \">\n<article class=\"v-a v-a--cmp-rld v-a--cmp-rld-2 v-a--p-l\">\n<div class=\"v-a-img-c\">\n<figure class=\"v-a-fig\">\n<a href=\"https:\/\/www.mujerhoy.com\/moda\/no-te-pierdas\/sandalias-tacon-comodo-amortizaras-zapato-primavera-verano-20260422183519-nt.html#vtm_modulosEngag=mod-rel:moda:noticia:1:cmp:2-not\" class=\"v-a-link\" title=\"Las sandalias de tac\u00f3n c\u00f3modo que amortizar\u00e1s m\u00e1s que cualquier otro zapato de primavera\"><br \/>\n<img loading=\"lazy\" class=\"v-a-img\" src=\"http:\/\/cordobainforma.info\/wp-content\/uploads\/2026\/04\/las-novedades-de-mango-de-la-semana-vestidos-estampados-camisas-de-rayas-y-sandalias-comodas-13.jpg\" alt=\"Las sandalias de tac\u00f3n c\u00f3modo que amortizar\u00e1s m\u00e1s que cualquier otro zapato de primavera\"><br \/>\n<\/a><br \/>\n<\/figure>\n<\/div>\n<\/article>\n<\/div>\n<div class=\"v-g__c \">\n<article class=\"v-a v-a--cmp-rld v-a--cmp-rld-2 v-a--p-l\">\n<div class=\"v-a-img-c\">\n<figure class=\"v-a-fig\">\n<a href=\"https:\/\/www.mujerhoy.com\/moda\/no-te-pierdas\/vestido-midi-nuevo-basicos-baratos-sfera-20260428073342-nt.html#vtm_modulosEngag=mod-rel:moda:noticia:2:cmp:2-not\" class=\"v-a-link\" title=\"Las novedades de la semana de Sfera: de los vestidos de primavera m\u00e1s bonitos a los pantalones que llevar\u00e1s sin parar\"><br \/>\n<img loading=\"lazy\" class=\"v-a-img\" src=\"http:\/\/cordobainforma.info\/wp-content\/uploads\/2026\/04\/las-novedades-de-mango-de-la-semana-vestidos-estampados-camisas-de-rayas-y-sandalias-comodas-14.jpg\" alt=\"Las novedades de la semana de Sfera: de los vestidos de primavera m\u00e1s bonitos a los pantalones que llevar\u00e1s sin parar\"><br \/>\n<\/a><br \/>\n<\/figure>\n<\/div>\n<\/article>\n<\/div>\n<\/div>\n<\/div>\n<\/div>\n","protected":false},"excerpt":{"rendered":"<p>Gemma Cano Publicado \u00b7 29 de abril de 2026, 09:14 h Con la llegada de la temporada de calor, las nuevas tendencias de primavera-verano llegan pisando fuerte. Prendas y accesorios que quieren posicionarse como aut\u00e9nticos b\u00e1sicos imprescindibles de cara a los pr\u00f3ximos meses. Y no solo por su gran versatilidad, sino tambi\u00e9n porque tienen el [&hellip;]<\/p>\n","protected":false},"author":1,"featured_media":190779,"comment_status":"closed","ping_status":"closed","sticky":false,"template":"","format":"standard","meta":[],"categories":[24],"tags":[],"_links":{"self":[{"href":"http:\/\/cordobainforma.info\/index.php\/wp-json\/wp\/v2\/posts\/190778"}],"collection":[{"href":"http:\/\/cordobainforma.info\/index.php\/wp-json\/wp\/v2\/posts"}],"about":[{"href":"http:\/\/cordobainforma.info\/index.php\/wp-json\/wp\/v2\/types\/post"}],"author":[{"embeddable":true,"href":"http:\/\/cordobainforma.info\/index.php\/wp-json\/wp\/v2\/users\/1"}],"replies":[{"embeddable":true,"href":"http:\/\/cordobainforma.info\/index.php\/wp-json\/wp\/v2\/comments?post=190778"}],"version-history":[{"count":0,"href":"http:\/\/cordobainforma.info\/index.php\/wp-json\/wp\/v2\/posts\/190778\/revisions"}],"wp:featuredmedia":[{"embeddable":true,"href":"http:\/\/cordobainforma.info\/index.php\/wp-json\/wp\/v2\/media\/190779"}],"wp:attachment":[{"href":"http:\/\/cordobainforma.info\/index.php\/wp-json\/wp\/v2\/media?parent=190778"}],"wp:term":[{"taxonomy":"category","embeddable":true,"href":"http:\/\/cordobainforma.info\/index.php\/wp-json\/wp\/v2\/categories?post=190778"},{"taxonomy":"post_tag","embeddable":true,"href":"http:\/\/cordobainforma.info\/index.php\/wp-json\/wp\/v2\/tags?post=190778"}],"curies":[{"name":"wp","href":"https:\/\/api.w.org\/{rel}","templated":true}]}}