{"id":190744,"date":"2026-04-29T04:37:19","date_gmt":"2026-04-29T04:37:19","guid":{"rendered":"http:\/\/cordobainforma.info\/index.php\/2026\/04\/29\/marengo-la-inflacion-bajara-al-15-mensual-en-el-segundo-semestre-perfil\/"},"modified":"2026-04-29T04:37:19","modified_gmt":"2026-04-29T04:37:19","slug":"marengo-la-inflacion-bajara-al-15-mensual-en-el-segundo-semestre-perfil","status":"publish","type":"post","link":"http:\/\/cordobainforma.info\/index.php\/2026\/04\/29\/marengo-la-inflacion-bajara-al-15-mensual-en-el-segundo-semestre-perfil\/","title":{"rendered":"Marengo: &quot;La inflaci\u00f3n bajar\u00e1 al 1,5% mensual en el segundo semestre&quot; | Perfil"},"content":{"rendered":"<p>La <b>econom\u00eda<\/b> argentina crece de forma heterog\u00e9nea, la rentabilidad empresarial cay\u00f3 con la baja de la inflaci\u00f3n y el economista jefe de BlackToro&nbsp;&#8230; <\/p>\n","protected":false},"excerpt":{"rendered":"<p>La econom\u00eda argentina crece de forma heterog\u00e9nea, la rentabilidad empresarial cay\u00f3 con la baja de la inflaci\u00f3n y el economista jefe de BlackToro&nbsp;&#8230;<\/p>\n","protected":false},"author":1,"featured_media":0,"comment_status":"closed","ping_status":"closed","sticky":false,"template":"","format":"standard","meta":[],"categories":[23],"tags":[],"_links":{"self":[{"href":"http:\/\/cordobainforma.info\/index.php\/wp-json\/wp\/v2\/posts\/190744"}],"collection":[{"href":"http:\/\/cordobainforma.info\/index.php\/wp-json\/wp\/v2\/posts"}],"about":[{"href":"http:\/\/cordobainforma.info\/index.php\/wp-json\/wp\/v2\/types\/post"}],"author":[{"embeddable":true,"href":"http:\/\/cordobainforma.info\/index.php\/wp-json\/wp\/v2\/users\/1"}],"replies":[{"embeddable":true,"href":"http:\/\/cordobainforma.info\/index.php\/wp-json\/wp\/v2\/comments?post=190744"}],"version-history":[{"count":0,"href":"http:\/\/cordobainforma.info\/index.php\/wp-json\/wp\/v2\/posts\/190744\/revisions"}],"wp:attachment":[{"href":"http:\/\/cordobainforma.info\/index.php\/wp-json\/wp\/v2\/media?parent=190744"}],"wp:term":[{"taxonomy":"category","embeddable":true,"href":"http:\/\/cordobainforma.info\/index.php\/wp-json\/wp\/v2\/categories?post=190744"},{"taxonomy":"post_tag","embeddable":true,"href":"http:\/\/cordobainforma.info\/index.php\/wp-json\/wp\/v2\/tags?post=190744"}],"curies":[{"name":"wp","href":"https:\/\/api.w.org\/{rel}","templated":true}]}}