{"id":190742,"date":"2026-04-29T00:51:31","date_gmt":"2026-04-29T00:51:31","guid":{"rendered":"https:\/\/www.clarin.com\/deportes\/pablo-longoria-nuevo-director-deportivo-anuncio-river-alcance-dependera_0_eh7ljL5siL.html"},"modified":"2026-04-29T00:51:31","modified_gmt":"2026-04-29T00:51:31","slug":"quien-es-pablo-longoria-el-nuevo-director-deportivo-que-anuncio-river-cual-sera-su-alcance-y-de-quien-dependera","status":"publish","type":"post","link":"http:\/\/cordobainforma.info\/index.php\/2026\/04\/29\/quien-es-pablo-longoria-el-nuevo-director-deportivo-que-anuncio-river-cual-sera-su-alcance-y-de-quien-dependera\/","title":{"rendered":"Qui\u00e9n es Pablo Longoria, el nuevo director deportivo que anunci\u00f3 River: cu\u00e1l ser\u00e1 su alcance y de qui\u00e9n depender\u00e1"},"content":{"rendered":"<p><img src=\"http:\/\/cordobainforma.info\/wp-content\/uploads\/2026\/04\/quien-es-pablo-longoria-el-nuevo-director-deportivo-que-anuncio-river-cual-sera-su-alcance-y-de-quien-dependera.jpg\"><\/p>\n<div><img src=\"http:\/\/cordobainforma.info\/wp-content\/uploads\/2026\/04\/quien-es-pablo-longoria-el-nuevo-director-deportivo-que-anuncio-river-cual-sera-su-alcance-y-de-quien-dependera-2.jpg\" class=\"ff-og-image-inserted\"><\/div>\n<div id=\"element-body-0\" readability=\"45.2734375\">\n<p><strong><a href=\"https:\/\/www.cariverplate.com.ar\/river-plate-anuncia-a-pablo-longoria-como-nuevo-director-deportivo\" target=\"_blank\" title=\"River oficializ\u00f3 este martes la llegada del espa\u00f1ol Pablo Longoria\" alt=\"River oficializ\u00f3 este martes la llegada del espa\u00f1ol Pablo Longoria\" rel=\"noopener noreferrer\">River <\/a><\/strong><a href=\"https:\/\/www.cariverplate.com.ar\/river-plate-anuncia-a-pablo-longoria-como-nuevo-director-deportivo\" target=\"_blank\" title=\"River oficializ\u00f3 este martes la llegada del espa\u00f1ol Pablo Longoria\" alt=\"River oficializ\u00f3 este martes la llegada del espa\u00f1ol Pablo Longoria\" rel=\"noopener noreferrer\">oficializ\u00f3 este martes la llegada del espa\u00f1ol <\/a><strong><a href=\"https:\/\/www.cariverplate.com.ar\/river-plate-anuncia-a-pablo-longoria-como-nuevo-director-deportivo\" target=\"_blank\" title=\"River oficializ\u00f3 este martes la llegada del espa\u00f1ol Pablo Longoria\" alt=\"River oficializ\u00f3 este martes la llegada del espa\u00f1ol Pablo Longoria\" rel=\"noopener noreferrer\">Pablo Longoria<\/a><\/strong>, el nuevo director deportivo del club, quien tendr\u00e1 responsabilidad sobre el <strong>proyecto de f\u00fatbol <\/strong>y una <strong>dependencia directa <\/strong>del presidente <strong>Stefano Di Carlo <\/strong>y del manager <strong>Enzo Francescoli<\/strong>.<\/p>\n<\/div>\n<div id=\"element-body-1\" readability=\"68\">\n<p>En su funci\u00f3n, Longoria, quien ya lleg\u00f3 a la Argentina y este martes recorri\u00f3 las instalaciones del Monumental, coordinar\u00e1 las distintas \u00e1reas vinculadas al f\u00fatbol del club, entre ellas el <strong>plantel profesional<\/strong>, el <strong>f\u00fatbol formativo<\/strong>, el <strong>scouting<\/strong>, la <strong>gesti\u00f3n de contratos<\/strong>, el <strong>an\u00e1lisis de rendimiento<\/strong> y el <strong>desarrollo deportivo<\/strong>.<\/p>\n<\/div>\n<div id=\"element-body-2\" readability=\"60\">\n<p>El rol del nuevo director deportivo estar\u00e1 orientado a articular estas estructuras bajo una estrategia com\u00fan, con el objetivo de continuar fortaleciendo la organizaci\u00f3n y profesionalizaci\u00f3n del \u00e1rea.<\/p>\n<\/div>\n<div id=\"element-body-3\" readability=\"65\">\n<p>Seg\u00fan comentaron desde River, la incorporaci\u00f3n de Longoria se enmarca <strong>en un proyecto institucional de mediano y largo plazo<\/strong>, enfocado en promover la integraci\u00f3n entre divisiones inferiores y el primer equipo, y optimizar los procesos de captaci\u00f3n, incorporaci\u00f3n y desarrollo de futbolistas. Su integraci\u00f3n a la din\u00e1mica de trabajo ser\u00e1 progresiva, en coordinaci\u00f3n con las \u00e1reas que vienen desarrollando la planificaci\u00f3n deportiva.<\/p>\n<\/div>\n<div id=\"element-body-4\" readability=\"63\">\n<p>Longoria cuenta con m\u00e1s de quince a\u00f1os de experiencia. Inici\u00f3 su carrera en el \u00e1rea de scouting de Newcastle United y posteriormente desarroll\u00f3 su actividad en Juventus, donde se desempe\u00f1\u00f3 como jefe mundial de scouting entre 2015 y 2018. Entre 2018 y 2020 fue Director Deportivo del Valencia CF, y en 2020 asumi\u00f3 como Director Deportivo del Olympique de Marsella, instituci\u00f3n de la que fue presidente desde 2021 hasta marzo de 2026.<\/p>\n<\/div>\n<div id=\"element-body-5\" readability=\"66\">\n<p>A lo largo de su trayectoria, Longoria ha participado en procesos de reorganizaci\u00f3n institucional y en el desarrollo de estructuras deportivas en clubes de alta exigencia, con especial \u00e9nfasis en la identificaci\u00f3n y formaci\u00f3n de talentos. Su experiencia incluye el seguimiento sistem\u00e1tico del f\u00fatbol sudamericano, con presencia sostenida en Argentina, Uruguay y Brasil, as\u00ed como la participaci\u00f3n en la incorporaci\u00f3n de futbolistas de la regi\u00f3n a equipos europeos. A su vez, en los lugares en los que trabaj\u00f3 se caracteriz\u00f3 por contratar jugadores con caracter\u00edsticas vinculadas al club y con sentido de pertenencia. Esa fue una de las claves por las que River se decidi\u00f3 por Longoria.<\/p>\n<\/div>\n","protected":false},"excerpt":{"rendered":"<p>River oficializ\u00f3 este martes la llegada del espa\u00f1ol Pablo Longoria, el nuevo director deportivo del club, quien tendr\u00e1 responsabilidad sobre el proyecto de f\u00fatbol y una dependencia directa del presidente Stefano Di Carlo y del manager Enzo Francescoli. En su funci\u00f3n, Longoria, quien ya lleg\u00f3 a la Argentina y este martes recorri\u00f3 las instalaciones del [&hellip;]<\/p>\n","protected":false},"author":1,"featured_media":190743,"comment_status":"closed","ping_status":"closed","sticky":false,"template":"","format":"standard","meta":[],"categories":[20],"tags":[],"_links":{"self":[{"href":"http:\/\/cordobainforma.info\/index.php\/wp-json\/wp\/v2\/posts\/190742"}],"collection":[{"href":"http:\/\/cordobainforma.info\/index.php\/wp-json\/wp\/v2\/posts"}],"about":[{"href":"http:\/\/cordobainforma.info\/index.php\/wp-json\/wp\/v2\/types\/post"}],"author":[{"embeddable":true,"href":"http:\/\/cordobainforma.info\/index.php\/wp-json\/wp\/v2\/users\/1"}],"replies":[{"embeddable":true,"href":"http:\/\/cordobainforma.info\/index.php\/wp-json\/wp\/v2\/comments?post=190742"}],"version-history":[{"count":0,"href":"http:\/\/cordobainforma.info\/index.php\/wp-json\/wp\/v2\/posts\/190742\/revisions"}],"wp:featuredmedia":[{"embeddable":true,"href":"http:\/\/cordobainforma.info\/index.php\/wp-json\/wp\/v2\/media\/190743"}],"wp:attachment":[{"href":"http:\/\/cordobainforma.info\/index.php\/wp-json\/wp\/v2\/media?parent=190742"}],"wp:term":[{"taxonomy":"category","embeddable":true,"href":"http:\/\/cordobainforma.info\/index.php\/wp-json\/wp\/v2\/categories?post=190742"},{"taxonomy":"post_tag","embeddable":true,"href":"http:\/\/cordobainforma.info\/index.php\/wp-json\/wp\/v2\/tags?post=190742"}],"curies":[{"name":"wp","href":"https:\/\/api.w.org\/{rel}","templated":true}]}}