{"id":190740,"date":"2026-04-29T02:41:33","date_gmt":"2026-04-29T02:41:33","guid":{"rendered":"https:\/\/www.clarin.com\/deportes\/picante-final-cruzeiro-vs-boca-corridas-empujones-partido-repleto-discusiones-copa-libertadores-2026_0_VsinROh7GY.html"},"modified":"2026-04-29T02:41:33","modified_gmt":"2026-04-29T02:41:33","slug":"el-picante-final-de-cruzeiro-vs-boca-corridas-y-empujones-tras-un-partido-repleto-de-discusiones-en-la-copa-libertadores-2026","status":"publish","type":"post","link":"http:\/\/cordobainforma.info\/index.php\/2026\/04\/29\/el-picante-final-de-cruzeiro-vs-boca-corridas-y-empujones-tras-un-partido-repleto-de-discusiones-en-la-copa-libertadores-2026\/","title":{"rendered":"El picante final de Cruzeiro vs Boca: corridas y empujones tras un partido repleto de discusiones en la Copa Libertadores 2026"},"content":{"rendered":"<p><img src=\"http:\/\/cordobainforma.info\/wp-content\/uploads\/2026\/04\/el-picante-final-de-cruzeiro-vs-boca-corridas-y-empujones-tras-un-partido-repleto-de-discusiones-en-la-copa-libertadores-2026.jpg\"><\/p>\n<div><img src=\"http:\/\/cordobainforma.info\/wp-content\/uploads\/2026\/04\/el-picante-final-de-cruzeiro-vs-boca-corridas-y-empujones-tras-un-partido-repleto-de-discusiones-en-la-copa-libertadores-2026-2.jpg\" class=\"ff-og-image-inserted\"><\/div>\n<div id=\"element-body-0\" readability=\"57.567961165049\">\n<p><strong>Empujones, corridas, persecuci\u00f3n y alg\u00fan que otro golpe<\/strong>. El final del t<a href=\"https:\/\/www.clarin.com\/deportes\/boca-visita-cruzeiro-brasil-copa-libertadores-2026-vivo-hora-formaciones-ver-partido_0_rzFBJFBByy.html\" target=\"_blank\" title=\"riunfo de Cruzeiro sobre Boca por la tercera fecha de la Copa Libertadores tuvo de todo\" alt=\"riunfo de Cruzeiro sobre Boca por la tercera fecha de la Copa Libertadores tuvo de todo\" rel=\"noopener noreferrer\">riunfo de Cruzeiro sobre Boca por la tercera fecha de la Copa Libertadores tuvo de todo<\/a>. Lo empez\u00f3 <strong>Leandro Paredes<\/strong>, que fue a buscar a <strong>Matheus Pereira<\/strong>, que festejaba la victoria con <strong>alg\u00fan gesto sobrador<\/strong>. Y atr\u00e1s del capit\u00e1n del Xeneize se sumaron todos, los que estaban en cancha y los suplentes, mientras que compa\u00f1eros del 10 del equipo de Belo Horizonte trataban de resguardarlo. Ah\u00ed todo se desbord\u00f3, con la llegada de colaboradores locales que <strong>intentaron frenar a la turbe del \u00abXeneize\u00bb <\/strong>y terminaron <strong>trenzados durante varios minutos<\/strong>.<\/p>\n<\/div>\n<div id=\"element-body-1\" readability=\"22.384976525822\">\n<blockquote class=\"twitter-tweet\" readability=\"4.8967136150235\">\n<p lang=\"es\" dir=\"ltr\">PAREDES FUE A BUSCAR A MATHEUS PEREIRA Y SE PIC\u00d3 EN EL FINAL DEL PARTIDO.<\/p>\n<p>\ud83d\udcfa Mir\u00e1 TODA la CONMEBOL <a href=\"https:\/\/twitter.com\/hashtag\/Libertadores?src=hash&amp;ref_src=twsrc%5Etfw\">#Libertadores<\/a> por <a href=\"https:\/\/twitter.com\/hashtag\/DisneyPlus?src=hash&amp;ref_src=twsrc%5Etfw\">#DisneyPlus<\/a> Plan Premium <a href=\"https:\/\/t.co\/QQjjAKxoUZ\">pic.twitter.com\/QQjjAKxoUZ<\/a><\/p>\n<p>\u2014 SportsCenter (@SC_ESPN) <a href=\"https:\/\/twitter.com\/SC_ESPN\/status\/2049316259439743483?ref_src=twsrc%5Etfw\">April 29, 2026<\/a><\/p><\/blockquote><\/div>\n<div id=\"element-body-2\" readability=\"62\">\n<p>Fue un tr\u00e1mite muy picante, de entrada. En suelo brasile\u00f1o hubo varios momentos en los que se pint\u00f3 a la perfecci\u00f3n ese desarrollo: muchos jugadores quedaron cara a cara, empujaron y chocaron. Pero lo raro fue que el cazador fue cazado en Belo Horizonte porque <strong>Paredes se gan\u00f3 r\u00e1pido una amarilla por empujar a Matheus Pereira <\/strong>y porque <strong>Adam Bareiro recibi\u00f3 la roja por doble amarilla sobre el final de la etapa inicial<\/strong>.<\/p>\n<\/div>\n<div id=\"element-body-3\" readability=\"25.449152542373\">\n<blockquote class=\"twitter-tweet\" readability=\"6.264406779661\">\n<p lang=\"es\" dir=\"ltr\">\u00a1BRONCA EN BOCA CON MATHEUS PEREIRA! Los jugadores del Xeneize fueron a buscar al brasile\u00f1o de Cruzeiro y se arm\u00f3 un clima tenso en el final del partido.<\/p>\n<p>\ud83d\udcfa Mir\u00e1 TODA la CONMEBOL <a href=\"https:\/\/twitter.com\/hashtag\/Libertadores?src=hash&amp;ref_src=twsrc%5Etfw\">#Libertadores<\/a> por <a href=\"https:\/\/twitter.com\/hashtag\/DisneyPlus?src=hash&amp;ref_src=twsrc%5Etfw\">#DisneyPlus<\/a> Plan Premium <a href=\"https:\/\/t.co\/UaNmNHVGvL\">pic.twitter.com\/UaNmNHVGvL<\/a><\/p>\n<p>\u2014 SportsCenter (@SC_ESPN) <a href=\"https:\/\/twitter.com\/SC_ESPN\/status\/2049318089301401622?ref_src=twsrc%5Etfw\">April 29, 2026<\/a><\/p><\/blockquote><\/div>\n<div id=\"element-body-4\" readability=\"61\">\n<p>Estuvo mal expulsado el paraguayo porque la segunda falta no era para tarjeta. Tambi\u00e9n hay que decir que en todas las divididas fue con los brazos arriba y que simul\u00f3 alevosamente en al menos un par de acciones. Al \u00e1rbitro uruguayo Esteban Ostojich el partido le qued\u00f3 grande: Bareiro tard\u00f3 m\u00e1s de 5 minutos en salir de la cancha y Paredes se cans\u00f3 de protestarle, muy a pesar de que ya estaba amonestado (la octava tarjeta en 16 encuentros en el semestre).<\/p>\n<\/div>\n<div id=\"element-body-5\" readability=\"64\">\n<p>Apenas pit\u00f3 el final el \u00e1rbitro uruguayo Esteban Ostojich, todos se fueron encima de Matheus Pereira. Entre los m\u00e1s calientes estuvieron <strong>Ayrton Costa<\/strong>, <strong>Lautaro Blanco<\/strong>, el arquero <strong>Leandro Brey <\/strong>y tambi\u00e9n <strong>Marcelo Weigandt<\/strong>, quien hasta <strong>volte\u00f3 de un empuj\u00f3n a un hombre de la seguridad local<\/strong>. Di Lollo hac\u00eda gestos con la mano indicando que uno de los rivales los hab\u00eda cargado.<\/p>\n<\/div>\n<div id=\"element-body-6\" readability=\"21.78313253012\">\n<blockquote class=\"twitter-tweet\" readability=\"4.7650602409639\">\n<p lang=\"es\" dir=\"ltr\">\u00a1NERVIOS EN BOCA! <\/p>\n<p>Clima muy caliente con los jugadores de Cruzeiro \ud83e\uddd0<\/p>\n<p><a href=\"https:\/\/twitter.com\/hashtag\/libertadores?src=hash&amp;ref_src=twsrc%5Etfw\">#libertadores<\/a> <a href=\"https:\/\/t.co\/oNnd0vYToh\">pic.twitter.com\/oNnd0vYToh<\/a><\/p>\n<p>\u2014 TNT Sports Argentina (@TNTSportsAR) <a href=\"https:\/\/twitter.com\/TNTSportsAR\/status\/2049313534538813723?ref_src=twsrc%5Etfw\">April 29, 2026<\/a><\/p><\/blockquote><\/div>\n<div id=\"element-body-7\" readability=\"62\">\n<p>Los brasile\u00f1os armaron un cerco en torno al 10, entendiendo r\u00e1pidamente que era el apuntado, e intentaron aislarlo mientras lo de Boca lo corr\u00edan a trav\u00e9s del campo de juego. Dur\u00f3 varios minutos el tumulto, hasta que finalmente ayudantes y colaboradores lograron separar a las partes.<\/p>\n<\/div>\n<div id=\"element-body-9\" readability=\"62\">\n<p><strong>\u00abLa reacci\u00f3n final es l\u00f3gica de cuando uno termina un partido y hay un rival que te carga, obviamente que hay una reacci\u00f3n, tratamos todos de que no pase a mayores y por suerte no sucedi\u00f3 nada grave\u00bb<\/strong>, fue la explicaci\u00f3n del DT de Boca sobre toda la secuencia final.<\/p>\n<\/div>\n<div id=\"element-body-10\" readability=\"25.745098039216\">\n<blockquote class=\"twitter-tweet\" readability=\"6.3372549019608\">\n<p lang=\"es\" dir=\"ltr\">\u00abNO INTENTA PEGAR UN GOLPE\u00bb \ud83d\udde3\ufe0f<\/p>\n<p>La queja de Claudio \u00dabeda en la conferencia de prensa posterior a la derrota de Boca vs. Cruzeiro por la roja a Adam Bareiro.<a href=\"https:\/\/twitter.com\/hashtag\/Libertadores?src=hash&amp;ref_src=twsrc%5Etfw\">#Libertadores<\/a> <a href=\"https:\/\/t.co\/hTnXz8wTJ6\">pic.twitter.com\/hTnXz8wTJ6<\/a><\/p>\n<p>\u2014 TNT Sports Argentina (@TNTSportsAR) <a href=\"https:\/\/twitter.com\/TNTSportsAR\/status\/2049322478044955097?ref_src=twsrc%5Etfw\">April 29, 2026<\/a><\/p><\/blockquote><\/div>\n<div id=\"element-body-11\" readability=\"64\">\n<p>Si bien intent\u00f3 alejarse de la actuaci\u00f3n del \u00e1rbitro, \u00dabeda dej\u00f3 algunas consideraciones en conferencia de prensa. \u201cRespecto a la expulsi\u00f3n, nosotros vimos que no hab\u00eda sido para nada sancionable. El \u00e1rbitro decide sacar segunda tarjeta amarilla que cuando uno observa la imagen te das cuenta que Adam nunca hace el gesto de golpear. Nos condicion\u00f3 todo el partido, y nos dificult\u00f3 nuestro plan de juego\u201d, se quej\u00f3 el DT que perdi\u00f3 un invicto de 14 partidos. Y agreg\u00f3: \u201cQued\u00f3 a la vista como fue el arbitraje de Ostojich. Tuvo un exceso de protagonismo. Saco demasiadas amarillas\u201d.<\/p>\n<\/div>\n<div id=\"element-body-12\" readability=\"58\">\n<p>Leandro Paredes tambi\u00e9n se sum\u00f3 a la bronca: <strong>\u201cDesde el minuto cero el \u00e1rbitro se comport\u00f3 igual. Acabo de ver las dos jugadas de Bareiro y ninguna me pareci\u00f3 de amarilla\u201d<\/strong>.<\/p>\n<\/div>\n<div id=\"element-body-13\" readability=\"22.463855421687\">\n<blockquote class=\"twitter-tweet\" readability=\"6.1265060240964\">\n<p lang=\"es\" dir=\"ltr\">\u00abHAY QUE PENSAR EN LO QUE VIENE\u00bb \u2705<\/p>\n<p>Leandro Paredes post derrota de Boca<\/p>\n<p><a href=\"https:\/\/twitter.com\/hashtag\/libertadores?src=hash&amp;ref_src=twsrc%5Etfw\">#libertadores<\/a> <a href=\"https:\/\/t.co\/HPmQV9zRP4\">pic.twitter.com\/HPmQV9zRP4<\/a><\/p>\n<p>\u2014 TNT Sports Argentina (@TNTSportsAR) <a href=\"https:\/\/twitter.com\/TNTSportsAR\/status\/2049316907099034064?ref_src=twsrc%5Etfw\">April 29, 2026<\/a><\/p><\/blockquote><\/div>\n<div id=\"element-body-14\" readability=\"64\">\n<p>El capit\u00e1n, que recibi\u00f3 su segunda amonestaci\u00f3n acumulada y qued\u00f3 en capilla para los \u00faltimos tres encuentros de la fase de grupos, analiz\u00f3 el encuentro: <strong>\u201cSe nos hizo cuesta arriba, est\u00e1bamos bien y lleg\u00f3 la roja. Asi y todo no sufrimos. Hay que pensar en lo que viene: el campeonato y Ecuador, que va a ser dif\u00edcil\u201d<\/strong>.<\/p>\n<\/div>\n","protected":false},"excerpt":{"rendered":"<p>Empujones, corridas, persecuci\u00f3n y alg\u00fan que otro golpe. El final del triunfo de Cruzeiro sobre Boca por la tercera fecha de la Copa Libertadores tuvo de todo. Lo empez\u00f3 Leandro Paredes, que fue a buscar a Matheus Pereira, que festejaba la victoria con alg\u00fan gesto sobrador. Y atr\u00e1s del capit\u00e1n del Xeneize se sumaron todos, [&hellip;]<\/p>\n","protected":false},"author":1,"featured_media":190741,"comment_status":"closed","ping_status":"closed","sticky":false,"template":"","format":"standard","meta":[],"categories":[20],"tags":[],"_links":{"self":[{"href":"http:\/\/cordobainforma.info\/index.php\/wp-json\/wp\/v2\/posts\/190740"}],"collection":[{"href":"http:\/\/cordobainforma.info\/index.php\/wp-json\/wp\/v2\/posts"}],"about":[{"href":"http:\/\/cordobainforma.info\/index.php\/wp-json\/wp\/v2\/types\/post"}],"author":[{"embeddable":true,"href":"http:\/\/cordobainforma.info\/index.php\/wp-json\/wp\/v2\/users\/1"}],"replies":[{"embeddable":true,"href":"http:\/\/cordobainforma.info\/index.php\/wp-json\/wp\/v2\/comments?post=190740"}],"version-history":[{"count":0,"href":"http:\/\/cordobainforma.info\/index.php\/wp-json\/wp\/v2\/posts\/190740\/revisions"}],"wp:featuredmedia":[{"embeddable":true,"href":"http:\/\/cordobainforma.info\/index.php\/wp-json\/wp\/v2\/media\/190741"}],"wp:attachment":[{"href":"http:\/\/cordobainforma.info\/index.php\/wp-json\/wp\/v2\/media?parent=190740"}],"wp:term":[{"taxonomy":"category","embeddable":true,"href":"http:\/\/cordobainforma.info\/index.php\/wp-json\/wp\/v2\/categories?post=190740"},{"taxonomy":"post_tag","embeddable":true,"href":"http:\/\/cordobainforma.info\/index.php\/wp-json\/wp\/v2\/tags?post=190740"}],"curies":[{"name":"wp","href":"https:\/\/api.w.org\/{rel}","templated":true}]}}