{"id":190736,"date":"2026-04-28T14:08:59","date_gmt":"2026-04-28T14:08:59","guid":{"rendered":"https:\/\/somoscordobeses.com\/2026\/04\/28\/liga-cronograma-fecha-9-equipos-cordobeses-playoffs\/"},"modified":"2026-04-28T14:08:59","modified_gmt":"2026-04-28T14:08:59","slug":"la-liga-confirmo-el-cronograma-de-la-fecha-9-los-equipos-cordobeses-que-buscan-su-lugar-en-los-playoffs","status":"publish","type":"post","link":"http:\/\/cordobainforma.info\/index.php\/2026\/04\/28\/la-liga-confirmo-el-cronograma-de-la-fecha-9-los-equipos-cordobeses-que-buscan-su-lugar-en-los-playoffs\/","title":{"rendered":"La Liga confirm\u00f3 el cronograma de la fecha 9: los equipos cordobeses que buscan su lugar en los playoffs"},"content":{"rendered":"<div><img src=\"http:\/\/cordobainforma.info\/wp-content\/uploads\/2026\/04\/la-liga-confirmo-el-cronograma-de-la-fecha-9-los-equipos-cordobeses-que-buscan-su-lugar-en-los-playoffs.jpg\" class=\"ff-og-image-inserted\"><\/div>\n<div class=\"tdb-block-inner td-fix-index\" readability=\"45\">\n<p><strong>La AFA oficializ\u00f3 la reprogramaci\u00f3n de la jornada que definir\u00e1 los cruces de octavos de final. Talleres ya est\u00e1 clasificado, mientras que Belgrano e Instituto a\u00fan luchan por un lugar.<\/strong><\/p>\n<p>La Asociaci\u00f3n del F\u00fatbol Argentino (AFA) ha oficializado la reprogramaci\u00f3n de la fecha 9 del Torneo Apertura, una jornada clave que marcar\u00e1 el cierre de la fase regular y determinar\u00e1 los cruces de los playoffs. Esta fecha adquiere una relevancia particular ya que a\u00fan quedan siete plazas en juego para los octavos de final, las cuales se resolver\u00e1n mayoritariamente entre el s\u00e1bado y el domingo.<\/p>\n<p>El s\u00e1bado, Talleres, que ya est\u00e1 clasificado, visita a Uni\u00f3n en Santa Fe, equipo que intenta quedarse entre los 8 de la Zona \u201cA\u201d. Belgrano, que este lunes recibi\u00f3 una buena noticia con la derrota de Hurac\u00e1n, recibe a Sarmiento desde las 16 hs para confirmar su ingreso a los playoffs. Por \u00faltimo, Instituto, con todos los resultados puestos sobre la mesa, visita a Estudiantes de R\u00edo Cuarto para saber si participar\u00e1 de los playoffs.<\/p>\n<p>Originalmente, estos encuentros deb\u00edan disputarse a principios de marzo, pero fueron suspendidos debido a un paro de actividades resuelto por el Comit\u00e9 Ejecutivo de la AFA. La medida fue una respuesta de los clubes ante las investigaciones judiciales por presunta evasi\u00f3n fiscal que pesan sobre el presidente de la entidad, Claudio \u201cChiqui\u201d Tapia, y el tesorero Pablo Toviggino.<\/p>\n<p>Debido al feriado por el D\u00eda del Trabajador, no habr\u00e1 actividad el viernes 1\u00b0 de mayo. La acci\u00f3n se concentrar\u00e1 de la siguiente manera: al finalizar el \u00faltimo encuentro del lunes, quedar\u00e1n establecidas formalmente todas las llaves de la primera instancia eliminatoria del campeonato.<\/p>\n<\/div>\n","protected":false},"excerpt":{"rendered":"<p>La AFA oficializ\u00f3 la reprogramaci\u00f3n de la jornada que definir\u00e1 los cruces de octavos de final. Talleres ya est\u00e1 clasificado, mientras que Belgrano e Instituto a\u00fan luchan por un lugar. La Asociaci\u00f3n del F\u00fatbol Argentino (AFA) ha oficializado la reprogramaci\u00f3n de la fecha 9 del Torneo Apertura, una jornada clave que marcar\u00e1 el cierre de [&hellip;]<\/p>\n","protected":false},"author":1,"featured_media":190737,"comment_status":"closed","ping_status":"closed","sticky":false,"template":"","format":"standard","meta":[],"categories":[20,2],"tags":[],"_links":{"self":[{"href":"http:\/\/cordobainforma.info\/index.php\/wp-json\/wp\/v2\/posts\/190736"}],"collection":[{"href":"http:\/\/cordobainforma.info\/index.php\/wp-json\/wp\/v2\/posts"}],"about":[{"href":"http:\/\/cordobainforma.info\/index.php\/wp-json\/wp\/v2\/types\/post"}],"author":[{"embeddable":true,"href":"http:\/\/cordobainforma.info\/index.php\/wp-json\/wp\/v2\/users\/1"}],"replies":[{"embeddable":true,"href":"http:\/\/cordobainforma.info\/index.php\/wp-json\/wp\/v2\/comments?post=190736"}],"version-history":[{"count":0,"href":"http:\/\/cordobainforma.info\/index.php\/wp-json\/wp\/v2\/posts\/190736\/revisions"}],"wp:featuredmedia":[{"embeddable":true,"href":"http:\/\/cordobainforma.info\/index.php\/wp-json\/wp\/v2\/media\/190737"}],"wp:attachment":[{"href":"http:\/\/cordobainforma.info\/index.php\/wp-json\/wp\/v2\/media?parent=190736"}],"wp:term":[{"taxonomy":"category","embeddable":true,"href":"http:\/\/cordobainforma.info\/index.php\/wp-json\/wp\/v2\/categories?post=190736"},{"taxonomy":"post_tag","embeddable":true,"href":"http:\/\/cordobainforma.info\/index.php\/wp-json\/wp\/v2\/tags?post=190736"}],"curies":[{"name":"wp","href":"https:\/\/api.w.org\/{rel}","templated":true}]}}