{"id":190734,"date":"2026-04-27T21:01:11","date_gmt":"2026-04-27T21:01:11","guid":{"rendered":"https:\/\/www.escribiendocine.com\/noticias\/2026\/04\/27\/22050-los-suenos-de-lynch-cinepolis-lleva-al-cine-cinco-obras-clave-de-david-lynch"},"modified":"2026-04-27T21:01:11","modified_gmt":"2026-04-27T21:01:11","slug":"los-suenos-de-lynch-cinepolis-lleva-al-cine-cinco-obras-clave-de-david-lynch","status":"publish","type":"post","link":"http:\/\/cordobainforma.info\/index.php\/2026\/04\/27\/los-suenos-de-lynch-cinepolis-lleva-al-cine-cinco-obras-clave-de-david-lynch\/","title":{"rendered":"\u201cLos Sue\u00f1os de Lynch\u201d: Cin\u00e9polis lleva al cine cinco obras clave de David Lynch"},"content":{"rendered":"<div class=\"media_block\"><\/div>\n<div><img src=\"http:\/\/cordobainforma.info\/wp-content\/uploads\/2026\/04\/los-suenos-de-lynch-cinepolis-lleva-al-cine-cinco-obras-clave-de-david-lynch.jpg\" class=\"ff-og-image-inserted\"><\/div>\n<div readability=\"23.028571428571\">\n<div class=\"col-xs-12 col-sm-6 col-md-12 col-lg-3 no-padding col-der\" readability=\"7\">\n<p> <span class=\"fecha\">lunes 27 de abril de 2026 <\/span> <\/p>\n<\/p><\/div><\/div>\n<div readability=\"55.599397590361\">\n<p>El programa <strong>Los Sue\u00f1os de Lynch <\/strong>llega a las salas de <a href=\"https:\/\/www.cinepolis.com.ar\/\" target=\"_blank\" rel=\"noopener noreferrer\">Cin\u00e9polis<\/a> a partir del 14 de mayo de 2026 como parte de la iniciativa +QUE CINE. Se trata de una curadur\u00eda que re\u00fane cinco t\u00edtulos centrales en la obra de David Lynch, con el objetivo de reponer su filmograf\u00eda en pantalla grande y reinstalar su lenguaje en el circuito contempor\u00e1neo.<\/p>\n<p>La propuesta no se limita a una retrospectiva. Funciona como una reorganizaci\u00f3n de la obra del director bajo un eje tem\u00e1tico que atraviesa su cine: la construcci\u00f3n de mundos donde la l\u00f3gica narrativa se fragmenta y la percepci\u00f3n del espectador queda en tensi\u00f3n constante. En ese marco, la experiencia en sala aparece como un elemento determinante para la recepci\u00f3n de sus pel\u00edculas.<\/p>\n<p>El recorrido incluye t\u00edtulos que marcan momentos espec\u00edficos dentro de su trayectoria. <strong>The Elephant Man<\/strong> se inscribe en una etapa de reconocimiento industrial, mientras que <strong>Blue Velvet <\/strong>introduce una mirada sobre la violencia latente en los espacios cotidianos. M\u00e1s adelante, <strong>The Straight Story<\/strong> desplaza el foco hacia una narrativa lineal basada en hechos reales, en contraste con la estructura fragmentada que define a <strong>Mulholland Drive<\/strong> y<strong> Inland Empire<\/strong>, donde el relato se disuelve en capas de sentido.<\/p>\n<p>La figura de David Lynch excede el campo estrictamente cinematogr\u00e1fico. Su trabajo como artista visual y m\u00fasico construye una po\u00e9tica que se traslada a sus pel\u00edculas, donde el sonido y la imagen operan como dispositivos narrativos antes que como elementos decorativos. Esa l\u00f3gica se mantiene a lo largo de su filmograf\u00eda, que aborda temas como la identidad, la duplicidad y los mecanismos del inconsciente.<\/p>\n<p>El ciclo se inscribe en una tendencia de reprogramaci\u00f3n de autores en salas comerciales, en un contexto donde las plataformas digitales modificaron los h\u00e1bitos de consumo. La decisi\u00f3n de exhibir estas obras en cine busca restituir una dimensi\u00f3n que suele diluirse en otros formatos: la relaci\u00f3n entre imagen, sonido y espacio.<\/p>\n<p>Las entradas para \u201cLos Sue\u00f1os de Lynch\u201d ya se encuentran disponibles a trav\u00e9s de los canales digitales de Cin\u00e9polis, incluyendo su sitio web, aplicaci\u00f3n m\u00f3vil y sistema <a href=\"https:\/\/movieclub.com.ar\/\" target=\"_blank\" rel=\"noopener noreferrer\">MovieClub<\/a>. La estrategia de preventa anticipada apunta a consolidar un p\u00fablico que combina espectadores habituales con nuevas audiencias interesadas en revisitar el cine de autor en condiciones de exhibici\u00f3n tradicionales.<\/p>\n<p>El ciclo propone, en definitiva, una lectura ordenada de una obra que se caracteriza por su resistencia a las estructuras convencionales. En ese gesto, la programaci\u00f3n no solo recupera pel\u00edculas, sino que reabre una discusi\u00f3n sobre las formas de ver cine en la actualidad.<\/p>\n<p><iframe src=\"https:\/\/www.youtube.com\/embed\/PyEeniH16IY\" width=\"560\" height=\"314\" allowfullscreen=\"allowfullscreen\">[embedded content]<\/iframe><\/p>\n<\/p><\/div>\n","protected":false},"excerpt":{"rendered":"<p>lunes 27 de abril de 2026 El programa Los Sue\u00f1os de Lynch llega a las salas de Cin\u00e9polis a partir del 14 de mayo de 2026 como parte de la iniciativa +QUE CINE. Se trata de una curadur\u00eda que re\u00fane cinco t\u00edtulos centrales en la obra de David Lynch, con el objetivo de reponer su [&hellip;]<\/p>\n","protected":false},"author":1,"featured_media":190735,"comment_status":"open","ping_status":"closed","sticky":false,"template":"","format":"standard","meta":[],"categories":[21],"tags":[],"_links":{"self":[{"href":"http:\/\/cordobainforma.info\/index.php\/wp-json\/wp\/v2\/posts\/190734"}],"collection":[{"href":"http:\/\/cordobainforma.info\/index.php\/wp-json\/wp\/v2\/posts"}],"about":[{"href":"http:\/\/cordobainforma.info\/index.php\/wp-json\/wp\/v2\/types\/post"}],"author":[{"embeddable":true,"href":"http:\/\/cordobainforma.info\/index.php\/wp-json\/wp\/v2\/users\/1"}],"replies":[{"embeddable":true,"href":"http:\/\/cordobainforma.info\/index.php\/wp-json\/wp\/v2\/comments?post=190734"}],"version-history":[{"count":0,"href":"http:\/\/cordobainforma.info\/index.php\/wp-json\/wp\/v2\/posts\/190734\/revisions"}],"wp:featuredmedia":[{"embeddable":true,"href":"http:\/\/cordobainforma.info\/index.php\/wp-json\/wp\/v2\/media\/190735"}],"wp:attachment":[{"href":"http:\/\/cordobainforma.info\/index.php\/wp-json\/wp\/v2\/media?parent=190734"}],"wp:term":[{"taxonomy":"category","embeddable":true,"href":"http:\/\/cordobainforma.info\/index.php\/wp-json\/wp\/v2\/categories?post=190734"},{"taxonomy":"post_tag","embeddable":true,"href":"http:\/\/cordobainforma.info\/index.php\/wp-json\/wp\/v2\/tags?post=190734"}],"curies":[{"name":"wp","href":"https:\/\/api.w.org\/{rel}","templated":true}]}}