{"id":190726,"date":"2026-04-26T12:02:57","date_gmt":"2026-04-26T12:02:57","guid":{"rendered":"https:\/\/www.mujerhoy.com\/vivir\/ocio\/baga-precioso-pueblo-medieval-pirineo-catalan-una-hora-barcelona-20260426131921-nt.html"},"modified":"2026-04-26T12:02:57","modified_gmt":"2026-04-26T12:02:57","slug":"este-es-el-precioso-pueblo-medieval-del-pirineo-catalan-a-una-hora-de-barcelona-donde-parece-que-se-ha-parado-el-tiempo","status":"publish","type":"post","link":"http:\/\/cordobainforma.info\/index.php\/2026\/04\/26\/este-es-el-precioso-pueblo-medieval-del-pirineo-catalan-a-una-hora-de-barcelona-donde-parece-que-se-ha-parado-el-tiempo\/","title":{"rendered":"Este es el precioso pueblo medieval del Pirineo catal\u00e1n a una hora de Barcelona donde parece que se ha parado el tiempo"},"content":{"rendered":"<div class=\"media_block\"><\/div>\n<p><!-- AUTHOR --><\/p>\n<div class=\"voc-author-timesocial \">\n<!-- AUTHOR --><\/p>\n<div class=\"voc-author-timesocial__signature \">\n<!-- IMAGE AUTHOR -->\n<picture class=\"voc-image-signature\">\n<img class=\"voc-image-signature__img\" src=\"http:\/\/cordobainforma.info\/wp-content\/uploads\/2026\/04\/este-es-el-precioso-pueblo-medieval-del-pirineo-catalan-a-una-hora-de-barcelona-donde-parece-que-se-ha-parado-el-tiempo.jpg\" alt=\"Elena Romero Vargas\">\n<\/picture>\n<!-- INFO AUTHOR --> <\/div><\/div>\n<p><!-- COMPONENTS --><\/p>\n<p class=\"voc-paragraph\">Al noroeste de la ciudad de Barcelona, a las puertas del <a href=\"https:\/\/www.mujerhoy.com\/vivir\/ocio\/vall-de-nuria-pirineo-catalan-gerona-santuario-virgen-esqui-hotel-descanso-paisajes-preciosos-20251004120705-nt.html\" data-voc-vtm-id=\"in-text-traffic\" title=\"precioso Pirineo catal\u00e1n\" data-mrf-link=\"www.mujerhoy.com\">precioso Pirineo catal\u00e1n<\/a>, se encuentra uno de esos pueblos en los que parece que el tiempo se ha detenido en la \u00e9poca medieval. <strong>Bag\u00e0 <\/strong>es uno de esos tesoros escondidos en la geograf\u00eda espa\u00f1ola que no dejan indiferente a ning\u00fan visitante, y es que el encanto hist\u00f3rico converge con un paisaje de ensue\u00f1o que, especialmente en esta \u00e9poca del a\u00f1o, constituye el destino ideal para aquellos que busquen una escapada a un destino donde <a href=\"https:\/\/www.mujerhoy.com\/vivir\/ocio\/torrenueva-castilla-la-mancha-iglesias-medievales-hotel-la-caminera-golf-20251121113609-nt.html\" data-voc-vtm-id=\"in-text-traffic\" title=\"la belleza invite a la desconexi\u00f3n\" data-mrf-link=\"www.mujerhoy.com\">la belleza invite a la desconexi\u00f3n<\/a>.<\/p>\n<p class=\"voc-paragraph\">Bag\u00e0 es la <strong>capital hist\u00f3rica de Alt Bergued\u00e0 <\/strong>y forma parte del Parc Natural del Cad\u00ed-Moixer\u00f3, que hace de tel\u00f3n de fondo perfecto a las manifestaciones hist\u00f3ricas y art\u00edsticas que siguen en pie en esta id\u00edlica localidad. Pero para entender bien el valor de Bag\u00e0, merece la pena acercarse a conocer su historia. Sus or\u00edgenes se remontan al siglo IX, aunque no empieza a desarrollarse como villa hasta el <strong>a\u00f1o 1233<\/strong>, con la familia Pin\u00f3s como principal promotora de su crecimiento.<\/p>\n<div class=\"v-c-cmp v-c-cmp--t1 \">\n<div class=\"v-cmp-rld v-cmp-rld--2 \">\n<div class=\"v-cnt-m v-cnt-m--m\">\n<div class=\"v-cnt-m__c\">\n<div class=\"v-cnt-m__w v-cnt-m__w--1\">\n<p class=\"v-cnt-m__t\">\nTAMBI\u00c9N TE INTERESA\n<\/p>\n<\/div>\n<\/div>\n<\/div>\n<div class=\"v-g v-g--2-c v-g--bdr-min-xs\">\n<div class=\"v-g__c \">\n<article class=\"v-a v-a--cmp-rld v-a--cmp-rld-2 v-a--p-l\">\n<div class=\"v-a-img-c\">\n<figure class=\"v-a-fig\">\n<a href=\"https:\/\/www.mujerhoy.com\/vivir\/ocio\/broto-pueblo-desconocido-pirineo-aragones-calles-cuento-cascada-rutas-senderismo-20260214113039-nt.html#vtm_modulosEngag=mod-rel:vivir:noticia:1:cmp:2-not\" class=\"v-a-link\" title=\"El pueblo desconocido del Pirineo aragon\u00e9s que parece sacado de un cuento: calles empedradas, una cascada y vistas a la monta\u00f1a\"><br \/>\n<img loading=\"lazy\" class=\"v-a-img\" src=\"http:\/\/cordobainforma.info\/wp-content\/uploads\/2026\/04\/este-es-el-precioso-pueblo-medieval-del-pirineo-catalan-a-una-hora-de-barcelona-donde-parece-que-se-ha-parado-el-tiempo-1.jpg\" alt=\"El pueblo desconocido del Pirineo aragon\u00e9s que parece sacado de un cuento: calles empedradas, una cascada y vistas a la monta\u00f1a\"><br \/>\n<\/a><br \/>\n<\/figure>\n<\/div>\n<\/article>\n<\/div>\n<div class=\"v-g__c \">\n<article class=\"v-a v-a--cmp-rld v-a--cmp-rld-2 v-a--p-l\">\n<div class=\"v-a-img-c\">\n<figure class=\"v-a-fig\">\n<a href=\"https:\/\/www.mujerhoy.com\/vivir\/ocio\/torla-ordesa-pueblo-pirineo-aragones-arquitectura-piedra-pizarra-paisaje-montanoso-ruta-senderismo-20250914112137-nt.html#vtm_modulosEngag=mod-rel:vivir:noticia:2:cmp:2-not\" class=\"v-a-link\" title=\"El pueblo del Pirineo aragon\u00e9s para visitar en oto\u00f1o: parece de cuento y tiene rutas de senderismo para toda la familia\"><br \/>\n<img loading=\"lazy\" class=\"v-a-img\" src=\"http:\/\/cordobainforma.info\/wp-content\/uploads\/2026\/04\/este-es-el-precioso-pueblo-medieval-del-pirineo-catalan-a-una-hora-de-barcelona-donde-parece-que-se-ha-parado-el-tiempo-2.jpg\" alt=\"El pueblo del Pirineo aragon\u00e9s para visitar en oto\u00f1o: parece de cuento y tiene rutas de senderismo para toda la familia\"><br \/>\n<\/a><br \/>\n<\/figure>\n<\/div>\n<\/article>\n<\/div>\n<\/div>\n<\/div>\n<\/div>\n<p class=\"voc-paragraph\">El punto \u00e1lgido de su historia lo vive entre los<strong> siglos XIV y XV<\/strong>, donde el crecimiento urban\u00edstico con la construcci\u00f3n de elementos tan importantes como las murallas afianzan la importancia que este pueblo comenzaba a tener. No osbtante, en estos siglos se escribe tambi\u00e9n un cap\u00edtulo oscuro en sus historia, con episodios tr\u00e1gicos como la llegada de la peste negra o la guerra civil catalana que afect\u00f3 de lleno a la localidad.<\/p>\n<p class=\"voc-paragraph\">En Bag\u00e0 se escribi\u00f3 un relato de luces y sombras hasta el siglo XVIII, cuando se afianzan las actividades artesanales y manufactureras que vuelven a devolver al pueblo catal\u00e1n la esperanza en el desarrollo. En concreto, <strong>la industria textil y la miner\u00eda<\/strong> fueron su motor econ\u00f3mico hasta ya entrados en el siglo XX, cuando empez\u00f3 a verse este rinc\u00f3n piren\u00e1ico como un destino de renombre entre los turistas.<\/p>\n<p class=\"voc-paragraph\">Y no es para menos, pues cada etapa de la historia de Bag\u00e0 fue dejando una huella imborrable que es la semilla del encanto que todo visitante puede disfrutar hoy. Si est\u00e1s pensando en hacer una <a href=\"https:\/\/www.mujerhoy.com\/vivir\/ocio\/belmonte-pueblo-medieval-bonito-cuenca-castillo-molinos-escapadas-cercanas-20260403132419-nt.html\" data-voc-vtm-id=\"in-text-traffic\" title=\"escapada de primavera \" data-mrf-link=\"www.mujerhoy.com\">escapada de primavera <\/a>y eres de los que disfrutan de ver <strong>restos a\u00fan vivos de la historia<\/strong> en las calles de cualquier localidad, este rinc\u00f3n tan cercano a Barcelona lo tiene todo para convertirse en tu pr\u00f3xima parada.<\/p>\n<div class=\"v-c-cmp v-c-cmp--s\">\n<div class=\"v-cmp-m \">\n<article class=\"v-a v-a--cmp-m v-c-cmp--m-z\">\n<div class=\"v-a-img-c \">\n<div class=\"v-a-fig\">\n<button class=\"v-a-link\" popovertarget=\"photo-315\"><br \/>\n<img loading=\"lazy\" src=\"http:\/\/cordobainforma.info\/wp-content\/uploads\/2026\/04\/este-es-el-precioso-pueblo-medieval-del-pirineo-catalan-a-una-hora-de-barcelona-donde-parece-que-se-ha-parado-el-tiempo-3.jpg\" class=\"v-a-img\" width=\"650\" height=\"650\" alt=\"Bag\u00e0, Barcelona\" data-voc-vtm-id=\"in-text-traffic\"> <\/button><figcaption class=\"v-fc\">\n<span class=\"v-fc__t\"><br \/>\nBag\u00e0, Barcelona<br \/>\n<\/span><br \/>\n<span class=\"v-fc__p\"><br \/>\nTurisme Catalunya<br \/>\n<\/span><br \/>\n<\/figcaption><\/div>\n<\/div>\n<div id=\"photo-315\" popover class=\"v-mdl v-mdl--fw\">\n<button class=\"v-x\" popovertarget=\"photo-315\" popovertargetaction=\"hide\"><br \/>\n<span class=\"v-i\"><br \/>\n<svg width=\"24\" height=\"23.996\" viewBox=\"0 0 24 23.996\">\n<path data-name=\"Uni\u00f3n 29\" d=\"M12,14.03,2.031,24,0,21.963,9.968,12,0,2.033,2.031,0,12,9.966,21.969,0,24,2.033,14.032,12,24,21.963,21.969,24Z\" \/>\n<\/svg><br \/>\n<\/span><br \/>\n<\/button><\/p>\n<div class=\"v-mdl__c\">\n<div class=\"v-mdl__w\">\n<img loading=\"lazy\" src=\"http:\/\/cordobainforma.info\/wp-content\/uploads\/2026\/04\/este-es-el-precioso-pueblo-medieval-del-pirineo-catalan-a-una-hora-de-barcelona-donde-parece-que-se-ha-parado-el-tiempo-3.jpg\" class=\"v-mdl__img-z\" width=\"650\" height=\"650\" alt>\n<\/div>\n<\/div>\n<\/div>\n<p><span class=\"v-bdp\"><\/span><br \/>\n<\/article>\n<\/div>\n<\/div>\n<p><h3 class=\"v-cmp-suh\">\nTodo lo que no te puedes perder si visitas Bag\u00e0<br \/>\n<\/h3>\n<\/p>\n<p class=\"voc-paragraph\">El mejor punto de partida en tu visita a Bag\u00e0 no puede ser otro que su<strong> casco hist\u00f3rico<\/strong>. Fue dise\u00f1ado en el siglo XIII siguiendo la tradici\u00f3n urban\u00edstica del momento: calles empedradas que siguen un orden muy marcado y un centro muy definido que, en el caso de Bag\u00e0, no puede ser otro que la <strong>Pla\u00e7a Portxada<\/strong>, un espacio recubierto de p\u00f3rticos de piedra que remite a esta \u00e9poca del medievo y que supone un oasis de armon\u00eda arquitect\u00f3nica en medio del caos propio y tan bello de las monta\u00f1as.<\/p>\n<p class=\"voc-paragraph\">A partir de esta plaza fueron construidas multitud de casas se\u00f1oriales y edificios de suma importancia tanto en la <strong>\u00e9poca medieval como moderna<\/strong>, y que asumen buena parte de la responsabilidad de que pasear por el centro de Bag\u00e0 sea una experiencia \u00fanica. Destacan por conservar elementos propios de su \u00e9poca que conviven con la tradici\u00f3n arquitect\u00f3nica piren\u00e1ica, como las ventanas geminadas o los balcones de hierro.<\/p>\n<div class=\"v-c-cmp v-c-cmp--s\">\n<div class=\"v-cmp-m \">\n<article class=\"v-a v-a--cmp-m v-c-cmp--m-z\">\n<div class=\"v-a-img-c \">\n<div class=\"v-a-fig\">\n<button class=\"v-a-link\" popovertarget=\"photo-926\"><br \/>\n<img loading=\"lazy\" src=\"http:\/\/cordobainforma.info\/wp-content\/uploads\/2026\/04\/este-es-el-precioso-pueblo-medieval-del-pirineo-catalan-a-una-hora-de-barcelona-donde-parece-que-se-ha-parado-el-tiempo-4.jpg\" class=\"v-a-img\" width=\"650\" height=\"650\" alt=\"Pla\u00e7a Portxada, Barg\u00e0\" data-voc-vtm-id=\"in-text-traffic\"> <\/button><figcaption class=\"v-fc\">\n<span class=\"v-fc__t\"><br \/>\nPla\u00e7a Portxada, Barg\u00e0<br \/>\n<\/span><br \/>\n<span class=\"v-fc__p\"><br \/>\nTurisme El Bergued\u00e0<br \/>\n<\/span><br \/>\n<\/figcaption><\/div>\n<\/div>\n<div id=\"photo-926\" popover class=\"v-mdl v-mdl--fw\">\n<button class=\"v-x\" popovertarget=\"photo-926\" popovertargetaction=\"hide\"><br \/>\n<span class=\"v-i\"><br \/>\n<svg width=\"24\" height=\"23.996\" viewBox=\"0 0 24 23.996\">\n<path data-name=\"Uni\u00f3n 29\" d=\"M12,14.03,2.031,24,0,21.963,9.968,12,0,2.033,2.031,0,12,9.966,21.969,0,24,2.033,14.032,12,24,21.963,21.969,24Z\" \/>\n<\/svg><br \/>\n<\/span><br \/>\n<\/button><\/p>\n<div class=\"v-mdl__c\">\n<div class=\"v-mdl__w\">\n<img loading=\"lazy\" src=\"http:\/\/cordobainforma.info\/wp-content\/uploads\/2026\/04\/este-es-el-precioso-pueblo-medieval-del-pirineo-catalan-a-una-hora-de-barcelona-donde-parece-que-se-ha-parado-el-tiempo-4.jpg\" class=\"v-mdl__img-z\" width=\"650\" height=\"650\" alt>\n<\/div>\n<\/div>\n<\/div>\n<p><span class=\"v-bdp\"><\/span><br \/>\n<\/article>\n<\/div>\n<\/div>\n<p class=\"voc-paragraph\">En paralelo a la construcci\u00f3n de este casco hist\u00f3rico &#8211; por cierto, uno de los mejor conservados del Pirineo catal\u00e1n &#8211; se levantaron tambi\u00e9n las <strong>murallas de Bag\u00e0<\/strong>, una construcci\u00f3n con fines estrat\u00e9gicos y defensivos que marc\u00f3 la identidad y evoluci\u00f3n de este pueblo. A la muralla pertenec\u00eda tambi\u00e9n torres y portales de acceso, aunque de todo el conjunto no quedan m\u00e1s que algunas torres y lienzos de la muralla en pie. No obstante, el crecimiento urban\u00edstico ha sabido aprovechar a la perfecci\u00f3n estos elementos para ponerlos en valor y seguir brind\u00e1ndole el protagonismo que merecen.<\/p>\n<p class=\"voc-paragraph\">Otro de los mejores edificios para comprender el poder que esta villa lleg\u00f3 a tener es el <strong>Palau dels Pin\u00f3s<\/strong>, un palacio fortificado que ten\u00eda tanto la funci\u00f3n de residencia como la de centro administrativo. La familia Pin\u00f3s, responsable en gran medida de la grandeza de este lugar, controlaba desde este lugar tanto el territorio como las cuestiones log\u00edsticas del d\u00eda a d\u00eda de la villa. En la actualidad es la sede de la Oficina de Turismo de Bag\u00e0 y el <strong>Centre Medieval i dels C\u00e0tars<\/strong>, donde puedes conocer mejor el v\u00ednculo de este pueblo con los c\u00e1taros y admirar las espectaculares pinturas murales neocl\u00e1sicas que conserva en su interior.<\/p>\n<p class=\"voc-paragraph\">En el centro hist\u00f3rico de Bag\u00e0 se encuentra tambi\u00e9n la <strong>iglesia de Sant Esteve<\/strong>, uno de los mejores ejemplos que se conservan de la transici\u00f3n del rom\u00e1nico al g\u00f3tico en Catalu\u00f1a, un estilo \u00fanico que se explica por la duraci\u00f3n en el tiempo que tuvo su construcci\u00f3n (entre los siglos XIII y XV). En su interior cuenta tambi\u00e9n con capillas y otros espacios dedicados a la vida religiosa que fueron cruciales durante la Edad Media.<\/p>\n<div class=\"v-c-cmp v-c-cmp--s\">\n<div class=\"v-cmp-m \">\n<article class=\"v-a v-a--cmp-m v-c-cmp--m-z\">\n<div class=\"v-a-img-c \">\n<div class=\"v-a-fig\">\n<button class=\"v-a-link\" popovertarget=\"photo-596\"><br \/>\n<img loading=\"lazy\" src=\"http:\/\/cordobainforma.info\/wp-content\/uploads\/2026\/04\/este-es-el-precioso-pueblo-medieval-del-pirineo-catalan-a-una-hora-de-barcelona-donde-parece-que-se-ha-parado-el-tiempo-5.jpg\" class=\"v-a-img\" width=\"650\" height=\"650\" alt=\"Puente de la Villa, Bag'a\" data-voc-vtm-id=\"in-text-traffic\"> <\/button><figcaption class=\"v-fc\">\n<span class=\"v-fc__t\"><br \/>\nPuente de la Villa, Bag&#8217;a<br \/>\n<\/span><br \/>\n<span class=\"v-fc__p\"><br \/>\nAjuntament de Bag\u00e0<br \/>\n<\/span><br \/>\n<\/figcaption><\/div>\n<\/div>\n<div id=\"photo-596\" popover class=\"v-mdl v-mdl--fw\">\n<button class=\"v-x\" popovertarget=\"photo-596\" popovertargetaction=\"hide\"><br \/>\n<span class=\"v-i\"><br \/>\n<svg width=\"24\" height=\"23.996\" viewBox=\"0 0 24 23.996\">\n<path data-name=\"Uni\u00f3n 29\" d=\"M12,14.03,2.031,24,0,21.963,9.968,12,0,2.033,2.031,0,12,9.966,21.969,0,24,2.033,14.032,12,24,21.963,21.969,24Z\" \/>\n<\/svg><br \/>\n<\/span><br \/>\n<\/button><\/p>\n<div class=\"v-mdl__c\">\n<div class=\"v-mdl__w\">\n<img loading=\"lazy\" src=\"http:\/\/cordobainforma.info\/wp-content\/uploads\/2026\/04\/este-es-el-precioso-pueblo-medieval-del-pirineo-catalan-a-una-hora-de-barcelona-donde-parece-que-se-ha-parado-el-tiempo-5.jpg\" class=\"v-mdl__img-z\" width=\"650\" height=\"650\" alt>\n<\/div>\n<\/div>\n<\/div>\n<p><span class=\"v-bdp\"><\/span><br \/>\n<\/article>\n<\/div>\n<\/div>\n<p class=\"voc-paragraph\">Si lo que buscas en Bag\u00e0 es un rinc\u00f3n de esos que dejan boquiabiertos (y en el que poder conseguir las fotos m\u00e1s bonitas) tienes que acercarte a conocer el <strong>Puente de la Villa <\/strong>y el entorno natural que le rodea. Su origen es medieval y cruza el r\u00edo Bastareny para conectar el centro hist\u00f3rico con el entorno natural, en el que se integra a la perfecci\u00f3n gracias a haber sido construido en piedra y mimetizarse con el aspecto rural tan significativo. Desde aqu\u00ed, adem\u00e1s, puedes acceder al Parque Natural del Cad\u00ed-Moixer\u00f3 por las rutas de senderismo que encuentran aqu\u00ed su punto de partida y que van a enriquecer much\u00edsimo tu visita.<\/p>\n<p class=\"voc-paragraph\">Por \u00faltimo, y aunque tristemente sea algo que solo se puede disfrutar el d\u00eda de Nochebuena, tenemos que hablarte de las <strong>fiestas de la Fia-faia<\/strong>, una tradici\u00f3n con or\u00edgenes precristianos que ha llegado hasta la actualidad y que se ha merecido la distinci\u00f3n de Patrimonio Cultural Inmaterial de la Humanidad por la UNESCO. Esta fiesta consiste en bajar antorchas encendidas desde la monta\u00f1a hasta el pueblo y, una vez llegados al centro de \u00e9ste, repartir el fuego entre los vecinos mientras entonan cantos tradicionales o saltan las brasas.<\/p>\n<div class=\"v-c-cmp v-c-cmp--t1 \">\n<div class=\"v-cmp-rld v-cmp-rld--2 \">\n<div class=\"v-cnt-m v-cnt-m--m\">\n<div class=\"v-cnt-m__c\">\n<div class=\"v-cnt-m__w v-cnt-m__w--1\">\n<p class=\"v-cnt-m__t\">\nNO TE PIERDAS\n<\/p>\n<\/div>\n<\/div>\n<\/div>\n<div class=\"v-g v-g--2-c v-g--bdr-min-xs\">\n<div class=\"v-g__c \">\n<article class=\"v-a v-a--cmp-rld v-a--cmp-rld-2 v-a--p-l\">\n<div class=\"v-a-img-c\">\n<figure class=\"v-a-fig\">\n<a href=\"https:\/\/www.mujerhoy.com\/vivir\/ocio\/hecho-pueblo-pirineo-aragones-tejados-pizarra-dialecto-unico-monasterio-20251012122644-nt.html#vtm_modulosEngag=mod-rel:vivir:noticia:1:cmp:2-not\" class=\"v-a-link\" title=\"El precioso pueblo del Pirineo aragon\u00e9s con tejados de pizarra, un dialecto \u00fanico y un antiguo monasterio que tienes que visitar este oto\u00f1o\"><br \/>\n<img loading=\"lazy\" class=\"v-a-img\" src=\"http:\/\/cordobainforma.info\/wp-content\/uploads\/2026\/04\/este-es-el-precioso-pueblo-medieval-del-pirineo-catalan-a-una-hora-de-barcelona-donde-parece-que-se-ha-parado-el-tiempo-6.jpg\" alt=\"El precioso pueblo del Pirineo aragon\u00e9s con tejados de pizarra, un dialecto \u00fanico y un antiguo monasterio que tienes que visitar este oto\u00f1o\"><br \/>\n<\/a><br \/>\n<\/figure>\n<\/div>\n<\/article>\n<\/div>\n<div class=\"v-g__c \">\n<article class=\"v-a v-a--cmp-rld v-a--cmp-rld-2 v-a--p-l\">\n<div class=\"v-a-img-c\">\n<figure class=\"v-a-fig\">\n<a href=\"https:\/\/www.mujerhoy.com\/vivir\/ocio\/jaca-huesca-escapada-invernal-romanico-pirineos-nieve-20251130141539-nt.html#vtm_modulosEngag=mod-rel:vivir:noticia:2:cmp:2-not\" class=\"v-a-link\" title=\"Esta ciudad de Huesca te pondr\u00e1 a los pies de los Pirineos: lo mejor del rom\u00e1nico y un fabuloso monasterio\"><br \/>\n<img loading=\"lazy\" class=\"v-a-img\" src=\"http:\/\/cordobainforma.info\/wp-content\/uploads\/2026\/04\/este-es-el-precioso-pueblo-medieval-del-pirineo-catalan-a-una-hora-de-barcelona-donde-parece-que-se-ha-parado-el-tiempo-7.jpg\" alt=\"Esta ciudad de Huesca te pondr\u00e1 a los pies de los Pirineos: lo mejor del rom\u00e1nico y un fabuloso monasterio\"><br \/>\n<\/a><br \/>\n<\/figure>\n<\/div>\n<\/article>\n<\/div>\n<\/div>\n<\/div>\n<\/div>\n","protected":false},"excerpt":{"rendered":"<p>Al noroeste de la ciudad de Barcelona, a las puertas del precioso Pirineo catal\u00e1n, se encuentra uno de esos pueblos en los que parece que el tiempo se ha detenido en la \u00e9poca medieval. Bag\u00e0 es uno de esos tesoros escondidos en la geograf\u00eda espa\u00f1ola que no dejan indiferente a ning\u00fan visitante, y es que [&hellip;]<\/p>\n","protected":false},"author":1,"featured_media":190727,"comment_status":"open","ping_status":"closed","sticky":false,"template":"","format":"standard","meta":[],"categories":[18],"tags":[],"_links":{"self":[{"href":"http:\/\/cordobainforma.info\/index.php\/wp-json\/wp\/v2\/posts\/190726"}],"collection":[{"href":"http:\/\/cordobainforma.info\/index.php\/wp-json\/wp\/v2\/posts"}],"about":[{"href":"http:\/\/cordobainforma.info\/index.php\/wp-json\/wp\/v2\/types\/post"}],"author":[{"embeddable":true,"href":"http:\/\/cordobainforma.info\/index.php\/wp-json\/wp\/v2\/users\/1"}],"replies":[{"embeddable":true,"href":"http:\/\/cordobainforma.info\/index.php\/wp-json\/wp\/v2\/comments?post=190726"}],"version-history":[{"count":0,"href":"http:\/\/cordobainforma.info\/index.php\/wp-json\/wp\/v2\/posts\/190726\/revisions"}],"wp:featuredmedia":[{"embeddable":true,"href":"http:\/\/cordobainforma.info\/index.php\/wp-json\/wp\/v2\/media\/190727"}],"wp:attachment":[{"href":"http:\/\/cordobainforma.info\/index.php\/wp-json\/wp\/v2\/media?parent=190726"}],"wp:term":[{"taxonomy":"category","embeddable":true,"href":"http:\/\/cordobainforma.info\/index.php\/wp-json\/wp\/v2\/categories?post=190726"},{"taxonomy":"post_tag","embeddable":true,"href":"http:\/\/cordobainforma.info\/index.php\/wp-json\/wp\/v2\/tags?post=190726"}],"curies":[{"name":"wp","href":"https:\/\/api.w.org\/{rel}","templated":true}]}}