{"id":190724,"date":"2026-04-27T15:16:10","date_gmt":"2026-04-27T15:16:10","guid":{"rendered":"https:\/\/www.mujerhoy.com\/moda\/no-te-pierdas\/vestido-vaquero-sienta-bien-zara-hm-20260427172252-nt.html"},"modified":"2026-04-27T15:16:10","modified_gmt":"2026-04-27T15:16:10","slug":"este-es-el-vestido-vaquero-que-sienta-bien-a-todas-y-esta-por-todas-partes","status":"publish","type":"post","link":"http:\/\/cordobainforma.info\/index.php\/2026\/04\/27\/este-es-el-vestido-vaquero-que-sienta-bien-a-todas-y-esta-por-todas-partes\/","title":{"rendered":"Este es el vestido vaquero que sienta bien a todas y est\u00e1 por todas partes"},"content":{"rendered":"<div class=\"media_block\"><\/div>\n<p><!-- AUTHOR --><\/p>\n<div class=\"voc-author-timesocial \">\n<!-- AUTHOR --><\/p>\n<div class=\"voc-author-timesocial__signature \">\n<!-- IMAGE AUTHOR -->\n<picture class=\"voc-image-signature\">\n<img class=\"voc-image-signature__img\" src=\"http:\/\/cordobainforma.info\/wp-content\/uploads\/2026\/04\/este-es-el-vestido-vaquero-que-sienta-bien-a-todas-y-esta-por-todas-partes.jpg\" alt=\"Raquel Rodr\u00edguez\">\n<\/picture>\n<!-- INFO AUTHOR --> <\/div><\/div>\n<p><!-- COMPONENTS --><\/p>\n<p class=\"voc-paragraph\">Al igual que ocurre con los <a href=\"https:\/\/www.mujerhoy.com\/moda\/no-te-pierdas\/nuevo-vestidos-midi-baratos-verano-zara-20250820081504-nt.html\" title=\"www.mujerhoy.com\" data-voc-vtm-id=\"in-text-traffic\" data-mrf-link=\"www.mujerhoy.com\">camiseros<\/a>, los vestidos vaqueros son esa prenda que nunca pasa de moda y que siempre se postula como un buen aliado para cuando no sabes qu\u00e9 ponerte. Combinan con todo, son perfectos para usar a diario y gracias a su tejido se trata de una <strong>prenda atemporal que siempre funciona<\/strong>. Y s\u00ed, este 2026 especialmente.<\/p>\n<p class=\"voc-paragraph\">Echando un vistazo a las novedades de algunas de nuestras firmas favoritas, nos hemos encontrado con un dise\u00f1o de <a href=\"https:\/\/www.mujerhoy.com\/moda\/no-te-pierdas\/vestido-midi-nuevo-basicos-baratos-primark-20260302075534-nt.html\" title=\"www.mujerhoy.com\" data-voc-vtm-id=\"in-text-traffic\" data-mrf-link=\"www.mujerhoy.com\">vestido denim<\/a> que es el denominador com\u00fan de las mismas. Un vestido de largo midi, de tirantes o sin mangas y con un corte en A con falda de vuelo que sienta de maravilla.<\/p>\n<div class=\"v-c-cmp v-c-cmp--t1 \">\n<div class=\"v-cmp-rld v-cmp-rld--2 \">\n<div class=\"v-cnt-m v-cnt-m--m\">\n<div class=\"v-cnt-m__c\">\n<div class=\"v-cnt-m__w v-cnt-m__w--1\">\n<p class=\"v-cnt-m__t\">\nTAMBI\u00c9N TE INTERESA\n<\/p>\n<\/div>\n<\/div>\n<\/div>\n<div class=\"v-g v-g--2-c v-g--bdr-min-xs\">\n<div class=\"v-g__c \">\n<article class=\"v-a v-a--cmp-rld v-a--cmp-rld-2 v-a--p-l\">\n<div class=\"v-a-img-c\">\n<figure class=\"v-a-fig\">\n<a href=\"https:\/\/www.mujerhoy.com\/moda\/no-te-pierdas\/prendas-vaqueras-primavera-coleccion-denim-20260416175246-nt.html#vtm_modulosEngag=mod-rel:moda:noticia:1:cmp:2-not\" class=\"v-a-link\" title=\"La fiebre del denim contin\u00faa esta primavera: las prendas vaqueras que necesitas para sumarte a la tendencia de las mejor vestidas\"><br \/>\n<img loading=\"lazy\" class=\"v-a-img\" src=\"http:\/\/cordobainforma.info\/wp-content\/uploads\/2026\/04\/este-es-el-vestido-vaquero-que-sienta-bien-a-todas-y-esta-por-todas-partes-1.jpg\" alt=\"La fiebre del denim contin\u00faa esta primavera: las prendas vaqueras que necesitas para sumarte a la tendencia de las mejor vestidas\"><br \/>\n<\/a><br \/>\n<\/figure>\n<\/div>\n<\/article>\n<\/div>\n<div class=\"v-g__c \">\n<article class=\"v-a v-a--cmp-rld v-a--cmp-rld-2 v-a--p-l\">\n<div class=\"v-a-img-c\">\n<figure class=\"v-a-fig\">\n<a href=\"https:\/\/www.mujerhoy.com\/moda\/no-te-pierdas\/mejores-vestidos-bordado-ingles-primavera-verano-20260422163316-nt.html#vtm_modulosEngag=mod-rel:moda:noticia:2:cmp:2-not\" class=\"v-a-link\" title=\"Estoy enamorada de estos vestidos con bordado ingl\u00e9s que favorecen a cualquier edad en verano\"><br \/>\n<img loading=\"lazy\" class=\"v-a-img\" src=\"http:\/\/cordobainforma.info\/wp-content\/uploads\/2026\/04\/este-es-el-vestido-vaquero-que-sienta-bien-a-todas-y-esta-por-todas-partes-2.jpg\" alt=\"Estoy enamorada de estos vestidos con bordado ingl\u00e9s que favorecen a cualquier edad en verano\"><br \/>\n<\/a><br \/>\n<\/figure>\n<\/div>\n<\/article>\n<\/div>\n<\/div>\n<\/div>\n<\/div>\n<p class=\"voc-paragraph\">Una prenda que <strong>favorece a todo tipo de siluetas<\/strong>, que es c\u00f3moda y que hemos fichado en las<a href=\"https:\/\/www.mujerhoy.com\/moda\/no-te-pierdas\/nuevo-zara-camisa-blanca-mas-50-anos-20260420073704-nt.html\" title=\"www.mujerhoy.com\" data-voc-vtm-id=\"in-text-traffic\" data-mrf-link=\"www.mujerhoy.com\"> novedades de Zara <\/a>y en otras colecciones como las de H&amp;M. Un dise\u00f1o ideal para llevar con sandalias, con zapatillas, con alpargatas o con bailarinas. \u00bfT\u00fa tambi\u00e9n lo quieres? Ficha todas las opciones.<\/p>\n<div class=\"v-c-cmp \">\n<div class=\"v-cmp-m v-cmp-m--t1\">\n<article class=\"v-a v-a--cmp-m v-c-cmp--m-p\">\n<div class=\"v-a-img-c v-a-img-c--fw-xs\">\n<div class=\"v-a-fig\">\n<div class=\"v-a-link\">\n<img loading=\"lazy\" src=\"http:\/\/cordobainforma.info\/wp-content\/uploads\/2026\/04\/este-es-el-vestido-vaquero-que-sienta-bien-a-todas-y-esta-por-todas-partes.png\" class=\"v-a-img\" width=\"650\" height=\"975\" alt data-voc-vtm-id=\"in-text-traffic\">\n<\/div>\n<\/div>\n<\/div>\n<\/article>\n<\/div>\n<\/div>\n<p><h3 class=\"v-cmp-suh\">\nWild Pony<br \/>\n<\/h3>\n<\/p>\n<p class=\"voc-paragraph\">En Wild Pony puedes fichar este vestido con tejido 100% algod\u00f3n chambray de color azul que imita el denim. Es un dise\u00f1o con cuello redondo y sin mangas y una falda de corte amplio con mucho vuelo. Precio: 74,95 euros.<\/p>\n<div class=\"v-c-cmp \">\n<div class=\"v-cmp-m v-cmp-m--t1\">\n<article class=\"v-a v-a--cmp-m v-c-cmp--m-p\">\n<div class=\"v-a-img-c v-a-img-c--fw-xs\">\n<div class=\"v-a-fig\">\n<div class=\"v-a-link\">\n<img loading=\"lazy\" src=\"http:\/\/cordobainforma.info\/wp-content\/uploads\/2026\/04\/este-es-el-vestido-vaquero-que-sienta-bien-a-todas-y-esta-por-todas-partes-1.png\" class=\"v-a-img\" width=\"650\" height=\"975\" alt data-voc-vtm-id=\"in-text-traffic\">\n<\/div>\n<\/div>\n<\/div>\n<\/article>\n<\/div>\n<\/div>\n<p><h3 class=\"v-cmp-suh\">\nPolo Club<br \/>\n<\/h3>\n<\/p>\n<p class=\"voc-paragraph\">Este es un vestido largo de tirantes, de corte slim y estructura evas\u00e9. Se cierra mediante cremallera trasera y est\u00e1 confeccionado en denim de algod\u00f3n, perfecto para estilos desenfadados con un toque actual. Precio: 69,90 euros.<\/p>\n<div class=\"v-c-cmp \">\n<div class=\"v-cmp-m v-cmp-m--t1\">\n<article class=\"v-a v-a--cmp-m v-c-cmp--m-p\">\n<div class=\"v-a-img-c v-a-img-c--fw-xs\">\n<div class=\"v-a-fig\">\n<div class=\"v-a-link\">\n<img loading=\"lazy\" src=\"http:\/\/cordobainforma.info\/wp-content\/uploads\/2026\/04\/este-es-el-vestido-vaquero-que-sienta-bien-a-todas-y-esta-por-todas-partes-2.png\" class=\"v-a-img\" width=\"650\" height=\"975\" alt data-voc-vtm-id=\"in-text-traffic\">\n<\/div>\n<\/div>\n<\/div>\n<\/article>\n<\/div>\n<\/div>\n<p><h3 class=\"v-cmp-suh\">\nZara<br \/>\n<\/h3>\n<\/p>\n<p class=\"voc-paragraph\">Esta es una opci\u00f3n s\u00faper fresquita porque est\u00e1 confeccionada con lino. Tiene el cuello redondo, manga sisa y la espalda descubierta. Sienta de maravilla porque tiene la cintura entallada y el bajo en evas\u00e9. Precio: 29,95 euros.<\/p>\n<div class=\"v-c-cmp \">\n<div class=\"v-cmp-m v-cmp-m--t1\">\n<article class=\"v-a v-a--cmp-m v-c-cmp--m-p\">\n<div class=\"v-a-img-c v-a-img-c--fw-xs\">\n<div class=\"v-a-fig\">\n<div class=\"v-a-link\">\n<img loading=\"lazy\" src=\"http:\/\/cordobainforma.info\/wp-content\/uploads\/2026\/04\/este-es-el-vestido-vaquero-que-sienta-bien-a-todas-y-esta-por-todas-partes-3.png\" class=\"v-a-img\" width=\"650\" height=\"975\" alt data-voc-vtm-id=\"in-text-traffic\">\n<\/div>\n<\/div>\n<\/div>\n<\/article>\n<\/div>\n<\/div>\n<p><h3 class=\"v-cmp-suh\">\nH&amp;M<br \/>\n<\/h3>\n<\/p>\n<p class=\"voc-paragraph\">Si te gusta m\u00e1s el largo midi, este vestido midi en denim de algod\u00f3n con cuerpo entallado y falda con vuelo es ideal. Es un modelo con escote bailarina, tirantes finos y cremallera oculta en la espalda. Precio: 39,99 euros.<\/p>\n<div class=\"v-c-cmp \">\n<div class=\"v-cmp-m v-cmp-m--t1\">\n<article class=\"v-a v-a--cmp-m v-c-cmp--m-p\">\n<div class=\"v-a-img-c v-a-img-c--fw-xs\">\n<div class=\"v-a-fig\">\n<div class=\"v-a-link\">\n<img loading=\"lazy\" src=\"http:\/\/cordobainforma.info\/wp-content\/uploads\/2026\/04\/este-es-el-vestido-vaquero-que-sienta-bien-a-todas-y-esta-por-todas-partes-4.png\" class=\"v-a-img\" width=\"650\" height=\"975\" alt data-voc-vtm-id=\"in-text-traffic\">\n<\/div>\n<\/div>\n<\/div>\n<\/article>\n<\/div>\n<\/div>\n<p><h3 class=\"v-cmp-suh\">\nGAP<br \/>\n<\/h3>\n<\/p>\n<p class=\"voc-paragraph\">Por \u00faltimo, un vestido maxi vaquero con escote redondo, tirantes ajustables con botones en la espalda y cremallera lateral pr\u00e1ctica. Destaca por las l\u00edneas de costura delanteras y traseras y el ligero fruncido en la espalda realzan la silueta. Precio: 99,99 euros.<\/p>\n<div class=\"v-c-cmp v-c-cmp--t1 \">\n<div class=\"v-cmp-rld v-cmp-rld--2 \">\n<div class=\"v-cnt-m v-cnt-m--m\">\n<div class=\"v-cnt-m__c\">\n<div class=\"v-cnt-m__w v-cnt-m__w--1\">\n<p class=\"v-cnt-m__t\">\nq2TAMBI\u00c9N TE INTERESA\n<\/p>\n<\/div>\n<\/div>\n<\/div>\n<div class=\"v-g v-g--2-c v-g--bdr-min-xs\">\n<div class=\"v-g__c \">\n<article class=\"v-a v-a--cmp-rld v-a--cmp-rld-2 v-a--p-l\">\n<div class=\"v-a-img-c\">\n<figure class=\"v-a-fig\">\n<a href=\"https:\/\/www.mujerhoy.com\/moda\/no-te-pierdas\/vestido-viral-massimo-dutti-especial-primavera-verano-20260418175429-nt.html#vtm_modulosEngag=mod-rel:moda:noticia:1:cmp:2-not\" class=\"v-a-link\" title=\"El vestido m\u00e1s viral de Massimo Dutti: qu\u00e9 tiene de especial\"><br \/>\n<img loading=\"lazy\" class=\"v-a-img\" src=\"http:\/\/cordobainforma.info\/wp-content\/uploads\/2026\/04\/este-es-el-vestido-vaquero-que-sienta-bien-a-todas-y-esta-por-todas-partes-3.jpg\" alt=\"El vestido m\u00e1s viral de Massimo Dutti: qu\u00e9 tiene de especial\"><br \/>\n<\/a><br \/>\n<\/figure>\n<\/div>\n<\/article>\n<\/div>\n<div class=\"v-g__c \">\n<article class=\"v-a v-a--cmp-rld v-a--cmp-rld-2 v-a--p-l\">\n<div class=\"v-a-img-c\">\n<figure class=\"v-a-fig\">\n<a href=\"https:\/\/www.mujerhoy.com\/moda\/no-te-pierdas\/vestidos-invitada-made-spain-elegantes-bonitos-bodas-bautizos-comuniones-20260422160222-ga.html#vtm_modulosEngag=mod-rel:moda:noticia:2:cmp:2-not\" class=\"v-a-link\" title=\"Vestidos de invitada made in Spain para sobrevivir con estilo a la temporada de bodas, bautizos y comuniones\"><br \/>\n<img loading=\"lazy\" class=\"v-a-img\" src=\"http:\/\/cordobainforma.info\/wp-content\/uploads\/2026\/04\/este-es-el-vestido-vaquero-que-sienta-bien-a-todas-y-esta-por-todas-partes-4.jpg\" alt=\"Vestidos de invitada made in Spain para sobrevivir con estilo a la temporada de bodas, bautizos y comuniones\"><br \/>\n<\/a> <\/figure>\n<\/div>\n<\/article>\n<\/div>\n<\/div>\n<\/div>\n<\/div>\n","protected":false},"excerpt":{"rendered":"<p>Al igual que ocurre con los camiseros, los vestidos vaqueros son esa prenda que nunca pasa de moda y que siempre se postula como un buen aliado para cuando no sabes qu\u00e9 ponerte. Combinan con todo, son perfectos para usar a diario y gracias a su tejido se trata de una prenda atemporal que siempre [&hellip;]<\/p>\n","protected":false},"author":1,"featured_media":190725,"comment_status":"closed","ping_status":"closed","sticky":false,"template":"","format":"standard","meta":[],"categories":[24],"tags":[],"_links":{"self":[{"href":"http:\/\/cordobainforma.info\/index.php\/wp-json\/wp\/v2\/posts\/190724"}],"collection":[{"href":"http:\/\/cordobainforma.info\/index.php\/wp-json\/wp\/v2\/posts"}],"about":[{"href":"http:\/\/cordobainforma.info\/index.php\/wp-json\/wp\/v2\/types\/post"}],"author":[{"embeddable":true,"href":"http:\/\/cordobainforma.info\/index.php\/wp-json\/wp\/v2\/users\/1"}],"replies":[{"embeddable":true,"href":"http:\/\/cordobainforma.info\/index.php\/wp-json\/wp\/v2\/comments?post=190724"}],"version-history":[{"count":0,"href":"http:\/\/cordobainforma.info\/index.php\/wp-json\/wp\/v2\/posts\/190724\/revisions"}],"wp:featuredmedia":[{"embeddable":true,"href":"http:\/\/cordobainforma.info\/index.php\/wp-json\/wp\/v2\/media\/190725"}],"wp:attachment":[{"href":"http:\/\/cordobainforma.info\/index.php\/wp-json\/wp\/v2\/media?parent=190724"}],"wp:term":[{"taxonomy":"category","embeddable":true,"href":"http:\/\/cordobainforma.info\/index.php\/wp-json\/wp\/v2\/categories?post=190724"},{"taxonomy":"post_tag","embeddable":true,"href":"http:\/\/cordobainforma.info\/index.php\/wp-json\/wp\/v2\/tags?post=190724"}],"curies":[{"name":"wp","href":"https:\/\/api.w.org\/{rel}","templated":true}]}}