{"id":190712,"date":"2026-04-28T07:00:00","date_gmt":"2026-04-28T07:00:00","guid":{"rendered":"http:\/\/cordobainforma.info\/index.php\/2026\/04\/28\/pedido-de-captura-a-dos-familiares-y-una-ong-en-la-mira-por-la-violacion-de-la-menor-hallada-en-la-clinica-de-villa-ballester\/"},"modified":"2026-04-28T07:00:00","modified_gmt":"2026-04-28T07:00:00","slug":"pedido-de-captura-a-dos-familiares-y-una-ong-en-la-mira-por-la-violacion-de-la-menor-hallada-en-la-clinica-de-villa-ballester","status":"publish","type":"post","link":"http:\/\/cordobainforma.info\/index.php\/2026\/04\/28\/pedido-de-captura-a-dos-familiares-y-una-ong-en-la-mira-por-la-violacion-de-la-menor-hallada-en-la-clinica-de-villa-ballester\/","title":{"rendered":"Pedido de captura a dos familiares y una ONG en la mira por la violaci\u00f3n de la menor hallada en la cl\u00ednica de Villa Ballester"},"content":{"rendered":"<div class=\"media_block\"><\/div>\n<div><img src=\"http:\/\/cordobainforma.info\/wp-content\/uploads\/2026\/04\/pedido-de-captura-a-dos-familiares-y-una-ong-en-la-mira-por-la-violacion-de-la-menor-hallada-en-la-clinica-de-villa-ballester.jpg\" class=\"ff-og-image-inserted\"><\/div>\n<p>La Justicia emiti\u00f3 <strong>pedido de captura para dos familiares<\/strong> de la ni\u00f1a de 12 a\u00f1os que curs\u00f3 un embarazo producto de una violaci\u00f3n en Santiago del Estero y fue hallada en la Cl\u00ednica Santa Mar\u00eda en <a target=\"_blank\" href=\"https:\/\/www.perfil.com\/noticias\/sociedad\/la-policia-encontro-fetos-en-bolsas-en-un-allanamiento-en-una-clinica.phtml\" rel=\"noopener noreferrer\"><strong>Villa Ballester<\/strong><\/a>, instituci\u00f3n en la que hallaron ocho fetos descartados tras un allanamiento. Este lunes tambi\u00e9n se realiz\u00f3 una <strong>fiscalizaci\u00f3n en el lugar<\/strong>, mientras se <strong>investiga a una ONG<\/strong>. <\/p>\n<p>Fuentes del caso confirmaron que los dos familiares de la menor abusada son buscados de manera intensa, por lo que hay <strong>pedido de captura a nivel nacional e internacional<\/strong>. Por el momento no hay novedades de sus paraderos. <\/p>\n<p>A la fecha se investiga si la menor fue a <strong>dar a luz a la cl\u00ednica o si se practic\u00f3 un aborto<\/strong>, por lo que se indaga sobre la situaci\u00f3n del beb\u00e9 (que ya ten\u00eda ocho meses de gestaci\u00f3n) y d\u00f3nde se encuentra. Por ello, se cree que existe una presunta red dedicada a la <strong>trata de personas o a la sustracci\u00f3n de menores<\/strong> involucrada en el caso. <\/p>\n<div class=\"subscription\" readability=\"6.683257918552\">\n<p> Esto no les gusta a los autoritarios <\/p>\n<div class=\"subscription__container\" readability=\"6.1467391304348\">\n<div class=\"subscription__text-wrapper\" readability=\"31.20652173913\">\n<p> El ejercicio del periodismo profesional y cr\u00edtico es un pilar fundamental de la democracia. Por eso molesta a quienes creen ser los due\u00f1os de la verdad. <\/p>\n<\/p><\/div><\/div><\/div>\n<p class=\"destacadoNota\"><a target=\"_blank\" href=\"https:\/\/www.perfil.com\/noticias\/policia\/triple-crimen-de-florencio-varela-senor-j-quedo-sin-procesamiento-y-cambia-la-situacion-para-dos-acusados-a41.phtml\" rel=\"noopener noreferrer\">Triple crimen de Florencio Varela: \u00abSe\u00f1or J\u00bb qued\u00f3 sin procesamiento y cambi\u00f3 la situaci\u00f3n para dos acusados<\/a><\/p>\n<p>En Argentina, la ley de Interrupci\u00f3n Voluntaria del Embarazo (IVE) marca un l\u00edmite hasta la semana 14 inclusive, y solo admite excepciones en casos de riesgo de muerte para la persona gestante y para <strong>casos de violaci\u00f3n. <\/strong>En ese caso, la ley de Interrupci\u00f3n Legal del Embarazo (ILE) comprende que no hay un l\u00edmite temporal para la intervenci\u00f3n. <\/p>\n<p>La ONG es se\u00f1alada por estar detr\u00e1s del viaje de la menor de 12 a\u00f1os y su madre desde Santiago del Estero a Buenos Aires. La organizaci\u00f3n est\u00e1 siendo investigada para conocer el rol que cumpli\u00f3 en la causa, pese a que en Argentina rigen las leyes de IVE e ILE. No trascendieron detalles del estado de salud de la menor. <\/p>\n<h2>La fiscalizaci\u00f3n del Ministerio de Salud provincial no encendi\u00f3 nuevas alarmas <\/h2>\n<p>Personal del Ministerio de Salud de la provincia de Buenos Aires realiz\u00f3 este lunes una<strong> fiscalizaci\u00f3n en la instituci\u00f3n m\u00e9dica<\/strong> para \u00abevaluar las condiciones sanitarias y de seguridad\u00bb. <\/p>\n<p class=\"destacadoNota\"><a target=\"_blank\" href=\"https:\/\/www.perfil.com\/noticias\/policia\/imprudencia-grave-por-que-felipe-pettinato-recibio-tres-anos-de-prision-por-la-muerte-de-su-neurologo-a41.phtml\" rel=\"noopener noreferrer\">\u00abImprudencia grave\u00bb: por qu\u00e9 Felipe Pettinato recibi\u00f3 tres a\u00f1os de prisi\u00f3n por la muerte de su neur\u00f3logo<\/a><\/p>\n<p>Al concluir el operativo, explicaron que se <strong>registraron infracciones menores<\/strong>, como humedad en una sala de cirug\u00eda y la falta de una l\u00e1mpara cial\u00edtica, entre otras, a la que se les otorg\u00f3 un plazo para su resoluci\u00f3n. Sin embargo, \u201c<strong>de ninguna manera estas faltas constituyen motivo de clausura<\/strong> ni implican la interrupci\u00f3n de su funcionamiento\u201d. <\/p>\n<p>Se constat\u00f3 que todos los <strong>residuos <\/strong>derivados de los procedimientos de Interrupci\u00f3n Legal del Embarazo \u00ab<strong>se encontraban correctamente dispuestos<\/strong> en bolsas rojas, conforme a la normativa vigente para residuos patog\u00e9nicos en establecimientos de salud\u201d. <\/p>\n","protected":false},"excerpt":{"rendered":"<p>La Justicia emiti\u00f3 pedido de captura para dos familiares de la ni\u00f1a de 12 a\u00f1os que curs\u00f3 un embarazo producto de una violaci\u00f3n en Santiago del Estero y fue hallada en la Cl\u00ednica Santa Mar\u00eda en Villa Ballester, instituci\u00f3n en la que hallaron ocho fetos descartados tras un allanamiento. Este lunes tambi\u00e9n se realiz\u00f3 una [&hellip;]<\/p>\n","protected":false},"author":1,"featured_media":190713,"comment_status":"closed","ping_status":"closed","sticky":false,"template":"","format":"standard","meta":[],"categories":[2],"tags":[],"_links":{"self":[{"href":"http:\/\/cordobainforma.info\/index.php\/wp-json\/wp\/v2\/posts\/190712"}],"collection":[{"href":"http:\/\/cordobainforma.info\/index.php\/wp-json\/wp\/v2\/posts"}],"about":[{"href":"http:\/\/cordobainforma.info\/index.php\/wp-json\/wp\/v2\/types\/post"}],"author":[{"embeddable":true,"href":"http:\/\/cordobainforma.info\/index.php\/wp-json\/wp\/v2\/users\/1"}],"replies":[{"embeddable":true,"href":"http:\/\/cordobainforma.info\/index.php\/wp-json\/wp\/v2\/comments?post=190712"}],"version-history":[{"count":0,"href":"http:\/\/cordobainforma.info\/index.php\/wp-json\/wp\/v2\/posts\/190712\/revisions"}],"wp:featuredmedia":[{"embeddable":true,"href":"http:\/\/cordobainforma.info\/index.php\/wp-json\/wp\/v2\/media\/190713"}],"wp:attachment":[{"href":"http:\/\/cordobainforma.info\/index.php\/wp-json\/wp\/v2\/media?parent=190712"}],"wp:term":[{"taxonomy":"category","embeddable":true,"href":"http:\/\/cordobainforma.info\/index.php\/wp-json\/wp\/v2\/categories?post=190712"},{"taxonomy":"post_tag","embeddable":true,"href":"http:\/\/cordobainforma.info\/index.php\/wp-json\/wp\/v2\/tags?post=190712"}],"curies":[{"name":"wp","href":"https:\/\/api.w.org\/{rel}","templated":true}]}}