{"id":190691,"date":"2026-04-28T00:01:38","date_gmt":"2026-04-28T00:01:38","guid":{"rendered":"http:\/\/cordobainforma.info\/index.php\/2026\/04\/28\/llaryora-recibio-a-la-cgt-cordoba-escucho-a-los-trabajadores-y-coincidio-en-la\/"},"modified":"2026-04-28T00:01:38","modified_gmt":"2026-04-28T00:01:38","slug":"llaryora-recibio-a-la-cgt-cordoba-escucho-a-los-trabajadores-y-coincidio-en-la","status":"publish","type":"post","link":"http:\/\/cordobainforma.info\/index.php\/2026\/04\/28\/llaryora-recibio-a-la-cgt-cordoba-escucho-a-los-trabajadores-y-coincidio-en-la\/","title":{"rendered":"Llaryora recibi\u00f3 a la CGT <b>C\u00f3rdoba<\/b>, escuch\u00f3 a los trabajadores y coincidi\u00f3 en la &#8230;"},"content":{"rendered":"<p>&#8230; <b>C\u00f3rdoba<\/b> en un encuentro centrado en la situaci\u00f3n del empleo y el impacto de la recesi\u00f3n <b>econ\u00f3mica<\/b> en la provincia. La reuni\u00f3n cont\u00f3 con la&nbsp;&#8230; <\/p>\n","protected":false},"excerpt":{"rendered":"<p>&#8230; C\u00f3rdoba en un encuentro centrado en la situaci\u00f3n del empleo y el impacto de la recesi\u00f3n econ\u00f3mica en la provincia. La reuni\u00f3n cont\u00f3 con la&nbsp;&#8230;<\/p>\n","protected":false},"author":1,"featured_media":0,"comment_status":"closed","ping_status":"closed","sticky":false,"template":"","format":"standard","meta":[],"categories":[23],"tags":[],"_links":{"self":[{"href":"http:\/\/cordobainforma.info\/index.php\/wp-json\/wp\/v2\/posts\/190691"}],"collection":[{"href":"http:\/\/cordobainforma.info\/index.php\/wp-json\/wp\/v2\/posts"}],"about":[{"href":"http:\/\/cordobainforma.info\/index.php\/wp-json\/wp\/v2\/types\/post"}],"author":[{"embeddable":true,"href":"http:\/\/cordobainforma.info\/index.php\/wp-json\/wp\/v2\/users\/1"}],"replies":[{"embeddable":true,"href":"http:\/\/cordobainforma.info\/index.php\/wp-json\/wp\/v2\/comments?post=190691"}],"version-history":[{"count":0,"href":"http:\/\/cordobainforma.info\/index.php\/wp-json\/wp\/v2\/posts\/190691\/revisions"}],"wp:attachment":[{"href":"http:\/\/cordobainforma.info\/index.php\/wp-json\/wp\/v2\/media?parent=190691"}],"wp:term":[{"taxonomy":"category","embeddable":true,"href":"http:\/\/cordobainforma.info\/index.php\/wp-json\/wp\/v2\/categories?post=190691"},{"taxonomy":"post_tag","embeddable":true,"href":"http:\/\/cordobainforma.info\/index.php\/wp-json\/wp\/v2\/tags?post=190691"}],"curies":[{"name":"wp","href":"https:\/\/api.w.org\/{rel}","templated":true}]}}