{"id":190690,"date":"2026-04-28T00:02:18","date_gmt":"2026-04-28T00:02:18","guid":{"rendered":"http:\/\/cordobainforma.info\/index.php\/2026\/04\/28\/la-upc-y-el-municipio-de-marcos-juarez-unen-fuerzas-para-el-nuevo-polo-educativo\/"},"modified":"2026-04-28T00:02:18","modified_gmt":"2026-04-28T00:02:18","slug":"la-upc-y-el-municipio-de-marcos-juarez-unen-fuerzas-para-el-nuevo-polo-educativo","status":"publish","type":"post","link":"http:\/\/cordobainforma.info\/index.php\/2026\/04\/28\/la-upc-y-el-municipio-de-marcos-juarez-unen-fuerzas-para-el-nuevo-polo-educativo\/","title":{"rendered":"La UPC y el Municipio de Marcos Ju\u00e1rez unen fuerzas para el <b>nuevo<\/b> Polo Educativo"},"content":{"rendered":"<p>Pol\u00edtica y <b>econom\u00eda<\/b> &middot; Sociedad &middot; Deportes &#8230; Llaryora tambi\u00e9n hizo \u00e9nfasis en el compromiso de <b>C\u00f3rdoba<\/b> con la educaci\u00f3n superior, afirmando:. <\/p>\n","protected":false},"excerpt":{"rendered":"<p>Pol\u00edtica y econom\u00eda &middot; Sociedad &middot; Deportes &#8230; Llaryora tambi\u00e9n hizo \u00e9nfasis en el compromiso de C\u00f3rdoba con la educaci\u00f3n superior, afirmando:.<\/p>\n","protected":false},"author":1,"featured_media":0,"comment_status":"closed","ping_status":"closed","sticky":false,"template":"","format":"standard","meta":[],"categories":[23],"tags":[],"_links":{"self":[{"href":"http:\/\/cordobainforma.info\/index.php\/wp-json\/wp\/v2\/posts\/190690"}],"collection":[{"href":"http:\/\/cordobainforma.info\/index.php\/wp-json\/wp\/v2\/posts"}],"about":[{"href":"http:\/\/cordobainforma.info\/index.php\/wp-json\/wp\/v2\/types\/post"}],"author":[{"embeddable":true,"href":"http:\/\/cordobainforma.info\/index.php\/wp-json\/wp\/v2\/users\/1"}],"replies":[{"embeddable":true,"href":"http:\/\/cordobainforma.info\/index.php\/wp-json\/wp\/v2\/comments?post=190690"}],"version-history":[{"count":0,"href":"http:\/\/cordobainforma.info\/index.php\/wp-json\/wp\/v2\/posts\/190690\/revisions"}],"wp:attachment":[{"href":"http:\/\/cordobainforma.info\/index.php\/wp-json\/wp\/v2\/media?parent=190690"}],"wp:term":[{"taxonomy":"category","embeddable":true,"href":"http:\/\/cordobainforma.info\/index.php\/wp-json\/wp\/v2\/categories?post=190690"},{"taxonomy":"post_tag","embeddable":true,"href":"http:\/\/cordobainforma.info\/index.php\/wp-json\/wp\/v2\/tags?post=190690"}],"curies":[{"name":"wp","href":"https:\/\/api.w.org\/{rel}","templated":true}]}}