{"id":190684,"date":"2026-04-27T19:41:41","date_gmt":"2026-04-27T19:41:41","guid":{"rendered":"https:\/\/somoscordobeses.com\/2026\/04\/27\/fito-paez-anuncia-nuevo-show-en-cordoba-versiones-ineditas-y-nueva-puesta-en-escena\/"},"modified":"2026-04-27T19:41:41","modified_gmt":"2026-04-27T19:41:41","slug":"fito-paez-anuncia-nuevo-show-en-cordoba-versiones-ineditas-y-nueva-puesta-en-escena","status":"publish","type":"post","link":"http:\/\/cordobainforma.info\/index.php\/2026\/04\/27\/fito-paez-anuncia-nuevo-show-en-cordoba-versiones-ineditas-y-nueva-puesta-en-escena\/","title":{"rendered":"Fito P\u00e1ez anuncia nuevo show en C\u00f3rdoba: versiones in\u00e9ditas y nueva puesta en escena"},"content":{"rendered":"<div><img src=\"http:\/\/cordobainforma.info\/wp-content\/uploads\/2026\/04\/fito-paez-anuncia-nuevo-show-en-cordoba-versiones-ineditas-y-nueva-puesta-en-escena.jpg\" class=\"ff-og-image-inserted\"><\/div>\n<p><strong>El m\u00fasico rosarino llegar\u00e1 a la Plaza de la M\u00fasica el 16 de octubre con su Sale el Sol Tour 2026, que incluye versiones renovadas de sus cl\u00e1sicos y una puesta en escena completamente nueva.<\/strong><\/p>\n<p>Fito P\u00e1ez llega a C\u00f3rdoba en el marco de su gira <strong>Sale el Sol Tour<\/strong>. El show ser\u00e1 el <strong>16 de octubre<\/strong> en la <strong>Plaza de la M\u00fasica<\/strong> y las entradas salen a la preventa este <strong>martes 28 de abril<\/strong>.<\/p>\n<p>Las entradas se consiguen en <strong>Eden Entradas<\/strong>. La preventa exclusiva con <strong>BBVA<\/strong> comienza el 28 de abril, y la venta general se habilita el <strong>mi\u00e9rcoles 29 de abril<\/strong> con todos los medios de pago.<\/p>\n<p>El artista abre un nuevo cap\u00edtulo en su recorrido art\u00edstico y anuncia las primeras fechas de su esperada gira por el pa\u00eds, en el marco del <strong>Sale el Sol Tour 2026<\/strong>, el proyecto que marca el inicio de una etapa completamente renovada en su carrera. El tour propone un espect\u00e1culo concebido desde cero, con versiones in\u00e9ditas de sus grandes canciones y una selecci\u00f3n de temas pensada con la precisi\u00f3n artesanal que distingue a P\u00e1ez. Cada arreglo, cada sonido y cada detalle esc\u00e9nico fueron elegidos con la minuciosidad de quien conoce profundamente su propio universo.<\/p>\n<p>Sale el Sol Tour 2026 es, al mismo tiempo, un viaje por las canciones m\u00e1s emblem\u00e1ticas de su repertorio y una nueva lectura de ellas. Fito las revisita, las reinterpreta y las resignifica, ofreciendo un concierto que late con la energ\u00eda de su presente y la emoci\u00f3n de toda una vida dedicada a la m\u00fasica.<\/p>\n<p>Las presentaciones recientes en el Movistar Arena dejaron entrever el pulso de esta nueva etapa: un show intenso y emotivo, con un repertorio que cruza distintas \u00e9pocas de su obra y una puesta, a cargo de <strong>Sergio Lacroix<\/strong>, que potencia cada momento sin perder la esencia. Algo similar ocurri\u00f3 en <strong>Neuqu\u00e9n<\/strong> y <strong>Mendoza<\/strong> los d\u00edas 15 y 17 de abril, respectivamente, en el par de shows que ofici\u00f3 de ceremonia inaugural para esta gira federal y rutera que prepara Fito.<\/p>\n<p>Sin adelantar demasiado, lo que sucede en escena confirma que se trata de una experiencia pensada en cada detalle, donde la conexi\u00f3n con el p\u00fablico vuelve a ocupar un lugar central.<\/p>\n<p>En ese marco, la gira argentina asume tambi\u00e9n un prop\u00f3sito profundamente federal: llevar esta nueva propuesta a distintos puntos del pa\u00eds, reforzando el v\u00ednculo hist\u00f3rico de Fito con su audiencia m\u00e1s all\u00e1 de Buenos Aires. Cada ciudad se vuelve as\u00ed parte de una misma narrativa, donde las canciones funcionan como punto de encuentro y celebraci\u00f3n colectiva. Tras una serie de funciones consagratorias en la capital, y con los recientes shows en Mendoza y Neuqu\u00e9n como antesala de lo que se viene, el regreso a las rutas argentinas promete justamente eso: un reencuentro amplio, diverso y cercano, donde la m\u00fasica, la poes\u00eda y la emoci\u00f3n vuelven a desplegarse en todo el territorio. M\u00e1s que una gira, esta etapa del rosarino es una declaraci\u00f3n art\u00edstica: una invitaci\u00f3n a ver a Fito P\u00e1ez como nunca antes, en un momento de plenitud creativa y b\u00fasqueda constante.<\/p>\n","protected":false},"excerpt":{"rendered":"<p>El m\u00fasico rosarino llegar\u00e1 a la Plaza de la M\u00fasica el 16 de octubre con su Sale el Sol Tour 2026, que incluye versiones renovadas de sus cl\u00e1sicos y una puesta en escena completamente nueva. Fito P\u00e1ez llega a C\u00f3rdoba en el marco de su gira Sale el Sol Tour. El show ser\u00e1 el 16 [&hellip;]<\/p>\n","protected":false},"author":1,"featured_media":190685,"comment_status":"closed","ping_status":"closed","sticky":false,"template":"","format":"standard","meta":[],"categories":[2],"tags":[],"_links":{"self":[{"href":"http:\/\/cordobainforma.info\/index.php\/wp-json\/wp\/v2\/posts\/190684"}],"collection":[{"href":"http:\/\/cordobainforma.info\/index.php\/wp-json\/wp\/v2\/posts"}],"about":[{"href":"http:\/\/cordobainforma.info\/index.php\/wp-json\/wp\/v2\/types\/post"}],"author":[{"embeddable":true,"href":"http:\/\/cordobainforma.info\/index.php\/wp-json\/wp\/v2\/users\/1"}],"replies":[{"embeddable":true,"href":"http:\/\/cordobainforma.info\/index.php\/wp-json\/wp\/v2\/comments?post=190684"}],"version-history":[{"count":0,"href":"http:\/\/cordobainforma.info\/index.php\/wp-json\/wp\/v2\/posts\/190684\/revisions"}],"wp:featuredmedia":[{"embeddable":true,"href":"http:\/\/cordobainforma.info\/index.php\/wp-json\/wp\/v2\/media\/190685"}],"wp:attachment":[{"href":"http:\/\/cordobainforma.info\/index.php\/wp-json\/wp\/v2\/media?parent=190684"}],"wp:term":[{"taxonomy":"category","embeddable":true,"href":"http:\/\/cordobainforma.info\/index.php\/wp-json\/wp\/v2\/categories?post=190684"},{"taxonomy":"post_tag","embeddable":true,"href":"http:\/\/cordobainforma.info\/index.php\/wp-json\/wp\/v2\/tags?post=190684"}],"curies":[{"name":"wp","href":"https:\/\/api.w.org\/{rel}","templated":true}]}}