{"id":190682,"date":"2026-04-27T20:29:42","date_gmt":"2026-04-27T20:29:42","guid":{"rendered":"https:\/\/somoscordobeses.com\/2026\/04\/27\/koln-75-historia-concierto-keith-jarrett-cordoba\/"},"modified":"2026-04-27T20:29:42","modified_gmt":"2026-04-27T20:29:42","slug":"koln-75-la-historia-detras-del-mitico-concierto-de-keith-jarrett-llega-a-cordoba","status":"publish","type":"post","link":"http:\/\/cordobainforma.info\/index.php\/2026\/04\/27\/koln-75-la-historia-detras-del-mitico-concierto-de-keith-jarrett-llega-a-cordoba\/","title":{"rendered":"K\u00f6ln 75: La historia detr\u00e1s del m\u00edtico concierto de Keith Jarrett llega a C\u00f3rdoba"},"content":{"rendered":"<div><img src=\"http:\/\/cordobainforma.info\/wp-content\/uploads\/2026\/04\/koln-75-la-historia-detras-del-mitico-concierto-de-keith-jarrett-llega-a-cordoba.jpg\" class=\"ff-og-image-inserted\"><\/div>\n<div class=\"tdb-block-inner td-fix-index\" readability=\"49\">\n<p><strong>El Centro Cultural C\u00f3rdoba proyect\u00f3 el film que reconstruye la odisea de Vera Brandes, la joven que logr\u00f3 organizar el legendario Concierto de Colonia de 1975.<\/strong><\/p>\n<p>Promediando abril, el Centro Cultural C\u00f3rdoba exhibi\u00f3 \u201cK\u00f6ln 75\u201d, del director Ido Fluk. La pel\u00edcula, estrenada en Europa en 2025, rememora el famoso Concierto de Colonia de Keith Jarrett a trav\u00e9s de la historia de Vera Brandes, una adolescente alemana de 18 a\u00f1os que desafi\u00f3 las convenciones familiares y sociales para convertirse en productora del evento.<\/p>\n<p>Vera, hija menor de una familia conservadora, logra convencer a su madre para que le preste un cheque de diez mil marcos, tras ser abofeteada por su padre. Con ese dinero consigue el K\u00f6lner Operhaus, un teatro moderno con capacidad para casi 1500 personas, a orillas del Rin. Jarrett, entonces un pianista de 29 a\u00f1os que recorr\u00eda Europa con su talento para la improvisaci\u00f3n, acepta tocar con la condici\u00f3n de usar un piano de cola B\u00f6sendorfer 290 Imperial.<\/p>\n<p>Sin embargo, horas antes del concierto, el piano acordado no est\u00e1 disponible: solo hay un instrumento de ensayo, desafinado y en mal estado. Jarrett se niega a tocar. La pel\u00edcula narra c\u00f3mo Vera, incansable, consigue que los t\u00e9cnicos lo afinen a medianoche y convence al m\u00fasico de presentarse ante una sala llena, cuyas entradas se vendieron a cuatro marcos cada una. La funci\u00f3n del 24 de enero de 1975 pas\u00f3 a la historia como uno de los recitales de piano solo m\u00e1s c\u00e9lebres del jazz.<\/p>\n<p>Con un estilo visual que evoca al cine de Godard y Bertolucci, \u201cK\u00f6ln 75\u201d retrata el ambiente bohemio de la \u00e9poca, el empuje juvenil y la compleja relaci\u00f3n entre el artista y su instrumento. La pel\u00edcula estar\u00e1 disponible en funciones adicionales durante las pr\u00f3ximas semanas en la cartelera local.<\/p>\n<\/div>\n","protected":false},"excerpt":{"rendered":"<p>El Centro Cultural C\u00f3rdoba proyect\u00f3 el film que reconstruye la odisea de Vera Brandes, la joven que logr\u00f3 organizar el legendario Concierto de Colonia de 1975. Promediando abril, el Centro Cultural C\u00f3rdoba exhibi\u00f3 \u201cK\u00f6ln 75\u201d, del director Ido Fluk. La pel\u00edcula, estrenada en Europa en 2025, rememora el famoso Concierto de Colonia de Keith Jarrett [&hellip;]<\/p>\n","protected":false},"author":1,"featured_media":190683,"comment_status":"closed","ping_status":"closed","sticky":false,"template":"","format":"standard","meta":[],"categories":[2],"tags":[],"_links":{"self":[{"href":"http:\/\/cordobainforma.info\/index.php\/wp-json\/wp\/v2\/posts\/190682"}],"collection":[{"href":"http:\/\/cordobainforma.info\/index.php\/wp-json\/wp\/v2\/posts"}],"about":[{"href":"http:\/\/cordobainforma.info\/index.php\/wp-json\/wp\/v2\/types\/post"}],"author":[{"embeddable":true,"href":"http:\/\/cordobainforma.info\/index.php\/wp-json\/wp\/v2\/users\/1"}],"replies":[{"embeddable":true,"href":"http:\/\/cordobainforma.info\/index.php\/wp-json\/wp\/v2\/comments?post=190682"}],"version-history":[{"count":0,"href":"http:\/\/cordobainforma.info\/index.php\/wp-json\/wp\/v2\/posts\/190682\/revisions"}],"wp:featuredmedia":[{"embeddable":true,"href":"http:\/\/cordobainforma.info\/index.php\/wp-json\/wp\/v2\/media\/190683"}],"wp:attachment":[{"href":"http:\/\/cordobainforma.info\/index.php\/wp-json\/wp\/v2\/media?parent=190682"}],"wp:term":[{"taxonomy":"category","embeddable":true,"href":"http:\/\/cordobainforma.info\/index.php\/wp-json\/wp\/v2\/categories?post=190682"},{"taxonomy":"post_tag","embeddable":true,"href":"http:\/\/cordobainforma.info\/index.php\/wp-json\/wp\/v2\/tags?post=190682"}],"curies":[{"name":"wp","href":"https:\/\/api.w.org\/{rel}","templated":true}]}}