{"id":190637,"date":"2026-04-26T23:48:51","date_gmt":"2026-04-26T23:48:51","guid":{"rendered":"http:\/\/cordobainforma.info\/index.php\/2026\/04\/26\/cierra-nissan-argentina-dejara-de-fabricar-autos-en-el-pais-y-empezara-a-importar\/"},"modified":"2026-04-26T23:48:51","modified_gmt":"2026-04-26T23:48:51","slug":"cierra-nissan-argentina-dejara-de-fabricar-autos-en-el-pais-y-empezara-a-importar","status":"publish","type":"post","link":"http:\/\/cordobainforma.info\/index.php\/2026\/04\/26\/cierra-nissan-argentina-dejara-de-fabricar-autos-en-el-pais-y-empezara-a-importar\/","title":{"rendered":"Cierra Nissan Argentina, dejar\u00e1 de fabricar autos en el pa\u00eds y empezar\u00e1 a importar"},"content":{"rendered":"<p>Tras cerrar su f\u00e1brica en <b>C\u00f3rdoba<\/b> en octubre del a\u00f1o pasado y dejar &#8230; De concretarse, los nuevos due\u00f1os pasar\u00edan a formar parte de NIBU, la&nbsp;&#8230; <\/p>\n","protected":false},"excerpt":{"rendered":"<p>Tras cerrar su f\u00e1brica en C\u00f3rdoba en octubre del a\u00f1o pasado y dejar &#8230; De concretarse, los nuevos due\u00f1os pasar\u00edan a formar parte de NIBU, la&nbsp;&#8230;<\/p>\n","protected":false},"author":1,"featured_media":0,"comment_status":"closed","ping_status":"closed","sticky":false,"template":"","format":"standard","meta":[],"categories":[23],"tags":[],"_links":{"self":[{"href":"http:\/\/cordobainforma.info\/index.php\/wp-json\/wp\/v2\/posts\/190637"}],"collection":[{"href":"http:\/\/cordobainforma.info\/index.php\/wp-json\/wp\/v2\/posts"}],"about":[{"href":"http:\/\/cordobainforma.info\/index.php\/wp-json\/wp\/v2\/types\/post"}],"author":[{"embeddable":true,"href":"http:\/\/cordobainforma.info\/index.php\/wp-json\/wp\/v2\/users\/1"}],"replies":[{"embeddable":true,"href":"http:\/\/cordobainforma.info\/index.php\/wp-json\/wp\/v2\/comments?post=190637"}],"version-history":[{"count":0,"href":"http:\/\/cordobainforma.info\/index.php\/wp-json\/wp\/v2\/posts\/190637\/revisions"}],"wp:attachment":[{"href":"http:\/\/cordobainforma.info\/index.php\/wp-json\/wp\/v2\/media?parent=190637"}],"wp:term":[{"taxonomy":"category","embeddable":true,"href":"http:\/\/cordobainforma.info\/index.php\/wp-json\/wp\/v2\/categories?post=190637"},{"taxonomy":"post_tag","embeddable":true,"href":"http:\/\/cordobainforma.info\/index.php\/wp-json\/wp\/v2\/tags?post=190637"}],"curies":[{"name":"wp","href":"https:\/\/api.w.org\/{rel}","templated":true}]}}