{"id":190633,"date":"2026-04-27T01:42:57","date_gmt":"2026-04-27T01:42:57","guid":{"rendered":"https:\/\/www.clarin.com\/deportes\/batalla-campal-velada-boxeo-turquia-invasion-publico-sillas-volando-sangrienta-gresca-turcos-rusos_0_6tCJgcHGs8.html"},"modified":"2026-04-27T01:42:57","modified_gmt":"2026-04-27T01:42:57","slug":"batalla-campal-en-una-velada-de-boxeo-en-turquia-invasion-del-publico-sillas-volando-y-sangrienta-gresca-entre-turcos-y-rusos","status":"publish","type":"post","link":"http:\/\/cordobainforma.info\/index.php\/2026\/04\/27\/batalla-campal-en-una-velada-de-boxeo-en-turquia-invasion-del-publico-sillas-volando-y-sangrienta-gresca-entre-turcos-y-rusos\/","title":{"rendered":"Batalla campal en una velada de boxeo en Turqu\u00eda: invasi\u00f3n del p\u00fablico, sillas volando y sangrienta gresca entre turcos y rusos"},"content":{"rendered":"<p><img src=\"http:\/\/cordobainforma.info\/wp-content\/uploads\/2026\/04\/batalla-campal-en-una-velada-de-boxeo-en-turquia-invasion-del-publico-sillas-volando-y-sangrienta-gresca-entre-turcos-y-rusos.jpg\"><\/p>\n<div><img src=\"http:\/\/cordobainforma.info\/wp-content\/uploads\/2026\/04\/batalla-campal-en-una-velada-de-boxeo-en-turquia-invasion-del-publico-sillas-volando-y-sangrienta-gresca-entre-turcos-y-rusos-2.jpg\" class=\"ff-og-image-inserted\"><\/div>\n<div id=\"element-body-0\" readability=\"62\">\n<p>Lo que deb\u00eda ser una velada de <strong>boxeo <\/strong>con un t\u00edtulo en juego termin\u00f3 en un episodio de <strong>violencia descontrolada en la ciudad turca de Trabzon.<\/strong> El combate entre el local <strong>Emirhan Kalkan<\/strong> y el ruso <strong>Sergei Gorokhov,<\/strong> con el cintur\u00f3n de la <strong>UBO <\/strong>(Organizaci\u00f3n Universal de Boxeo) en disputa, fue interrumpido y luego cancelado tras derivar en una batalla campal que incluy\u00f3 a integrantes de ambos equipos y a parte del p\u00fablico.<\/p>\n<\/div>\n<div id=\"element-body-1\" readability=\"63\">\n<p>El quiebre se produjo durante el tercer asalto, cuando el clima comenz\u00f3 a tensarse dentro del ring. Gestos interpretados como provocaciones y movimientos en las esquinas encendieron los \u00e1nimos, generando discusiones que r\u00e1pidamente pasaron del intercambio verbal al f\u00edsico. En cuesti\u00f3n de segundos, el desorden se adue\u00f1\u00f3 del cuadril\u00e1tero.<\/p>\n<\/div>\n<div id=\"element-body-2\" readability=\"62\">\n<p>La situaci\u00f3n escal\u00f3 con la irrupci\u00f3n de m\u00faltiples personas sobre el ring. A los empujones y golpes entre los equipos se sumaron aficionados ubicados en las primeras filas, lo que multiplic\u00f3 el nivel de violencia. Im\u00e1genes difundidas en redes sociales reflejaron la magnitud del caos: <strong>sillas volando, personas ensangrentadas y escenas imposibles de controlar en el centro del recinto.<\/strong><\/p>\n<\/div>\n<div id=\"element-body-3\" readability=\"62\">\n<p>El personal de seguridad se vio sobrepasado y no logr\u00f3 contener de inmediato el enfrentamiento, que incluso se extendi\u00f3 m\u00e1s all\u00e1 del ring. Mientras tanto, por los altavoces se repet\u00edan pedidos para que el p\u00fablico mantuviera la calma, sin \u00e9xito en los primeros minutos del desborde.<\/p>\n<\/div>\n<div id=\"element-body-4\" readability=\"23.955089820359\">\n<blockquote class=\"twitter-tweet\" readability=\"4.562874251497\">\n<p lang=\"en\" dir=\"ltr\">Turkish fans reportedly attacked a Russian boxer in the ring after he beat their countryman \ud83d\ude33 <a href=\"https:\/\/t.co\/56LlVEn3jD\">pic.twitter.com\/56LlVEn3jD<\/a><\/p>\n<p>\u2014 Happy Punch (@HappyPunch) <a href=\"https:\/\/twitter.com\/HappyPunch\/status\/2048430075318616560?ref_src=twsrc%5Etfw\">April 26, 2026<\/a><\/p><\/blockquote><\/div>\n<div id=\"element-body-5\" readability=\"63\">\n<p>Ante este panorama, el \u00e1rbitro opt\u00f3 por ponerle fin al combate, que qued\u00f3 sin definici\u00f3n y con el t\u00edtulo en suspenso. Posteriormente, las autoridades locales iniciaron una investigaci\u00f3n para determinar responsabilidades y esclarecer c\u00f3mo una pelea profesional termin\u00f3 convertida en un episodio de violencia colectiva.<\/p>\n<\/div>\n<div id=\"element-body-6\" readability=\"62\">\n<p>Tras lo ocurrido, Kalkan expres\u00f3 su malestar y apunt\u00f3 contra el entorno de su rival al considerar que ciertas actitudes contribuyeron a encender la situaci\u00f3n. M\u00e1s all\u00e1 de las explicaciones, la noche qued\u00f3 marcada por un esc\u00e1ndalo que opac\u00f3 por completo lo que promet\u00eda ser un evento deportivo de alto nivel.<\/p>\n<\/div>\n","protected":false},"excerpt":{"rendered":"<p>Lo que deb\u00eda ser una velada de boxeo con un t\u00edtulo en juego termin\u00f3 en un episodio de violencia descontrolada en la ciudad turca de Trabzon. El combate entre el local Emirhan Kalkan y el ruso Sergei Gorokhov, con el cintur\u00f3n de la UBO (Organizaci\u00f3n Universal de Boxeo) en disputa, fue interrumpido y luego cancelado [&hellip;]<\/p>\n","protected":false},"author":1,"featured_media":190634,"comment_status":"closed","ping_status":"closed","sticky":false,"template":"","format":"standard","meta":[],"categories":[20],"tags":[],"_links":{"self":[{"href":"http:\/\/cordobainforma.info\/index.php\/wp-json\/wp\/v2\/posts\/190633"}],"collection":[{"href":"http:\/\/cordobainforma.info\/index.php\/wp-json\/wp\/v2\/posts"}],"about":[{"href":"http:\/\/cordobainforma.info\/index.php\/wp-json\/wp\/v2\/types\/post"}],"author":[{"embeddable":true,"href":"http:\/\/cordobainforma.info\/index.php\/wp-json\/wp\/v2\/users\/1"}],"replies":[{"embeddable":true,"href":"http:\/\/cordobainforma.info\/index.php\/wp-json\/wp\/v2\/comments?post=190633"}],"version-history":[{"count":0,"href":"http:\/\/cordobainforma.info\/index.php\/wp-json\/wp\/v2\/posts\/190633\/revisions"}],"wp:featuredmedia":[{"embeddable":true,"href":"http:\/\/cordobainforma.info\/index.php\/wp-json\/wp\/v2\/media\/190634"}],"wp:attachment":[{"href":"http:\/\/cordobainforma.info\/index.php\/wp-json\/wp\/v2\/media?parent=190633"}],"wp:term":[{"taxonomy":"category","embeddable":true,"href":"http:\/\/cordobainforma.info\/index.php\/wp-json\/wp\/v2\/categories?post=190633"},{"taxonomy":"post_tag","embeddable":true,"href":"http:\/\/cordobainforma.info\/index.php\/wp-json\/wp\/v2\/tags?post=190633"}],"curies":[{"name":"wp","href":"https:\/\/api.w.org\/{rel}","templated":true}]}}