{"id":190627,"date":"2026-04-25T22:32:24","date_gmt":"2026-04-25T22:32:24","guid":{"rendered":"https:\/\/somoscordobeses.com\/2026\/04\/25\/piantao-alborotango-estrena-tango-danza-teatro-ciudad-de-las-artes\/"},"modified":"2026-04-25T22:32:24","modified_gmt":"2026-04-25T22:32:24","slug":"piantao-la-compania-alborotango-estrena-tango-danza-con-mas-de-20-artistas-en-escena","status":"publish","type":"post","link":"http:\/\/cordobainforma.info\/index.php\/2026\/04\/25\/piantao-la-compania-alborotango-estrena-tango-danza-con-mas-de-20-artistas-en-escena\/","title":{"rendered":"\u201cPiantao\u201d: la compa\u00f1\u00eda Alborotango estrena tango-danza con m\u00e1s de 20 artistas en escena"},"content":{"rendered":"<div><img src=\"http:\/\/cordobainforma.info\/wp-content\/uploads\/2026\/04\/piantao-la-compania-alborotango-estrena-tango-danza-con-mas-de-20-artistas-en-escena.jpg\" class=\"ff-og-image-inserted\"><\/div>\n<div class=\"tdb-block-inner td-fix-index\" readability=\"31\">\n<p><strong>La agrupaci\u00f3n independiente Alborotango presenta \u201cPiantao\u201d, una obra de tango danza con m\u00fasica en vivo, coreograf\u00edas y una historia de amor y fantas\u00eda. La funci\u00f3n ser\u00e1 el 10 de mayo en el Teatro Ciudad de las Artes.<\/strong><\/p>\n<p>La Compa\u00f1\u00eda Alborotango presenta \u201cPiantao\u201d, una propuesta esc\u00e9nica que invita al p\u00fablico a sumergirse en una historia de locura, fantas\u00eda y amor a trav\u00e9s del lenguaje del tango danza. El espect\u00e1culo propone un recorrido emocional en torno a un \u201cpiantao\u201d incomprendido: un so\u00f1ador que persigue una realidad que solo \u00e9l intuye posible.<\/p>\n<p>Con una cuidada puesta que combina m\u00fasica en vivo, coreograf\u00edas y una narrativa po\u00e9tica, la obra construye un universo donde el tango se convierte en motor expresivo y eje del relato. La funci\u00f3n tendr\u00e1 lugar el 10 de mayo a las 20:00 horas en el Teatro Ciudad de las Artes. Las entradas ya se encuentran disponibles a trav\u00e9s de la plataforma Autoentrada.<\/p>\n<p>La Compa\u00f1\u00eda Alborotango desarrolla su actividad de manera independiente desde 2019, impulsando proyectos que buscan acercar y revitalizar la cultura del tango para p\u00fablicos diversos. Para m\u00e1s informaci\u00f3n, se puede consultar su cuenta de Instagram: @Alborotango.<\/p>\n<\/div>\n","protected":false},"excerpt":{"rendered":"<p>La agrupaci\u00f3n independiente Alborotango presenta \u201cPiantao\u201d, una obra de tango danza con m\u00fasica en vivo, coreograf\u00edas y una historia de amor y fantas\u00eda. La funci\u00f3n ser\u00e1 el 10 de mayo en el Teatro Ciudad de las Artes. La Compa\u00f1\u00eda Alborotango presenta \u201cPiantao\u201d, una propuesta esc\u00e9nica que invita al p\u00fablico a sumergirse en una historia de [&hellip;]<\/p>\n","protected":false},"author":1,"featured_media":190628,"comment_status":"closed","ping_status":"closed","sticky":false,"template":"","format":"standard","meta":[],"categories":[2],"tags":[],"_links":{"self":[{"href":"http:\/\/cordobainforma.info\/index.php\/wp-json\/wp\/v2\/posts\/190627"}],"collection":[{"href":"http:\/\/cordobainforma.info\/index.php\/wp-json\/wp\/v2\/posts"}],"about":[{"href":"http:\/\/cordobainforma.info\/index.php\/wp-json\/wp\/v2\/types\/post"}],"author":[{"embeddable":true,"href":"http:\/\/cordobainforma.info\/index.php\/wp-json\/wp\/v2\/users\/1"}],"replies":[{"embeddable":true,"href":"http:\/\/cordobainforma.info\/index.php\/wp-json\/wp\/v2\/comments?post=190627"}],"version-history":[{"count":0,"href":"http:\/\/cordobainforma.info\/index.php\/wp-json\/wp\/v2\/posts\/190627\/revisions"}],"wp:featuredmedia":[{"embeddable":true,"href":"http:\/\/cordobainforma.info\/index.php\/wp-json\/wp\/v2\/media\/190628"}],"wp:attachment":[{"href":"http:\/\/cordobainforma.info\/index.php\/wp-json\/wp\/v2\/media?parent=190627"}],"wp:term":[{"taxonomy":"category","embeddable":true,"href":"http:\/\/cordobainforma.info\/index.php\/wp-json\/wp\/v2\/categories?post=190627"},{"taxonomy":"post_tag","embeddable":true,"href":"http:\/\/cordobainforma.info\/index.php\/wp-json\/wp\/v2\/tags?post=190627"}],"curies":[{"name":"wp","href":"https:\/\/api.w.org\/{rel}","templated":true}]}}