{"id":190621,"date":"2026-04-26T07:19:04","date_gmt":"2026-04-26T07:19:04","guid":{"rendered":"http:\/\/cordobainforma.info\/index.php\/2026\/04\/26\/el-tiroteo-durante-la-cena-con-trump-ocurrio-en-el-mismo-hotel-donde-dispararon-a-reagan\/"},"modified":"2026-04-26T07:19:04","modified_gmt":"2026-04-26T07:19:04","slug":"el-tiroteo-durante-la-cena-con-trump-ocurrio-en-el-mismo-hotel-donde-dispararon-a-reagan","status":"publish","type":"post","link":"http:\/\/cordobainforma.info\/index.php\/2026\/04\/26\/el-tiroteo-durante-la-cena-con-trump-ocurrio-en-el-mismo-hotel-donde-dispararon-a-reagan\/","title":{"rendered":"El tiroteo durante la cena con Trump ocurri\u00f3 en el mismo hotel donde dispararon a Reagan"},"content":{"rendered":"<p><img src=\"http:\/\/cordobainforma.info\/wp-content\/uploads\/2026\/04\/el-tiroteo-durante-la-cena-con-trump-ocurrio-en-el-mismo-hotel-donde-dispararon-a-reagan.jpg\"><\/p>\n<p>El <a href=\"https:\/\/actualidad.rt.com\/actualidad\/601426-sacan-trump-prisa-escenario-durante\" target=\"_blank\" rel=\"noopener noreferrer\">incidente<\/a> de seguridad registrado la noche de este s\u00e1bado en la Cena de Corresponsales de la Casa Blanca, a la que asisti\u00f3 el presidente Donald Trump \u2014que tuvo que ser evacuado\u2014, ocurri\u00f3&nbsp;en el hotel&nbsp;Washington Hilton, el mismo frente al cual dispararon al expresidente Ronald Reagan el 30 de marzo de 1981, informan <a href=\"https:\/\/www.nbcnews.com\/politics\/politics-news\/live-blog\/live-updates-trump-evacuated-white-house-correspondents-dinner-rcna342133\" target=\"_blank\" rel=\"noopener noreferrer\">medios locales<\/a>.<strong><\/strong><\/p>\n<div class=\"ReadMore-root Section-root Section-is1to3-xs_is1to1\" data-widgets=\"ReadMore\">\n<div class=\"Section-container Section-isRow-isTop-isWrap\">\n<article class=\"Card-root Card-is1to1 Card-default\">\n<div class=\"Card-imageWrap\">\n<div class=\"Card-picture\"> <picture class=\"Picture-root Picture-default\"><!--[if IE 9]><video style=\"display: none;\"><![endif]--><source media=\"(-webkit-min-device-pixel-ratio: 2) and (min-resolution: 120dpi)\" srcset=\"http:\/\/cordobainforma.info\/wp-content\/uploads\/2026\/04\/el-tiroteo-durante-la-cena-con-trump-ocurrio-en-el-mismo-hotel-donde-dispararon-a-reagan-2.jpg 850w, http:\/\/cordobainforma.info\/wp-content\/uploads\/2026\/04\/el-tiroteo-durante-la-cena-con-trump-ocurrio-en-el-mismo-hotel-donde-dispararon-a-reagan-3.jpg 1960w\"><source srcset=\"http:\/\/cordobainforma.info\/wp-content\/uploads\/2026\/04\/el-tiroteo-durante-la-cena-con-trump-ocurrio-en-el-mismo-hotel-donde-dispararon-a-reagan-2.jpg, https:\/\/actualidad.rt.com\/actualidad\/460, http:\/\/cordobainforma.info\/wp-content\/uploads\/2026\/04\/el-tiroteo-durante-la-cena-con-trump-ocurrio-en-el-mismo-hotel-donde-dispararon-a-reagan-3.jpg 980w\"><!--[if IE 9]><\/video><![endif]--><img data-sizes=\"auto\" src=\"http:\/\/cordobainforma.info\/wp-content\/uploads\/2026\/04\/el-tiroteo-durante-la-cena-con-trump-ocurrio-en-el-mismo-hotel-donde-dispararon-a-reagan-2.jpg\" class=\"Picture-root Picture-default lazyload\" alt=\"&quot;Un arma muy potente&quot;: Trump relata c\u00f3mo fue el tiroteo en la cena de corresponsales\"><\/picture><!-- noscript pattern --><noscript><img src=\"http:\/\/cordobainforma.info\/wp-content\/uploads\/2026\/04\/el-tiroteo-durante-la-cena-con-trump-ocurrio-en-el-mismo-hotel-donde-dispararon-a-reagan-3.jpg\" alt=\"&quot;Un arma muy potente&quot;: Trump relata c\u00f3mo fue el tiroteo en la cena de corresponsales\"><\/noscript> <\/div><\/div>\n<\/article><\/div><\/div>\n<p>Reagan, que llevaba poco menos de dos meses en el cargo, fue baleado frente al mismo hotel cuando sal\u00eda de un evento de la Federaci\u00f3n Estadounidense del Trabajo y Congreso de Organizaciones Industriales, la mayor central obrera de EE.UU. y Canad\u00e1.<\/p>\n<p>El atacante, John Hinckley Jr., <strong>abri\u00f3 fuego<\/strong> con un <strong>rev\u00f3lver calibre .22<\/strong> contra el inquilino de la Casa Blanca y su equipo de seguridad del Servicio Secreto, hiriendo de gravedad al presidente, que tuvo que permanecer hospitalizado durante 12 d\u00edas.<\/p>\n<p>Hinckley, que <a href=\"https:\/\/apnews.com\/36c8561c2701c03bcb44ca071288904a\" target=\"_blank\" rel=\"noopener noreferrer\">fue declarado<\/a> inocente por demencia y recluido en un hospital psiqui\u00e1trico hasta su liberaci\u00f3n bajo supervisi\u00f3n en 2016, tambi\u00e9n hiri\u00f3 al secretario de prensa de la Casa Blanca, James Brady, al agente del Servicio Secreto Timothy McCarthy y al oficial de polic\u00eda del Distrito de Columbia Thomas Delahanty.<\/p>\n","protected":false},"excerpt":{"rendered":"<p>El incidente de seguridad registrado la noche de este s\u00e1bado en la Cena de Corresponsales de la Casa Blanca, a la que asisti\u00f3 el presidente Donald Trump \u2014que tuvo que ser evacuado\u2014, ocurri\u00f3&nbsp;en el hotel&nbsp;Washington Hilton, el mismo frente al cual dispararon al expresidente Ronald Reagan el 30 de marzo de 1981, informan medios locales. [&hellip;]<\/p>\n","protected":false},"author":1,"featured_media":190622,"comment_status":"closed","ping_status":"closed","sticky":false,"template":"","format":"standard","meta":[],"categories":[22],"tags":[],"_links":{"self":[{"href":"http:\/\/cordobainforma.info\/index.php\/wp-json\/wp\/v2\/posts\/190621"}],"collection":[{"href":"http:\/\/cordobainforma.info\/index.php\/wp-json\/wp\/v2\/posts"}],"about":[{"href":"http:\/\/cordobainforma.info\/index.php\/wp-json\/wp\/v2\/types\/post"}],"author":[{"embeddable":true,"href":"http:\/\/cordobainforma.info\/index.php\/wp-json\/wp\/v2\/users\/1"}],"replies":[{"embeddable":true,"href":"http:\/\/cordobainforma.info\/index.php\/wp-json\/wp\/v2\/comments?post=190621"}],"version-history":[{"count":0,"href":"http:\/\/cordobainforma.info\/index.php\/wp-json\/wp\/v2\/posts\/190621\/revisions"}],"wp:featuredmedia":[{"embeddable":true,"href":"http:\/\/cordobainforma.info\/index.php\/wp-json\/wp\/v2\/media\/190622"}],"wp:attachment":[{"href":"http:\/\/cordobainforma.info\/index.php\/wp-json\/wp\/v2\/media?parent=190621"}],"wp:term":[{"taxonomy":"category","embeddable":true,"href":"http:\/\/cordobainforma.info\/index.php\/wp-json\/wp\/v2\/categories?post=190621"},{"taxonomy":"post_tag","embeddable":true,"href":"http:\/\/cordobainforma.info\/index.php\/wp-json\/wp\/v2\/tags?post=190621"}],"curies":[{"name":"wp","href":"https:\/\/api.w.org\/{rel}","templated":true}]}}