{"id":190615,"date":"2026-04-25T11:46:22","date_gmt":"2026-04-25T11:46:22","guid":{"rendered":"https:\/\/www.mujerhoy.com\/vivir\/ocio\/ona-pueblo-medieval-bonito-burgos-monasterio-escapadas-primavera-20260425212517-nt.html"},"modified":"2026-04-25T11:46:22","modified_gmt":"2026-04-25T11:46:22","slug":"este-pueblo-de-burgos-es-todo-un-lujo-primaveral-un-monasterio-de-reyes-calles-con-encanto-y-naturaleza","status":"publish","type":"post","link":"http:\/\/cordobainforma.info\/index.php\/2026\/04\/25\/este-pueblo-de-burgos-es-todo-un-lujo-primaveral-un-monasterio-de-reyes-calles-con-encanto-y-naturaleza\/","title":{"rendered":"Este pueblo de Burgos es todo un lujo primaveral: un monasterio de reyes, calles con encanto y naturaleza"},"content":{"rendered":"<div class=\"media_block\"><\/div>\n<p><!-- AUTHOR --><\/p>\n<div class=\"voc-author-timesocial \">\n<!-- AUTHOR --><\/p>\n<div class=\"voc-author-timesocial__signature \">\n<!-- IMAGE AUTHOR -->\n<picture class=\"voc-image-signature\">\n<img class=\"voc-image-signature__img\" src=\"http:\/\/cordobainforma.info\/wp-content\/uploads\/2026\/04\/este-pueblo-de-burgos-es-todo-un-lujo-primaveral-un-monasterio-de-reyes-calles-con-encanto-y-naturaleza.jpg\" alt=\"\u00c1ngeles Castillo\">\n<\/picture>\n<!-- INFO AUTHOR --> <\/div><\/div>\n<p><!-- COMPONENTS --><\/p>\n<p class=\"voc-paragraph\">Ya vimos en su vecina Fr\u00edas lo que es una escapada con encanto, con <a href=\"https:\/\/www.mujerhoy.com\/vivir\/ocio\/frias-pueblo-bonito-burgos-casas-colgadas-castillo-puente-escapada-20251122200119-nt.html\" target=\"_self\" data-voc-vtm-id=\"in-text-traffic\" title=\"casas colgadas, un puente fortificado y un castillo precioso\" data-mrf-link=\"www.mujerhoy.com\" rel=\"noopener noreferrer\">casas colgadas, un puente fortificado y un castillo precioso<\/a>. Y ahora en <strong>O\u00f1a<\/strong> volvemos a sentirnos unos privilegiados por estar rodeados de tanta monumentalidad y semejante naturaleza. Salta a la vista que se trata de una villa principal. Dig\u00e1moslo ya: jug\u00f3 un papel fundamental en la <strong>formaci\u00f3n de Castilla<\/strong>. De hecho, junto con Poza de la Sal, <a href=\"https:\/\/www.mujerhoy.com\/vivir\/ocio\/poza-de-la-sal-burgos-pueblo-bonito-salinas-medieval-felix-rodriguez-de-la-fuente-20250713141405-nt.html\" target=\"_self\" data-voc-vtm-id=\"in-text-traffic\" title=\"el pueblo de F\u00e9lix Rodr\u00edguez de la Fuente\" data-mrf-link=\"www.mujerhoy.com\" rel=\"noopener noreferrer\">el pueblo de F\u00e9lix Rodr\u00edguez de la Fuente<\/a>, y el ya mencionado Fr\u00edas forman la mancomunidad Ra\u00edces de Castilla. El mismo Azor\u00edn defini\u00f3 la comarca en la que se asienta, la Bureba, como \u00abel coraz\u00f3n de la tierra de <strong>Burgos<\/strong>\u00bb.<\/p>\n<p class=\"voc-paragraph\">Antes de entrar <a href=\"https:\/\/www.mujerhoy.com\/vivir\/ocio\/alarcon-pueblo-medieval-bonito-cuenca-ideal-proximo-viaje-20260111165314-nt.html\" target=\"_self\" data-voc-vtm-id=\"in-text-traffic\" title=\"al casco antiguo\" data-mrf-link=\"www.mujerhoy.com\" rel=\"noopener noreferrer\">al casco antiguo<\/a> y maravillarse ante el monasterio de San Salvador, hay que atender a la geograf\u00eda. Este pueblo se halla entre la Meseta y la Cordillera Cant\u00e1brica, asentado junto al desfiladero labrado por el r\u00edo Oca, que corre a encontrarse con el Ebro. Al resguardo tambi\u00e9n de la sierra de O\u00f1a, en el marco del <strong>Parque Natural de Montes Obarenes-San Zadornil<\/strong>. Una muralla natural sobre las llanuras de la burgalesa Bureba entre hayas, encinas, robles, pinos y enebros.<\/p>\n<div class=\"v-c-cmp v-c-cmp--t1 \">\n<div class=\"v-cmp-rld v-cmp-rld--2 \">\n<div class=\"v-cnt-m v-cnt-m--m\">\n<div class=\"v-cnt-m__c\">\n<div class=\"v-cnt-m__w v-cnt-m__w--1\">\n<p class=\"v-cnt-m__t\">\nTAMBI\u00c9N TE INTERESA\n<\/p>\n<\/div>\n<\/div>\n<\/div>\n<div class=\"v-g v-g--2-c v-g--bdr-min-xs\">\n<div class=\"v-g__c \">\n<article class=\"v-a v-a--cmp-rld v-a--cmp-rld-2 v-a--p-l\">\n<div class=\"v-a-img-c\">\n<figure class=\"v-a-fig\">\n<a href=\"https:\/\/www.mujerhoy.com\/vivir\/ocio\/rueda-pueblo-bonito-valladolid-ruta-vino-escapadas-cercanas-primavera-20260410110524-nt.html#vtm_modulosEngag=mod-rel:vivir:noticia:1:cmp:2-not\" class=\"v-a-link\" title=\"Este pueblo de Valladolid es el mejor destino para un fin de semana primaveral: una curiosa iglesia, rutas de senderismo y el mejor vino\"><br \/>\n<img loading=\"lazy\" class=\"v-a-img\" src=\"http:\/\/cordobainforma.info\/wp-content\/uploads\/2026\/04\/este-pueblo-de-burgos-es-todo-un-lujo-primaveral-un-monasterio-de-reyes-calles-con-encanto-y-naturaleza-1.jpg\" alt=\"Este pueblo de Valladolid es el mejor destino para un fin de semana primaveral: una curiosa iglesia, rutas de senderismo y el mejor vino\"><br \/>\n<\/a><br \/>\n<\/figure>\n<\/div>\n<\/article>\n<\/div>\n<div class=\"v-g__c \">\n<article class=\"v-a v-a--cmp-rld v-a--cmp-rld-2 v-a--p-l\">\n<div class=\"v-a-img-c\">\n<figure class=\"v-a-fig\">\n<a href=\"https:\/\/www.mujerhoy.com\/vivir\/ocio\/tembleque-pueblo-bonito-toledo-plaza-molinos-escapadas-cercanas-20260327203502-nt.html#vtm_modulosEngag=mod-rel:vivir:noticia:2:cmp:2-not\" class=\"v-a-link\" title=\"Este pueblo de Toledo tiene una de las plazas m\u00e1s bellas de Espa\u00f1a, una curiosa ermita y molinos de viento\"><br \/>\n<img loading=\"lazy\" class=\"v-a-img\" src=\"http:\/\/cordobainforma.info\/wp-content\/uploads\/2026\/04\/este-pueblo-de-burgos-es-todo-un-lujo-primaveral-un-monasterio-de-reyes-calles-con-encanto-y-naturaleza-2.jpg\" alt=\"Este pueblo de Toledo tiene una de las plazas m\u00e1s bellas de Espa\u00f1a, una curiosa ermita y molinos de viento\"><br \/>\n<\/a><br \/>\n<\/figure>\n<\/div>\n<\/article>\n<\/div>\n<\/div>\n<\/div>\n<\/div>\n<p class=\"voc-paragraph\">Fue <strong>Fern\u00e1n Gonz\u00e1lez<\/strong>, el primer conde independiente de Castilla, el de los cantares de gesta, quien en el a\u00f1o 950 le concedi\u00f3 su primeros privilegios. Y su nieto, el conde Sancho Garc\u00eda, el de los Buenos Fueros, quien la elev\u00f3 a condado y fund\u00f3 el mencionado monasterio en 1011, con una comunidad mixta de monjas y monjes, a la cabeza del cual puso a su hija, la <strong>infanta Tigridia<\/strong>. No dur\u00f3 mucho, porque en 1033 el rey Sancho el Mayor de Pamplona expuls\u00f3 a las religiosas con falsos pretextos e introdujo la regla de San Benito, poniendo al frente a un abad.<\/p>\n<p><h3 class=\"v-cmp-suh\">\nEl poder del monasterio de O\u00f1a<br \/>\n<\/h3>\n<\/p>\n<p class=\"voc-paragraph\">Tanta importancia tuvo este centro religioso que sus abades ostentaron el t\u00edtulo de se\u00f1ores de O\u00f1a, convirti\u00e9ndose en una de las instituciones m\u00e1s influyentes del reino de Castilla. En los siglos XII y XIII lleg\u00f3 a enfrentarse al Obispado de Burgos por temas econ\u00f3micos, vi\u00e9ndose obligado a cederle una parte de sus jugosas rentas. Y a finales del siglo XV lo visitaron los <strong>Reyes Cat\u00f3licos<\/strong>, cuando <a href=\"https:\/\/www.mujerhoy.com\/vivir\/ocio\/tordesillas-valladolid-monasterio-tragedia-reina-juana-20251214142722-nt.html\" target=\"_self\" data-voc-vtm-id=\"in-text-traffic\" title=\"acompa\u00f1aban a su hija Juana\" data-mrf-link=\"www.mujerhoy.com\" rel=\"noopener noreferrer\">acompa\u00f1aban a su hija Juana<\/a> de camino a Flandes, hogar de su futuro marido, Felipe el Hermoso.<\/p>\n<div class=\"v-c-cmp v-c-cmp--s\">\n<div class=\"v-cmp-m \">\n<article class=\"v-a v-a--cmp-m v-c-cmp--m-z\">\n<div class=\"v-a-img-c \">\n<div class=\"v-a-fig\">\n<button class=\"v-a-link\" popovertarget=\"photo-812\"><br \/>\n<img loading=\"lazy\" src=\"http:\/\/cordobainforma.info\/wp-content\/uploads\/2026\/04\/este-pueblo-de-burgos-es-todo-un-lujo-primaveral-un-monasterio-de-reyes-calles-con-encanto-y-naturaleza-3.jpg\" class=\"v-a-img\" width=\"650\" height=\"650\" alt=\"El monasterio de San Salvador es el verdadero centro de O\u00f1a.\" data-voc-vtm-id=\"in-text-traffic\"> <\/button><figcaption class=\"v-fc\">\n<span class=\"v-fc__t\"><br \/>\nEl monasterio de San Salvador es el verdadero centro de O\u00f1a.<br \/>\n<\/span><br \/>\n<span class=\"v-fc__p\"><br \/>\nTURISMO CASTILLA Y LE\u00d3N<br \/>\n<\/span><br \/>\n<\/figcaption><\/div>\n<\/div>\n<div id=\"photo-812\" popover class=\"v-mdl v-mdl--fw\">\n<button class=\"v-x\" popovertarget=\"photo-812\" popovertargetaction=\"hide\"><br \/>\n<span class=\"v-i\"><br \/>\n<svg width=\"24\" height=\"23.996\" viewBox=\"0 0 24 23.996\">\n<path data-name=\"Uni\u00f3n 29\" d=\"M12,14.03,2.031,24,0,21.963,9.968,12,0,2.033,2.031,0,12,9.966,21.969,0,24,2.033,14.032,12,24,21.963,21.969,24Z\" \/>\n<\/svg><br \/>\n<\/span><br \/>\n<\/button><\/p>\n<div class=\"v-mdl__c\">\n<div class=\"v-mdl__w\">\n<img loading=\"lazy\" src=\"http:\/\/cordobainforma.info\/wp-content\/uploads\/2026\/04\/este-pueblo-de-burgos-es-todo-un-lujo-primaveral-un-monasterio-de-reyes-calles-con-encanto-y-naturaleza-3.jpg\" class=\"v-mdl__img-z\" width=\"650\" height=\"650\" alt>\n<\/div>\n<\/div>\n<\/div>\n<p><span class=\"v-bdp\"><\/span><br \/>\n<\/article>\n<\/div>\n<\/div>\n<p class=\"voc-paragraph\">Entonces, el monasterio benedictino pas\u00f3 a depender directamente de San Benito de Valladolid y perdi\u00f3 autonom\u00eda. Desde tiempos inmemoriales, rend\u00eda \u00fanicamente cuentas a Roma. En el XVI, como curiosidad, lo habit\u00f3 <strong>Fray Pedro Ponce de Le\u00f3n<\/strong>, el inventor del <strong>lenguaje para sordos<\/strong>. En los siglos XVII y XVIII, el edificio experiment\u00f3 notables reformas. Y el XIX, como es sabido, trajo consigo la invasi\u00f3n napole\u00f3nica y la desamortizaci\u00f3n de Mendiz\u00e1bal. <\/p>\n<p><h3 class=\"v-cmp-suh\">\nQu\u00e9 puedes visitar en O\u00f1a<br \/>\n<\/h3>\n<\/p>\n<p class=\"voc-paragraph\">Actualmente se puede visitar la iglesia abacial con los <strong>panteones real y condal<\/strong>, el museo de la sacrist\u00eda, la sala capitular rom\u00e1nica y el claustro g\u00f3tico flam\u00edgero. Atenci\u00f3n a los sepulcros de la capilla mayor, un Cristo del XII, un cuadro de Santa Mar\u00eda Egipciaca del XIV, su museo de tejidos y tapices con piezas que datan de los siglos X-XI y las tablas g\u00f3ticas e hispano flamencas. En la vaquer\u00eda del monasterio, por cierto, est\u00e1 la Casa del Parque Natural, punto de partida para conocer<strong> los jardines<\/strong> y la piscifactor\u00eda monacal, y para hacer la <strong>senda circular<\/strong> que discurre por la huerta de los monjes (2,5 km).<\/p>\n<div class=\"v-c-cmp v-c-cmp--s\">\n<div class=\"v-cmp-m \">\n<article class=\"v-a v-a--cmp-m v-c-cmp--m-z\">\n<div class=\"v-a-img-c \">\n<div class=\"v-a-fig\">\n<button class=\"v-a-link\" popovertarget=\"photo-339\"><br \/>\n<img loading=\"lazy\" src=\"http:\/\/cordobainforma.info\/wp-content\/uploads\/2026\/04\/este-pueblo-de-burgos-es-todo-un-lujo-primaveral-un-monasterio-de-reyes-calles-con-encanto-y-naturaleza-4.jpg\" class=\"v-a-img\" width=\"650\" height=\"650\" alt=\"La calle Barruso de O\u00f1a fue en tiempos la juder\u00eda.\" data-voc-vtm-id=\"in-text-traffic\"> <\/button><figcaption class=\"v-fc\">\n<span class=\"v-fc__t\"><br \/>\nLa calle Barruso de O\u00f1a fue en tiempos la juder\u00eda.<br \/>\n<\/span><br \/>\n<span class=\"v-fc__p\"><br \/>\nTURISMO CASTILLA Y LE\u00d3N.<br \/>\n<\/span><br \/>\n<\/figcaption><\/div>\n<\/div>\n<div id=\"photo-339\" popover class=\"v-mdl v-mdl--fw\">\n<button class=\"v-x\" popovertarget=\"photo-339\" popovertargetaction=\"hide\"><br \/>\n<span class=\"v-i\"><br \/>\n<svg width=\"24\" height=\"23.996\" viewBox=\"0 0 24 23.996\">\n<path data-name=\"Uni\u00f3n 29\" d=\"M12,14.03,2.031,24,0,21.963,9.968,12,0,2.033,2.031,0,12,9.966,21.969,0,24,2.033,14.032,12,24,21.963,21.969,24Z\" \/>\n<\/svg><br \/>\n<\/span><br \/>\n<\/button><\/p>\n<div class=\"v-mdl__c\">\n<div class=\"v-mdl__w\">\n<img loading=\"lazy\" src=\"http:\/\/cordobainforma.info\/wp-content\/uploads\/2026\/04\/este-pueblo-de-burgos-es-todo-un-lujo-primaveral-un-monasterio-de-reyes-calles-con-encanto-y-naturaleza-4.jpg\" class=\"v-mdl__img-z\" width=\"650\" height=\"650\" alt>\n<\/div>\n<\/div>\n<\/div>\n<p><span class=\"v-bdp\"><\/span><br \/>\n<\/article>\n<\/div>\n<\/div>\n<p class=\"voc-paragraph\">El monasterio, pese a ser su joya m\u00e1s preciada y testigo de su esplendor, no lo es todo en O\u00f1a, que tambi\u00e9n presume de <a href=\"https:\/\/www.mujerhoy.com\/vivir\/ocio\/morella-pueblo-bonito-castellon-muralla-castillo-pinturas-rupestres-20250921203526-nt.html\" target=\"_self\" data-voc-vtm-id=\"in-text-traffic\" title=\"los restos de sus murallas\" data-mrf-link=\"www.mujerhoy.com\" rel=\"noopener noreferrer\">los restos de sus murallas<\/a>; de <strong>la iglesia de San Juan<\/strong>, de origen rom\u00e1nico y con portada g\u00f3tica; y, a su lado, de la elegante<strong> torre de San Juan<\/strong> (XIV), que alberga el Museo de la Resina, para saber m\u00e1s del desaparecido oficio de resinero. Y, como toda buena torre, cuenta con un mirador con excelsas vistas.<\/p>\n<p><h3 class=\"v-cmp-suh\">\nCasas blasonadas y la juder\u00eda<br \/>\n<\/h3>\n<\/p>\n<p class=\"voc-paragraph\">Por lo dem\u00e1s, el encanto de este sobresaliente municipio burgal\u00e9s se respira perdi\u00e9ndose por sus <a href=\"https:\/\/www.mujerhoy.com\/vivir\/ocio\/castro-urdiales-pueblo-pescadores-medieval-bonito-cantabria-20260404105616-nt.html\" target=\"_self\" data-voc-vtm-id=\"in-text-traffic\" title=\"callejas medievales\" data-mrf-link=\"www.mujerhoy.com\" rel=\"noopener noreferrer\">callejas medievales<\/a>. En particular, por las calles del Pan y del Agua, con admirables <strong>casas blasonadas<\/strong>, y por la Barruso, donde se hallaba la<strong> aljama jud\u00eda<\/strong> y se halla el Centro de Interpretaci\u00f3n del Medievo, con maquetas, paneles y audiovisuales. Cabe recordar que la bonanza econ\u00f3mica de la que disfrutaba O\u00f1a, con exenciones y fueros, sobre todo por parte de Alfonso VIII, atrajo pronto a una numerosa comunidad jud\u00eda. <\/p>\n<div class=\"v-c-cmp v-c-cmp--s\">\n<div class=\"v-cmp-m \">\n<article class=\"v-a v-a--cmp-m v-c-cmp--m-z\">\n<div class=\"v-a-img-c \">\n<div class=\"v-a-fig\">\n<button class=\"v-a-link\" popovertarget=\"photo-777\"><br \/>\n<img loading=\"lazy\" src=\"http:\/\/cordobainforma.info\/wp-content\/uploads\/2026\/04\/este-pueblo-de-burgos-es-todo-un-lujo-primaveral-un-monasterio-de-reyes-calles-con-encanto-y-naturaleza-5.jpg\" class=\"v-a-img\" width=\"650\" height=\"650\" alt=\"El claustro del monasterio de San Salvador de O\u00f1a.\" data-voc-vtm-id=\"in-text-traffic\"> <\/button><figcaption class=\"v-fc\">\n<span class=\"v-fc__t\"><br \/>\nEl claustro del monasterio de San Salvador de O\u00f1a.<br \/>\n<\/span><br \/>\n<span class=\"v-fc__p\"><br \/>\nTURISMO BURGOS<br \/>\n<\/span><br \/>\n<\/figcaption><\/div>\n<\/div>\n<div id=\"photo-777\" popover class=\"v-mdl v-mdl--fw\">\n<button class=\"v-x\" popovertarget=\"photo-777\" popovertargetaction=\"hide\"><br \/>\n<span class=\"v-i\"><br \/>\n<svg width=\"24\" height=\"23.996\" viewBox=\"0 0 24 23.996\">\n<path data-name=\"Uni\u00f3n 29\" d=\"M12,14.03,2.031,24,0,21.963,9.968,12,0,2.033,2.031,0,12,9.966,21.969,0,24,2.033,14.032,12,24,21.963,21.969,24Z\" \/>\n<\/svg><br \/>\n<\/span><br \/>\n<\/button><\/p>\n<div class=\"v-mdl__c\">\n<div class=\"v-mdl__w\">\n<img loading=\"lazy\" src=\"http:\/\/cordobainforma.info\/wp-content\/uploads\/2026\/04\/este-pueblo-de-burgos-es-todo-un-lujo-primaveral-un-monasterio-de-reyes-calles-con-encanto-y-naturaleza-5.jpg\" class=\"v-mdl__img-z\" width=\"650\" height=\"650\" alt>\n<\/div>\n<\/div>\n<\/div>\n<p><span class=\"v-bdp\"><\/span><br \/>\n<\/article>\n<\/div>\n<\/div>\n<p class=\"voc-paragraph\">Este pasado medieval de relumbr\u00f3n se recrea todos los a\u00f1os durante el mes de agosto en un espect\u00e1culo teatral de nombre <strong>El Cronic\u00f3n<\/strong>. Las hist\u00f3ricas calles e incluso el interior de la iglesia abacial se transforman en escenario para narrar el nacimiento de Castilla. \u00abO\u00f1a es la flor de estos valles\u2026\u00bb, y se abre la funci\u00f3n.<\/p>\n<p class=\"voc-paragraph\">En otro orden de cosas, esta noble villa es buen sitio<a href=\"https:\/\/www.mujerhoy.com\/vivir\/ocio\/cazorla-bonito-jaen-sierra-visitar-invierno-castillos-20251227124657-nt.html\" target=\"_self\" data-voc-vtm-id=\"in-text-traffic\" title=\" para entregarse al senderismo\" data-mrf-link=\"www.mujerhoy.com\" rel=\"noopener noreferrer\"> para entregarse al senderismo<\/a>. Un cl\u00e1sico es la <strong>senda de la Mesa de O\u00f1a<\/strong>, que sube en paralelo al muro de la huerta del monasterio hasta llegar a un cruce, el de regreso, en el que hay que tomar el ramal derecho, abrir una cancela y ascender en zigzag por un pinar hasta el Corral del Prado. All\u00ed se gira a la izquierda rumbo al Chozo de las Merinas. El siguiente hito es el Portillo del Mercado, un estupendo balc\u00f3n, antes de internarse en un hayedo, que siempre es un placer, y desembocar en la localidad de Penches. Una vez all\u00ed, se toma la pista de regreso.<\/p>\n<div class=\"v-c-cmp v-c-cmp--t1 \">\n<div class=\"v-cmp-rld v-cmp-rld--2 \">\n<div class=\"v-cnt-m v-cnt-m--m\">\n<div class=\"v-cnt-m__c\">\n<div class=\"v-cnt-m__w v-cnt-m__w--1\">\n<p class=\"v-cnt-m__t\">\nNO TE PIERDAS\n<\/p>\n<\/div>\n<\/div>\n<\/div>\n<div class=\"v-g v-g--2-c v-g--bdr-min-xs\">\n<div class=\"v-g__c \">\n<article class=\"v-a v-a--cmp-rld v-a--cmp-rld-2 v-a--p-l\">\n<div class=\"v-a-img-c\">\n<figure class=\"v-a-fig\">\n<a href=\"https:\/\/www.mujerhoy.com\/vivir\/ocio\/olivenza-pueblo-badajoz-alma-portuguesa-visitar-primavera-arquitectura-manuelina-fronterizo-20260411130750-nt.html#vtm_modulosEngag=mod-rel:vivir:noticia:1:cmp:2-not\" class=\"v-a-link\" title=\"El pueblo de Badajoz con alma portuguesa que tienes que visitar esta primavera: arquitectura manuelina, calles con doble nombre y encanto fronterizo\"><br \/>\n<img loading=\"lazy\" class=\"v-a-img\" src=\"http:\/\/cordobainforma.info\/wp-content\/uploads\/2026\/04\/este-pueblo-de-burgos-es-todo-un-lujo-primaveral-un-monasterio-de-reyes-calles-con-encanto-y-naturaleza-6.jpg\" alt=\"El pueblo de Badajoz con alma portuguesa que tienes que visitar esta primavera: arquitectura manuelina, calles con doble nombre y encanto fronterizo\"><br \/>\n<\/a><br \/>\n<\/figure>\n<\/div>\n<\/article>\n<\/div>\n<div class=\"v-g__c \">\n<article class=\"v-a v-a--cmp-rld v-a--cmp-rld-2 v-a--p-l\">\n<div class=\"v-a-img-c\">\n<figure class=\"v-a-fig\">\n<a href=\"https:\/\/www.mujerhoy.com\/vivir\/ocio\/colmenar-oreja-pueblos-bonitos-madrid-plaza-restaurantes-escapadas-20260402131526-nt.html#vtm_modulosEngag=mod-rel:vivir:noticia:2:cmp:2-not\" class=\"v-a-link\" title=\"El sorprendente pueblo de Madrid donde se come de lujo: una plaza porticada y el pintor que triunf\u00f3 en Par\u00eds\"><br \/>\n<img loading=\"lazy\" class=\"v-a-img\" src=\"http:\/\/cordobainforma.info\/wp-content\/uploads\/2026\/04\/este-pueblo-de-burgos-es-todo-un-lujo-primaveral-un-monasterio-de-reyes-calles-con-encanto-y-naturaleza-7.jpg\" alt=\"El sorprendente pueblo de Madrid donde se come de lujo: una plaza porticada y el pintor que triunf\u00f3 en Par\u00eds\"><br \/>\n<\/a><br \/>\n<\/figure>\n<\/div>\n<\/article>\n<\/div>\n<\/div>\n<\/div>\n<\/div>\n","protected":false},"excerpt":{"rendered":"<p>Ya vimos en su vecina Fr\u00edas lo que es una escapada con encanto, con casas colgadas, un puente fortificado y un castillo precioso. Y ahora en O\u00f1a volvemos a sentirnos unos privilegiados por estar rodeados de tanta monumentalidad y semejante naturaleza. Salta a la vista que se trata de una villa principal. Dig\u00e1moslo ya: jug\u00f3 [&hellip;]<\/p>\n","protected":false},"author":1,"featured_media":190616,"comment_status":"open","ping_status":"closed","sticky":false,"template":"","format":"standard","meta":[],"categories":[18],"tags":[],"_links":{"self":[{"href":"http:\/\/cordobainforma.info\/index.php\/wp-json\/wp\/v2\/posts\/190615"}],"collection":[{"href":"http:\/\/cordobainforma.info\/index.php\/wp-json\/wp\/v2\/posts"}],"about":[{"href":"http:\/\/cordobainforma.info\/index.php\/wp-json\/wp\/v2\/types\/post"}],"author":[{"embeddable":true,"href":"http:\/\/cordobainforma.info\/index.php\/wp-json\/wp\/v2\/users\/1"}],"replies":[{"embeddable":true,"href":"http:\/\/cordobainforma.info\/index.php\/wp-json\/wp\/v2\/comments?post=190615"}],"version-history":[{"count":0,"href":"http:\/\/cordobainforma.info\/index.php\/wp-json\/wp\/v2\/posts\/190615\/revisions"}],"wp:featuredmedia":[{"embeddable":true,"href":"http:\/\/cordobainforma.info\/index.php\/wp-json\/wp\/v2\/media\/190616"}],"wp:attachment":[{"href":"http:\/\/cordobainforma.info\/index.php\/wp-json\/wp\/v2\/media?parent=190615"}],"wp:term":[{"taxonomy":"category","embeddable":true,"href":"http:\/\/cordobainforma.info\/index.php\/wp-json\/wp\/v2\/categories?post=190615"},{"taxonomy":"post_tag","embeddable":true,"href":"http:\/\/cordobainforma.info\/index.php\/wp-json\/wp\/v2\/tags?post=190615"}],"curies":[{"name":"wp","href":"https:\/\/api.w.org\/{rel}","templated":true}]}}