{"id":190602,"date":"2026-04-26T00:45:56","date_gmt":"2026-04-26T00:45:56","guid":{"rendered":"https:\/\/playfmradio.com\/?p=15459"},"modified":"2026-04-26T00:45:56","modified_gmt":"2026-04-26T00:45:56","slug":"argentina-y-el-metal-que-pasa-con-el-publico-de-aca-cuando-cae-una-banda-como-korn","status":"publish","type":"post","link":"http:\/\/cordobainforma.info\/index.php\/2026\/04\/26\/argentina-y-el-metal-que-pasa-con-el-publico-de-aca-cuando-cae-una-banda-como-korn\/","title":{"rendered":"Argentina y el metal: qu\u00e9 pasa con el p\u00fablico de ac\u00e1 cuando cae una banda como Korn"},"content":{"rendered":"<p>Hay algo bastante concreto con el metal en Argentina: el p\u00fablico tiene un rol mucho m\u00e1s activo que en otras plazas. No es una percepci\u00f3n suelta, lo dicen las propias bandas cada vez que pasan por Buenos Aires. La respuesta es m\u00e1s directa, m\u00e1s f\u00edsica y constante durante todo el show.<\/p>\n<p>En ese contexto, la vuelta de Korn encaja perfecto. Es una banda que siempre funcion\u00f3 bien ac\u00e1, incluso en momentos donde el g\u00e9nero dej\u00f3 de estar en el centro a nivel global. El p\u00fablico argentino sigui\u00f3 acompa\u00f1ando, y eso se refleja en cada visita. Lo que pasa en un recital de este estilo en el pa\u00eds tiene que ver con din\u00e1mica: hay movimiento, hay reacci\u00f3n inmediata y hay participaci\u00f3n real. El pogo no aparece como algo aislado, es parte de la estructura del show. Lo mismo con los cantos que bajan desde el p\u00fablico, que muchas veces se sostienen durante varios minutos sin que la banda tenga que intervenir.<br \/><img loading=\"lazy\" decoding=\"async\" src=\"http:\/\/cordobainforma.info\/wp-content\/uploads\/2026\/04\/argentina-y-el-metal-que-pasa-con-el-publico-de-aca-cuando-cae-una-banda-como-korn.jpg\" alt width=\"300\" height=\"113\" class=\"alignnone size-medium wp-image-15461\" srcset=\"http:\/\/cordobainforma.info\/wp-content\/uploads\/2026\/04\/argentina-y-el-metal-que-pasa-con-el-publico-de-aca-cuando-cae-una-banda-como-korn.jpg 300w, http:\/\/cordobainforma.info\/wp-content\/uploads\/2026\/04\/argentina-y-el-metal-que-pasa-con-el-publico-de-aca-cuando-cae-una-banda-como-korn-1.jpg 1024w, http:\/\/cordobainforma.info\/wp-content\/uploads\/2026\/04\/argentina-y-el-metal-que-pasa-con-el-publico-de-aca-cuando-cae-una-banda-como-korn-2.jpg 768w, http:\/\/cordobainforma.info\/wp-content\/uploads\/2026\/04\/argentina-y-el-metal-que-pasa-con-el-publico-de-aca-cuando-cae-una-banda-como-korn-3.jpg 1536w, http:\/\/cordobainforma.info\/wp-content\/uploads\/2026\/04\/argentina-y-el-metal-que-pasa-con-el-publico-de-aca-cuando-cae-una-banda-como-korn-4.jpg 1920w\" sizes=\"(max-width: 300px) 100vw, 300px\"><br \/>Tambi\u00e9n hay un factor de continuidad. Mucha gente que vio a Korn en sus primeras visitas sigue yendo, y a la vez se suma p\u00fablico m\u00e1s joven. Eso genera una mezcla interesante, donde conviven distintas generaciones con el mismo c\u00f3digo.<\/p>\n<p>Argentina, dentro del circuito internacional, qued\u00f3 marcada como una plaza donde la respuesta del p\u00fablico eleva el nivel de los shows. No es solo una cuesti\u00f3n de convocatoria, sino de intensidad sostenida durante toda la fecha.<\/p>\n<p>Por eso, cada vez que una banda con este recorrido vuelve al pa\u00eds, no se trata \u00fanicamente de una parada m\u00e1s en la gira. Hay un antecedente claro de c\u00f3mo responde la gente y de qu\u00e9 tipo de clima se genera. Y en el caso de Korn, esa relaci\u00f3n ya est\u00e1 probada. Esa historia suma un cap\u00edtulo m\u00e1s el 10 de mayo en el Parque Sarmiento, con entradas disponibles a trav\u00e9s de AllAccess. Un punto que ya viene instalado hace meses y que vuelve a poner a la banda frente a un p\u00fablico con el que tiene una relaci\u00f3n aceitada.<\/p>\n<p> <!-- AUTHOR PART ========================= --> <!-- AUTHOR PART END ========================= --> <\/p>\n","protected":false},"excerpt":{"rendered":"<p>Hay algo bastante concreto con el metal en Argentina: el p\u00fablico tiene un rol mucho m\u00e1s activo que en otras plazas. No es una percepci\u00f3n suelta, lo dicen las propias bandas cada vez que pasan por Buenos Aires. La respuesta es m\u00e1s directa, m\u00e1s f\u00edsica y constante durante todo el show. En ese contexto, la [&hellip;]<\/p>\n","protected":false},"author":1,"featured_media":190603,"comment_status":"closed","ping_status":"closed","sticky":false,"template":"","format":"standard","meta":[],"categories":[23,2],"tags":[],"_links":{"self":[{"href":"http:\/\/cordobainforma.info\/index.php\/wp-json\/wp\/v2\/posts\/190602"}],"collection":[{"href":"http:\/\/cordobainforma.info\/index.php\/wp-json\/wp\/v2\/posts"}],"about":[{"href":"http:\/\/cordobainforma.info\/index.php\/wp-json\/wp\/v2\/types\/post"}],"author":[{"embeddable":true,"href":"http:\/\/cordobainforma.info\/index.php\/wp-json\/wp\/v2\/users\/1"}],"replies":[{"embeddable":true,"href":"http:\/\/cordobainforma.info\/index.php\/wp-json\/wp\/v2\/comments?post=190602"}],"version-history":[{"count":0,"href":"http:\/\/cordobainforma.info\/index.php\/wp-json\/wp\/v2\/posts\/190602\/revisions"}],"wp:featuredmedia":[{"embeddable":true,"href":"http:\/\/cordobainforma.info\/index.php\/wp-json\/wp\/v2\/media\/190603"}],"wp:attachment":[{"href":"http:\/\/cordobainforma.info\/index.php\/wp-json\/wp\/v2\/media?parent=190602"}],"wp:term":[{"taxonomy":"category","embeddable":true,"href":"http:\/\/cordobainforma.info\/index.php\/wp-json\/wp\/v2\/categories?post=190602"},{"taxonomy":"post_tag","embeddable":true,"href":"http:\/\/cordobainforma.info\/index.php\/wp-json\/wp\/v2\/tags?post=190602"}],"curies":[{"name":"wp","href":"https:\/\/api.w.org\/{rel}","templated":true}]}}