{"id":190600,"date":"2026-04-26T07:07:33","date_gmt":"2026-04-26T07:07:33","guid":{"rendered":"http:\/\/cordobainforma.info\/index.php\/2026\/04\/26\/insercion-laboral-ingresos-y-genero\/"},"modified":"2026-04-26T07:07:33","modified_gmt":"2026-04-26T07:07:33","slug":"insercion-laboral-ingresos-y-genero","status":"publish","type":"post","link":"http:\/\/cordobainforma.info\/index.php\/2026\/04\/26\/insercion-laboral-ingresos-y-genero\/","title":{"rendered":"Inserci\u00f3n laboral, ingresos y g\u00e9nero"},"content":{"rendered":"<div class=\"media_block\"><\/div>\n<div><img src=\"http:\/\/cordobainforma.info\/wp-content\/uploads\/2026\/04\/insercion-laboral-ingresos-y-genero.jpg\" class=\"ff-og-image-inserted\"><\/div>\n<p>La situaci\u00f3n laboral constituye un importante motivo de preocupaci\u00f3n en muestra poblaci\u00f3n seg\u00fan las \u00faltimas encuestas. Es evidente que la evoluci\u00f3n de la situaci\u00f3n econ\u00f3mica, muy especialmente de la microeconom\u00eda, que evidencia una ca\u00edda del empleo y una mayor dificultad de las familias para llegar a fin de mes, con variaciones seg\u00fan el sector econ\u00f3mico, donde los que tienen menores ingresos sean catalogados como pobres o no, hasta los que tienen ingresos medios sufren la dificultad para llegar a fin de mes. <\/p>\n<p>Los primeros directamente no llegan, los otros recortaron y cambiaron muchos de sus h\u00e1bitos y consumos. Esto se ha agravado a partir de los ajustes de las tarifas que se est\u00e1n realizando en forma incremental mes a mes y que crecen a un ritmo y una proporci\u00f3n mucho mayor que los ingresos, especialmente los salarios, obligando a estos hogares a recortar algunos gastos, lo que se complementa con los cambios en sus consumos y h\u00e1bitos. Esto es algo que produce malestares importantes en esas familias y m\u00e1s a\u00fan en las pobres, que no logran con sus ingresos superar la mitad de mes. Es algo que afecta la estabilidad de los integrantes de las familias, lo que impacta m\u00e1s o menos seg\u00fan edad, g\u00e9nero y otras variables. <\/p>\n<p>Las mujeres y ni\u00f1as, as\u00ed como las personas no binarias son las que se enrolan entre quienes son m\u00e1s afectadas por esta disminuci\u00f3n de la capacidad de compra de los ingresos. En los pobres y con menores ingresos prescinden y saltean algunas comidas diarias, algo que se est\u00e1 normalizando en estas familias. Mientras que las de ingresos medios est\u00e1n eliminando algunos h\u00e1bitos como comer fuera de la casa, o asistir a cines o teatro, y cambiar el consumo de alimentos de las primeras marcas por otras m\u00e1s baratas. <\/p>\n<div class=\"subscription\" readability=\"6.683257918552\">\n<p> Esto no les gusta a los autoritarios <\/p>\n<div class=\"subscription__container\" readability=\"6.1467391304348\">\n<div class=\"subscription__text-wrapper\" readability=\"31.20652173913\">\n<p> El ejercicio del periodismo profesional y cr\u00edtico es un pilar fundamental de la democracia. Por eso molesta a quienes creen ser los due\u00f1os de la verdad. <\/p>\n<\/p><\/div><\/div><\/div>\n<p>En cuanto a la incorporaci\u00f3n laboral las mujeres y personas no binarias predominan en el sector informal, esto les reduce el acceso a medidas de protecci\u00f3n social, lo que las hace m\u00e1s vulnerables para tener que atender su salud en el sector de la salud p\u00fablica, enviar sus hijos a escuelas estatales, porque no pueden pagar las privadas. El cierre de empresas que se registr\u00f3 en el pa\u00eds, se suma al cierre de \u00e1reas estatales y aumento del desempleo en estos dos a\u00f1os recientes. Las personas desempleadas, especialmente las mujeres y las no binarias, en general se incorporan a trabajos en el sector informal. Los varones, en cambio, tienden m\u00e1s a canalizarse en el trabajo formal.<\/p>\n<p>En este marco los acuerdos de las paritarias, que son tradicionales en nuestro pa\u00eds, ahora no son tan importantes. Un estudio que realiz\u00f3 el Programa de Capacitaci\u00f3n y Estudios sobre Trabajo y Desarrollo de la Universidad Nacional de San Martin, mostr\u00f3 que las principales paritarias del sector privado en el primer trimestre de 2026 acordaron aumentos en un porcentaje menor a la inflaci\u00f3n. De las 27 paritarias principales, 22 quedaron por debajo de la inflaci\u00f3n, que impact\u00f3 en el salario de esos trabajadores. Seg\u00fan el informe de la Secretar\u00eda de Trabajo, el salario promedio de convenio aument\u00f3 un 1,3% en marzo de 2026, mientras la inflaci\u00f3n fue del 3,4% ese mes. <\/p>\n<p>El estudio muestra que los salarios que m\u00e1s disminuyeron en relaci\u00f3n a la inflaci\u00f3n afectaron a sectores con mayor participaci\u00f3n de mujeres en esos ramos, como son textiles, alimentaci\u00f3n, gastron\u00f3micos y comercio. Es decir, tanto por la mayor incorporaci\u00f3n de mujeres en el sector informal y su participaci\u00f3n en el sector privado en los sectores que se distanciaron m\u00e1s de la inflaci\u00f3n, las mujeres son m\u00e1s afectadas frente a la ca\u00edda de ingresos entre quienes trabajan ya sea en el sector formal o informal. <\/p>\n<p>La capacidad adquisitiva de los salarios a su vez disminuy\u00f3 frente al gran aumento de los costos de los servicios, y de otros consumos como ropa y alimentos. Entre estos el aumento de la carne vacuna es uno de los que m\u00e1s creci\u00f3 y es uno de los productos de la canasta familiar que m\u00e1s ha aumentado y desbalanceado el costo de dicha canasta. En el caso de las familias con bajos ingresos y pobres la asignaci\u00f3n universal por hijo \u2013AUH\u2013 que ayud\u00f3 a mantener la econom\u00eda familiar, ha perdido esta capacidad al no aumentar proporcionalmente con la inflaci\u00f3n. <\/p>\n<p>Frente a esto nuevamente llamamos la atenci\u00f3n de la necesidad de adecuar los ingresos aumentando loa salarios y suspender el aumento de las tarifas, a fin de permitir un equilibrio que evite la incapacidad de llegar a fin de mes. <\/p>\n<p>La observaci\u00f3n que deber\u00eda preocupar al Gobierno es la p\u00e9rdida de la esperanza del sentido del sacrificio. El Presidente, que reconoce la realidad, le pide a la poblaci\u00f3n paciencia, y el ministro de Econom\u00eda anuncia que los pr\u00f3ximos meses ser\u00e1n los mejores, pero ya estos mensajes no satisfacen ni tranquilizan a la poblaci\u00f3n. Adorni contribuy\u00f3 a esta p\u00e9rdida de la esperanza de que un ma\u00f1ana ser\u00e1 mejor, porque quienes piden y pregonan paciencia viven lo opuesto. \u00bfPor qu\u00e9 entonces creerles?<\/p>\n","protected":false},"excerpt":{"rendered":"<p>La situaci\u00f3n laboral constituye un importante motivo de preocupaci\u00f3n en muestra poblaci\u00f3n seg\u00fan las \u00faltimas encuestas. Es evidente que la evoluci\u00f3n de la situaci\u00f3n econ\u00f3mica, muy especialmente de la microeconom\u00eda, que evidencia una ca\u00edda del empleo y una mayor dificultad de las familias para llegar a fin de mes, con variaciones seg\u00fan el sector econ\u00f3mico, [&hellip;]<\/p>\n","protected":false},"author":1,"featured_media":190601,"comment_status":"closed","ping_status":"closed","sticky":false,"template":"","format":"standard","meta":[],"categories":[2],"tags":[],"_links":{"self":[{"href":"http:\/\/cordobainforma.info\/index.php\/wp-json\/wp\/v2\/posts\/190600"}],"collection":[{"href":"http:\/\/cordobainforma.info\/index.php\/wp-json\/wp\/v2\/posts"}],"about":[{"href":"http:\/\/cordobainforma.info\/index.php\/wp-json\/wp\/v2\/types\/post"}],"author":[{"embeddable":true,"href":"http:\/\/cordobainforma.info\/index.php\/wp-json\/wp\/v2\/users\/1"}],"replies":[{"embeddable":true,"href":"http:\/\/cordobainforma.info\/index.php\/wp-json\/wp\/v2\/comments?post=190600"}],"version-history":[{"count":0,"href":"http:\/\/cordobainforma.info\/index.php\/wp-json\/wp\/v2\/posts\/190600\/revisions"}],"wp:featuredmedia":[{"embeddable":true,"href":"http:\/\/cordobainforma.info\/index.php\/wp-json\/wp\/v2\/media\/190601"}],"wp:attachment":[{"href":"http:\/\/cordobainforma.info\/index.php\/wp-json\/wp\/v2\/media?parent=190600"}],"wp:term":[{"taxonomy":"category","embeddable":true,"href":"http:\/\/cordobainforma.info\/index.php\/wp-json\/wp\/v2\/categories?post=190600"},{"taxonomy":"post_tag","embeddable":true,"href":"http:\/\/cordobainforma.info\/index.php\/wp-json\/wp\/v2\/tags?post=190600"}],"curies":[{"name":"wp","href":"https:\/\/api.w.org\/{rel}","templated":true}]}}