{"id":190578,"date":"2026-04-26T02:45:16","date_gmt":"2026-04-26T02:45:16","guid":{"rendered":"http:\/\/cordobainforma.info\/index.php\/2026\/04\/26\/la-promesa-de-inflacion-cero-se-aleja-por-que-el-gobierno-de-milei-no-puede-domar-los-precios\/"},"modified":"2026-04-26T02:45:16","modified_gmt":"2026-04-26T02:45:16","slug":"la-promesa-de-inflacion-cero-se-aleja-por-que-el-gobierno-de-milei-no-puede-domar-los-precios","status":"publish","type":"post","link":"http:\/\/cordobainforma.info\/index.php\/2026\/04\/26\/la-promesa-de-inflacion-cero-se-aleja-por-que-el-gobierno-de-milei-no-puede-domar-los-precios\/","title":{"rendered":"La promesa de inflaci\u00f3n cero se aleja: por qu\u00e9 el gobierno de Milei no puede domar los precios"},"content":{"rendered":"<p>&#8230; <b>C\u00f3rdoba<\/b> &middot; Pol\u00edtica &middot; <b>Econom\u00eda<\/b> &middot; Judiciales &middot; Sociedad &middot; Cultura &middot; Espect\u00e1culos &middot; Deportes &middot; Protagonistas &middot; <b>C\u00f3RDOBA<\/b>. MACRO EN DEBATE &#8230; <b>nueva<\/b> ley. En&nbsp;&#8230; <\/p>\n","protected":false},"excerpt":{"rendered":"<p>&#8230; C\u00f3rdoba &middot; Pol\u00edtica &middot; Econom\u00eda &middot; Judiciales &middot; Sociedad &middot; Cultura &middot; Espect\u00e1culos &middot; Deportes &middot; Protagonistas &middot; C\u00f3RDOBA. MACRO EN DEBATE &#8230; nueva ley. En&nbsp;&#8230;<\/p>\n","protected":false},"author":1,"featured_media":0,"comment_status":"closed","ping_status":"closed","sticky":false,"template":"","format":"standard","meta":[],"categories":[23],"tags":[],"_links":{"self":[{"href":"http:\/\/cordobainforma.info\/index.php\/wp-json\/wp\/v2\/posts\/190578"}],"collection":[{"href":"http:\/\/cordobainforma.info\/index.php\/wp-json\/wp\/v2\/posts"}],"about":[{"href":"http:\/\/cordobainforma.info\/index.php\/wp-json\/wp\/v2\/types\/post"}],"author":[{"embeddable":true,"href":"http:\/\/cordobainforma.info\/index.php\/wp-json\/wp\/v2\/users\/1"}],"replies":[{"embeddable":true,"href":"http:\/\/cordobainforma.info\/index.php\/wp-json\/wp\/v2\/comments?post=190578"}],"version-history":[{"count":0,"href":"http:\/\/cordobainforma.info\/index.php\/wp-json\/wp\/v2\/posts\/190578\/revisions"}],"wp:attachment":[{"href":"http:\/\/cordobainforma.info\/index.php\/wp-json\/wp\/v2\/media?parent=190578"}],"wp:term":[{"taxonomy":"category","embeddable":true,"href":"http:\/\/cordobainforma.info\/index.php\/wp-json\/wp\/v2\/categories?post=190578"},{"taxonomy":"post_tag","embeddable":true,"href":"http:\/\/cordobainforma.info\/index.php\/wp-json\/wp\/v2\/tags?post=190578"}],"curies":[{"name":"wp","href":"https:\/\/api.w.org\/{rel}","templated":true}]}}