{"id":190520,"date":"2026-04-25T01:40:49","date_gmt":"2026-04-25T01:40:49","guid":{"rendered":"https:\/\/www.clarin.com\/deportes\/racing-estallo-arbitraje-roja-5-minutos-gol-canticos-claudio-chiqui-tapia_0_3lgFIFdkYj.html"},"modified":"2026-04-25T01:40:49","modified_gmt":"2026-04-25T01:40:49","slug":"racing-estallo-contra-el-arbitraje-roja-a-los-5-minutos-gol-y-canticos-contra-claudio-chiqui-tapia","status":"publish","type":"post","link":"http:\/\/cordobainforma.info\/index.php\/2026\/04\/25\/racing-estallo-contra-el-arbitraje-roja-a-los-5-minutos-gol-y-canticos-contra-claudio-chiqui-tapia\/","title":{"rendered":"Racing estall\u00f3 contra el arbitraje: roja a los 5 minutos, gol y c\u00e1nticos contra Claudio Chiqui Tapia"},"content":{"rendered":"<p><img src=\"http:\/\/cordobainforma.info\/wp-content\/uploads\/2026\/04\/racing-estallo-contra-el-arbitraje-roja-a-los-5-minutos-gol-y-canticos-contra-claudio-chiqui-tapia.jpg\"><\/p>\n<div><img src=\"http:\/\/cordobainforma.info\/wp-content\/uploads\/2026\/04\/racing-estallo-contra-el-arbitraje-roja-a-los-5-minutos-gol-y-canticos-contra-claudio-chiqui-tapia-2.jpg\" class=\"ff-og-image-inserted\"><\/div>\n<div id=\"element-body-0\" readability=\"62\">\n<p>Aunque en el <strong>Cilindro de Avellaneda<\/strong> hab\u00eda mucho en juego por la pelea de <strong>Racing y Barracas Central<\/strong> por un lugar en los playoffs del Torneo Apertura, una de las escenas centrales del partido fue la temprana expulsi\u00f3n de <strong>Adri\u00e1n Fern\u00e1ndez<\/strong>, decidida por <strong>Pablo Echavarr\u00eda<\/strong> tras el llamado de Germ\u00e1n Delfino desde el VAR.<\/p>\n<\/div>\n<div id=\"element-body-1\" readability=\"64\">\n<p>Antes de los dos minutos de juego, el volante de la Academia <strong>impact\u00f3 con un codazo a Dardo Miloc<\/strong>, mediocampista del Guapo. Luego de revisar la acci\u00f3n en la pantalla, Echavarr\u00eda corrigi\u00f3 su decisi\u00f3n inicial y, a los 5 minutos del primer tiempo, <strong>mostr\u00f3 la tarjeta roja de manera correcta.<\/strong><\/p>\n<\/div>\n<div id=\"element-body-2\" readability=\"60\">\n<p>La sanci\u00f3n desat\u00f3 de inmediato la bronca de los hinchas de Racing, que comenzaron <strong>con c\u00e1nticos dirigidos al arbitraje y a Claudio Tapia<\/strong>, presidente de la AFA.<\/p>\n<\/div>\n<div id=\"element-body-3\" readability=\"24.316199376947\">\n<blockquote class=\"twitter-tweet\" readability=\"7.2585669781931\">\n<p lang=\"es\" dir=\"ltr\">EXPULSADO ADRI\u00c1N FERN\u00c1NDEZ \ud83d\udd34<\/p>\n<p>Racing se queda con 10 jugadores A LOS 5 MINUTOS DEL PRIMER TIEMPO.<a href=\"https:\/\/twitter.com\/hashtag\/LPFxTNTSports?src=hash&amp;ref_src=twsrc%5Etfw\">#LPFxTNTSports<\/a><\/p>\n<p>Viv\u00ed el Torneo Apertura 2026 por TNT Sports Premium y disfrutalo tambi\u00e9n en HBO Max \ud83d\udc49 <a href=\"https:\/\/twitter.com\/hashtag\/Suscribite?src=hash&amp;ref_src=twsrc%5Etfw\">#Suscribite<\/a> <a href=\"https:\/\/t.co\/9RzIJTMF2E\">https:\/\/t.co\/9RzIJTMF2E<\/a> <a href=\"https:\/\/t.co\/FlLoYgnUgs\">pic.twitter.com\/FlLoYgnUgs<\/a><\/p>\n<p>\u2014 TNT Sports Argentina (@TNTSportsAR) <a href=\"https:\/\/twitter.com\/TNTSportsAR\/status\/2047837298495045771?ref_src=twsrc%5Etfw\">April 25, 2026<\/a><\/p><\/blockquote><\/div>\n<div id=\"element-body-4\" readability=\"61\">\n<p>El malestar volvi\u00f3 a hacerse sentir a los 30 minutos de la primera parte, cuando Mat\u00edas Zaracho abri\u00f3 el marcador para la Academia. Tras el festejo, desde las tribunas otra vez bajaron canciones apuntadas contra el titular de la AFA.<\/p>\n<\/div>\n<div id=\"element-body-5\" readability=\"24.258620689655\">\n<blockquote class=\"twitter-tweet\" readability=\"7.2413793103448\">\n<p lang=\"es\" dir=\"ltr\">RACING SE QUED\u00d3 CON 10 EN EL PRIMER TIEMPO \ud83d\udd34<\/p>\n<p>As\u00ed se iba Adri\u00e1n Fern\u00e1ndez del campo de juego.<a href=\"https:\/\/twitter.com\/hashtag\/LPFxTNTSports?src=hash&amp;ref_src=twsrc%5Etfw\">#LPFxTNTSports<\/a><\/p>\n<p>Viv\u00ed el Torneo Apertura 2026 por TNT Sports Premium y disfrutalo tambi\u00e9n en HBO Max \ud83d\udc49 <a href=\"https:\/\/twitter.com\/hashtag\/Suscribite?src=hash&amp;ref_src=twsrc%5Etfw\">#Suscribite<\/a> <a href=\"https:\/\/t.co\/lyaZrOskxw\">https:\/\/t.co\/lyaZrOskxw<\/a> <a href=\"https:\/\/t.co\/wX2539E3E5\">pic.twitter.com\/wX2539E3E5<\/a><\/p>\n<p>\u2014 TNT Sports Argentina (@TNTSportsAR) <a href=\"https:\/\/twitter.com\/TNTSportsAR\/status\/2047841822462914714?ref_src=twsrc%5Etfw\">April 25, 2026<\/a><\/p><\/blockquote><\/div>\n","protected":false},"excerpt":{"rendered":"<p>Aunque en el Cilindro de Avellaneda hab\u00eda mucho en juego por la pelea de Racing y Barracas Central por un lugar en los playoffs del Torneo Apertura, una de las escenas centrales del partido fue la temprana expulsi\u00f3n de Adri\u00e1n Fern\u00e1ndez, decidida por Pablo Echavarr\u00eda tras el llamado de Germ\u00e1n Delfino desde el VAR. Antes [&hellip;]<\/p>\n","protected":false},"author":1,"featured_media":190521,"comment_status":"closed","ping_status":"closed","sticky":false,"template":"","format":"standard","meta":[],"categories":[20],"tags":[],"_links":{"self":[{"href":"http:\/\/cordobainforma.info\/index.php\/wp-json\/wp\/v2\/posts\/190520"}],"collection":[{"href":"http:\/\/cordobainforma.info\/index.php\/wp-json\/wp\/v2\/posts"}],"about":[{"href":"http:\/\/cordobainforma.info\/index.php\/wp-json\/wp\/v2\/types\/post"}],"author":[{"embeddable":true,"href":"http:\/\/cordobainforma.info\/index.php\/wp-json\/wp\/v2\/users\/1"}],"replies":[{"embeddable":true,"href":"http:\/\/cordobainforma.info\/index.php\/wp-json\/wp\/v2\/comments?post=190520"}],"version-history":[{"count":0,"href":"http:\/\/cordobainforma.info\/index.php\/wp-json\/wp\/v2\/posts\/190520\/revisions"}],"wp:featuredmedia":[{"embeddable":true,"href":"http:\/\/cordobainforma.info\/index.php\/wp-json\/wp\/v2\/media\/190521"}],"wp:attachment":[{"href":"http:\/\/cordobainforma.info\/index.php\/wp-json\/wp\/v2\/media?parent=190520"}],"wp:term":[{"taxonomy":"category","embeddable":true,"href":"http:\/\/cordobainforma.info\/index.php\/wp-json\/wp\/v2\/categories?post=190520"},{"taxonomy":"post_tag","embeddable":true,"href":"http:\/\/cordobainforma.info\/index.php\/wp-json\/wp\/v2\/tags?post=190520"}],"curies":[{"name":"wp","href":"https:\/\/api.w.org\/{rel}","templated":true}]}}