{"id":186675,"date":"2026-03-10T17:29:55","date_gmt":"2026-03-10T17:29:55","guid":{"rendered":"https:\/\/www.escribiendocine.com\/noticias\/2026\/03\/10\/21580-ficvaldivia-abre-convocatoria-2026-y-anuncia-an-incomplete-calendar-como-pelicula-de-apertura"},"modified":"2026-03-10T17:29:55","modified_gmt":"2026-03-10T17:29:55","slug":"ficvaldivia-abre-convocatoria-2026-y-anuncia-an-incomplete-calendar-como-pelicula-de-apertura","status":"publish","type":"post","link":"http:\/\/cordobainforma.info\/index.php\/2026\/03\/10\/ficvaldivia-abre-convocatoria-2026-y-anuncia-an-incomplete-calendar-como-pelicula-de-apertura\/","title":{"rendered":"FICValdivia abre convocatoria 2026 y anuncia \u00abAn Incomplete Calendar\u00bb como pel\u00edcula de apertura"},"content":{"rendered":"<div class=\"media_block\"><\/div>\n<div><img src=\"http:\/\/cordobainforma.info\/wp-content\/uploads\/2026\/03\/ficvaldivia-abre-convocatoria-2026-y-anuncia-an-incomplete-calendar-como-pelicula-de-apertura.jpg\" class=\"ff-og-image-inserted\"><\/div>\n<div readability=\"22.621621621622\">\n<div class=\"col-xs-12 col-sm-6 col-md-12 col-lg-3 no-padding col-der\" readability=\"7\">\n<p> <span class=\"fecha\">martes 10 de marzo de 2026 <\/span> <\/p>\n<\/p><\/div><\/div>\n<div readability=\"105.06273684211\">\n<p>El <a href=\"https:\/\/ficvaldivia.cl\/\" target=\"_blank\" rel=\"noopener noreferrer\">Festival Internacional de Cine de Valdivia<\/a><strong> (FICValdivia)<\/strong> anunci\u00f3 la apertura oficial de su <strong>convocatoria 2026<\/strong> y confirm\u00f3 que la pel\u00edcula de apertura de su pr\u00f3xima edici\u00f3n ser\u00e1 <strong>An Incomplete Calendar<\/strong>, nuevo largometraje de la artista e investigadora iran\u00ed radicada en Canad\u00e1 <strong>Sanaz Sohrabi<\/strong>.<\/p>\n<p>La obra tendr\u00e1 su estreno mundial en el festival documental <strong>Cin\u00e9ma du R\u00e9el<\/strong> y llegar\u00e1 a Valdivia como una de las propuestas recientes del cine ensayo contempor\u00e1neo. Con este anuncio, el certamen chileno anticipa parte de la l\u00ednea curatorial que orientar\u00e1 su programaci\u00f3n, centrada en pel\u00edculas que dialogan con historia pol\u00edtica, memoria y representaci\u00f3n.<\/p>\n<h2>Un ensayo sobre petr\u00f3leo, pol\u00edtica y memoria<\/h2>\n<p><strong>An Incomplete Calendar<\/strong> (Canad\u00e1, Ir\u00e1n, Turqu\u00eda, Venezuela, 2026, 77\u2019) reconstruye la historia del vinilo <strong>\u201cRhymes and Songs for OPEC\u201d<\/strong>, grabado en 1980 por el Coro de Conciertos de la Universidad Central de Venezuela para conmemorar los veinte a\u00f1os de la <strong>Organizaci\u00f3n de Pa\u00edses Exportadores de Petr\u00f3leo (OPEP)<\/strong>.<\/p>\n<p>A partir de materiales de archivo y registros musicales, la pel\u00edcula propone leer el petr\u00f3leo no solo como mercanc\u00eda sino como elemento pol\u00edtico dentro de las luchas de liberaci\u00f3n en Palestina y los procesos de solidaridad pan\u00e1rabe durante las d\u00e9cadas de 1960 y 1970.<\/p>\n<p>El film cierra una trilog\u00eda que Sohrabi inici\u00f3 con <strong>One Image, Two Acts<\/strong> (2020) \u2014obra que obtuvo una menci\u00f3n especial del jurado en <strong>FICValdivia 2021<\/strong>\u2014 y continu\u00f3 con <strong>Scenes of Extraction <\/strong>(2023). En conjunto, los tres trabajos exploran la relaci\u00f3n entre cine ensayo, archivo hist\u00f3rico y representaci\u00f3n visual de la industria petrolera en Ir\u00e1n y Asia Occidental.<\/p>\n<h2>La relaci\u00f3n entre la directora y el p\u00fablico chileno<\/h2>\n<p>La cineasta se\u00f1al\u00f3 que su v\u00ednculo con Chile tiene ra\u00edces pol\u00edticas e hist\u00f3ricas. Seg\u00fan explic\u00f3, durante su formaci\u00f3n conoci\u00f3 procesos hist\u00f3ricos del pa\u00eds que dialogan con los de Ir\u00e1n, entre ellos las intervenciones extranjeras, los golpes de Estado y las disputas en torno a los recursos naturales.<\/p>\n<p>Sohrabi record\u00f3 adem\u00e1s su paso por el festival en 2021, cuando su pel\u00edcula <strong>One Image, Two Acts<\/strong> fue proyectada en el certamen. En ese contexto afirm\u00f3 que el p\u00fablico chileno mostr\u00f3 una lectura cr\u00edtica de las im\u00e1genes y de la historia abordada en el film. La realizadora no pudo asistir en esa ocasi\u00f3n debido a la pandemia, por lo que la invitaci\u00f3n a inaugurar el festival con su nueva pel\u00edcula adquiere para ella un valor particular.<\/p>\n<h2>La apuesta curatorial de FICValdivia<\/h2>\n<p>El director del festival, <strong>Ra\u00fal Camargo<\/strong>, explic\u00f3 que la elecci\u00f3n del film responde a la l\u00ednea curatorial del certamen, que busca destacar cinematograf\u00edas provenientes de \u00c1frica, Medio Oriente, Latinoam\u00e9rica y el Caribe.<\/p>\n<p>Seg\u00fan se\u00f1al\u00f3, esos territorios comparten historias vinculadas a procesos de descolonizaci\u00f3n y a formas de cooperaci\u00f3n cultural y pol\u00edtica entre regiones del llamado sur global. Desde esa perspectiva, la programaci\u00f3n busca ampliar el mapa cinematogr\u00e1fico habitual dominado por las potencias culturales del norte.<\/p>\n<p>Camargo indic\u00f3 que <strong>An Incomplete Calendar<\/strong> recupera una historia poco conocida que dialoga con el presente geopol\u00edtico, lo que explica su elecci\u00f3n como pel\u00edcula inaugural del festival.<\/p>\n<h2>Convocatoria abierta para el FICValdivia 2026<\/h2>\n<p>Junto con el anuncio del film de apertura, el festival confirm\u00f3 que ya est\u00e1n disponibles las <strong>bases de la convocatoria para la edici\u00f3n n\u00famero 33<\/strong> del evento.<\/p>\n<p>El certamen contempla cinco categor\u00edas competitivas:<\/p>\n<ul readability=\"2\">\n<li readability=\"-1\">\n<p>Selecci\u00f3n Oficial Largometraje<\/p>\n<\/li>\n<li readability=\"-1\">\n<p>Selecci\u00f3n Oficial Largometraje Juvenil<\/p>\n<\/li>\n<li readability=\"-1\">\n<p>Selecci\u00f3n Oficial Cortometraje de Latinoam\u00e9rica y el Caribe<\/p>\n<\/li>\n<li readability=\"-1\">\n<p>Selecci\u00f3n Oficial Cortometraje Infantil de Latinoam\u00e9rica y el Caribe<\/p>\n<\/li>\n<li readability=\"-1\">\n<p>Selecci\u00f3n Oficial Cortometraje Chileno de Estudiantes de Cine y Audiovisual<\/p>\n<\/li>\n<\/ul>\n<p>Podr\u00e1n participar obras terminadas <strong>a partir del 1 de marzo de 2025<\/strong>, siempre que su estreno en Chile se realice en el festival.<\/p>\n<p>Las inscripciones estar\u00e1n abiertas <strong>desde el 9 de marzo hasta el 24 de abril de 2026 a las 18:00 horas (Chile continental)<\/strong> a trav\u00e9s de la plataforma Festhome. La selecci\u00f3n oficial ser\u00e1 anunciada durante septiembre en el sitio web del festival.<\/p>\n<h2>Un festival con tres d\u00e9cadas de historia<\/h2>\n<p>Fundado por la <strong>Universidad Austral de Chile<\/strong>, producido por el <strong>Centro Cultural de Promoci\u00f3n Cinematogr\u00e1fica de Valdivia<\/strong> y convocado por la <strong>Municipalidad de Valdivia<\/strong>, el <strong>Gobierno Regional de Los R\u00edos<\/strong> y el <strong>Ministerio de las Culturas, las Artes y el Patrimonio<\/strong>, FICValdivia se consolid\u00f3 como uno de los espacios de exhibici\u00f3n y competencia m\u00e1s relevantes del cine latinoamericano.<\/p>\n<p>La pr\u00f3xima edici\u00f3n del festival se realizar\u00e1 <strong>entre el 12 y el 18 de octubre<\/strong>, reuniendo en la ciudad del sur de Chile a realizadores, programadores y p\u00fablico especializado.<\/p>\n<\/p><\/div>\n","protected":false},"excerpt":{"rendered":"<p>martes 10 de marzo de 2026 El Festival Internacional de Cine de Valdivia (FICValdivia) anunci\u00f3 la apertura oficial de su convocatoria 2026 y confirm\u00f3 que la pel\u00edcula de apertura de su pr\u00f3xima edici\u00f3n ser\u00e1 An Incomplete Calendar, nuevo largometraje de la artista e investigadora iran\u00ed radicada en Canad\u00e1 Sanaz Sohrabi. La obra tendr\u00e1 su estreno [&hellip;]<\/p>\n","protected":false},"author":1,"featured_media":186676,"comment_status":"open","ping_status":"closed","sticky":false,"template":"","format":"standard","meta":[],"categories":[21],"tags":[],"_links":{"self":[{"href":"http:\/\/cordobainforma.info\/index.php\/wp-json\/wp\/v2\/posts\/186675"}],"collection":[{"href":"http:\/\/cordobainforma.info\/index.php\/wp-json\/wp\/v2\/posts"}],"about":[{"href":"http:\/\/cordobainforma.info\/index.php\/wp-json\/wp\/v2\/types\/post"}],"author":[{"embeddable":true,"href":"http:\/\/cordobainforma.info\/index.php\/wp-json\/wp\/v2\/users\/1"}],"replies":[{"embeddable":true,"href":"http:\/\/cordobainforma.info\/index.php\/wp-json\/wp\/v2\/comments?post=186675"}],"version-history":[{"count":0,"href":"http:\/\/cordobainforma.info\/index.php\/wp-json\/wp\/v2\/posts\/186675\/revisions"}],"wp:featuredmedia":[{"embeddable":true,"href":"http:\/\/cordobainforma.info\/index.php\/wp-json\/wp\/v2\/media\/186676"}],"wp:attachment":[{"href":"http:\/\/cordobainforma.info\/index.php\/wp-json\/wp\/v2\/media?parent=186675"}],"wp:term":[{"taxonomy":"category","embeddable":true,"href":"http:\/\/cordobainforma.info\/index.php\/wp-json\/wp\/v2\/categories?post=186675"},{"taxonomy":"post_tag","embeddable":true,"href":"http:\/\/cordobainforma.info\/index.php\/wp-json\/wp\/v2\/tags?post=186675"}],"curies":[{"name":"wp","href":"https:\/\/api.w.org\/{rel}","templated":true}]}}