{"id":186633,"date":"2026-03-11T00:01:02","date_gmt":"2026-03-11T00:01:02","guid":{"rendered":"http:\/\/cordobainforma.info\/index.php\/2026\/03\/11\/arroyito-aporto-a-una-temporada-turistica-record-en-cordoba-la-voz-de-san-justo\/"},"modified":"2026-03-11T00:01:02","modified_gmt":"2026-03-11T00:01:02","slug":"arroyito-aporto-a-una-temporada-turistica-record-en-cordoba-la-voz-de-san-justo","status":"publish","type":"post","link":"http:\/\/cordobainforma.info\/index.php\/2026\/03\/11\/arroyito-aporto-a-una-temporada-turistica-record-en-cordoba-la-voz-de-san-justo\/","title":{"rendered":"Arroyito aport\u00f3 a una temporada tur\u00edstica r\u00e9cord en <b>C\u00f3rdoba<\/b> &#8211; La Voz de San Justo"},"content":{"rendered":"<p>Durante la temporada de verano 2025-2026, <b>C\u00f3rdoba<\/b> se consolid\u00f3 como el destino tur\u00edstico m\u00e1s elegido de Argentina, con un impacto econ\u00f3mico acumulado&nbsp;&#8230; <\/p>\n","protected":false},"excerpt":{"rendered":"<p>Durante la temporada de verano 2025-2026, C\u00f3rdoba se consolid\u00f3 como el destino tur\u00edstico m\u00e1s elegido de Argentina, con un impacto econ\u00f3mico acumulado&nbsp;&#8230;<\/p>\n","protected":false},"author":1,"featured_media":0,"comment_status":"closed","ping_status":"closed","sticky":false,"template":"","format":"standard","meta":[],"categories":[23],"tags":[],"_links":{"self":[{"href":"http:\/\/cordobainforma.info\/index.php\/wp-json\/wp\/v2\/posts\/186633"}],"collection":[{"href":"http:\/\/cordobainforma.info\/index.php\/wp-json\/wp\/v2\/posts"}],"about":[{"href":"http:\/\/cordobainforma.info\/index.php\/wp-json\/wp\/v2\/types\/post"}],"author":[{"embeddable":true,"href":"http:\/\/cordobainforma.info\/index.php\/wp-json\/wp\/v2\/users\/1"}],"replies":[{"embeddable":true,"href":"http:\/\/cordobainforma.info\/index.php\/wp-json\/wp\/v2\/comments?post=186633"}],"version-history":[{"count":0,"href":"http:\/\/cordobainforma.info\/index.php\/wp-json\/wp\/v2\/posts\/186633\/revisions"}],"wp:attachment":[{"href":"http:\/\/cordobainforma.info\/index.php\/wp-json\/wp\/v2\/media?parent=186633"}],"wp:term":[{"taxonomy":"category","embeddable":true,"href":"http:\/\/cordobainforma.info\/index.php\/wp-json\/wp\/v2\/categories?post=186633"},{"taxonomy":"post_tag","embeddable":true,"href":"http:\/\/cordobainforma.info\/index.php\/wp-json\/wp\/v2\/tags?post=186633"}],"curies":[{"name":"wp","href":"https:\/\/api.w.org\/{rel}","templated":true}]}}