{"id":186632,"date":"2026-03-11T00:30:31","date_gmt":"2026-03-11T00:30:31","guid":{"rendered":"http:\/\/cordobainforma.info\/index.php\/2026\/03\/11\/en-nueva-york-llaryora-vendio-cordoba-y-destaco-la-convivencia-politica-diario-alfil\/"},"modified":"2026-03-11T00:30:31","modified_gmt":"2026-03-11T00:30:31","slug":"en-nueva-york-llaryora-vendio-cordoba-y-destaco-la-convivencia-politica-diario-alfil","status":"publish","type":"post","link":"http:\/\/cordobainforma.info\/index.php\/2026\/03\/11\/en-nueva-york-llaryora-vendio-cordoba-y-destaco-la-convivencia-politica-diario-alfil\/","title":{"rendered":"En <b>Nueva<\/b> York, Llaryora \u201cvendi\u00f3\u201d <b>C\u00f3rdoba<\/b> y destac\u00f3 la convivencia pol\u00edtica &#8211; Diario Alfil"},"content":{"rendered":"<p>Martin Llaryora pas\u00f3 ayer por el Council of the Americas de <b>Nueva<\/b> York, en un encuentro donde estuvo el ministro de <b>Econom\u00eda<\/b>, Luis Caputo,&nbsp;&#8230; <\/p>\n","protected":false},"excerpt":{"rendered":"<p>Martin Llaryora pas\u00f3 ayer por el Council of the Americas de Nueva York, en un encuentro donde estuvo el ministro de Econom\u00eda, Luis Caputo,&nbsp;&#8230;<\/p>\n","protected":false},"author":1,"featured_media":0,"comment_status":"closed","ping_status":"closed","sticky":false,"template":"","format":"standard","meta":[],"categories":[23],"tags":[],"_links":{"self":[{"href":"http:\/\/cordobainforma.info\/index.php\/wp-json\/wp\/v2\/posts\/186632"}],"collection":[{"href":"http:\/\/cordobainforma.info\/index.php\/wp-json\/wp\/v2\/posts"}],"about":[{"href":"http:\/\/cordobainforma.info\/index.php\/wp-json\/wp\/v2\/types\/post"}],"author":[{"embeddable":true,"href":"http:\/\/cordobainforma.info\/index.php\/wp-json\/wp\/v2\/users\/1"}],"replies":[{"embeddable":true,"href":"http:\/\/cordobainforma.info\/index.php\/wp-json\/wp\/v2\/comments?post=186632"}],"version-history":[{"count":0,"href":"http:\/\/cordobainforma.info\/index.php\/wp-json\/wp\/v2\/posts\/186632\/revisions"}],"wp:attachment":[{"href":"http:\/\/cordobainforma.info\/index.php\/wp-json\/wp\/v2\/media?parent=186632"}],"wp:term":[{"taxonomy":"category","embeddable":true,"href":"http:\/\/cordobainforma.info\/index.php\/wp-json\/wp\/v2\/categories?post=186632"},{"taxonomy":"post_tag","embeddable":true,"href":"http:\/\/cordobainforma.info\/index.php\/wp-json\/wp\/v2\/tags?post=186632"}],"curies":[{"name":"wp","href":"https:\/\/api.w.org\/{rel}","templated":true}]}}