{"id":186626,"date":"2026-03-10T19:32:04","date_gmt":"2026-03-10T19:32:04","guid":{"rendered":"https:\/\/somoscordobeses.com\/2026\/03\/10\/dacia-presenta-su-plan-estrategico-de-cara-a-2030-junto-al-nuevo-striker\/"},"modified":"2026-03-10T19:32:04","modified_gmt":"2026-03-10T19:32:04","slug":"dacia-presenta-su-plan-estrategico-de-cara-a-2030-junto-al-nuevo-striker","status":"publish","type":"post","link":"http:\/\/cordobainforma.info\/index.php\/2026\/03\/10\/dacia-presenta-su-plan-estrategico-de-cara-a-2030-junto-al-nuevo-striker\/","title":{"rendered":"Dacia presenta su plan estrat\u00e9gico de cara a 2030 junto al nuevo Striker"},"content":{"rendered":"<div><img src=\"http:\/\/cordobainforma.info\/wp-content\/uploads\/2026\/03\/dacia-presenta-su-plan-estrategico-de-cara-a-2030-junto-al-nuevo-striker.jpg\" class=\"ff-og-image-inserted\"><\/div>\n<p><strong>Dacia<\/strong><strong> <\/strong>sigue redefiniendo los <strong>fundamentos de la movilidad<\/strong> <strong>moderna <\/strong>gracias a un modelo econ\u00f3mico \u00fanico que combina un <strong>dise\u00f1o atractivo<\/strong>, una <strong>robustez probada<\/strong> y una <strong>innovaci\u00f3n accesible<\/strong>. Reconocida como la marca que ofrece la mejor relaci\u00f3n valor-precio del mercado, Dacia ha basado su rendimiento en una filosof\u00eda de dise\u00f1o rigurosa y eficaz centrada en el control de costes. De este modo, cuenta con una <strong>ventaja estructural del 15% con respecto al mercado.<\/strong><\/p>\n<p>Esta competitividad se basa en una <strong>huella industrial altamente optimizada<\/strong>, con una fuerte integraci\u00f3n local y altas tasas de utilizaci\u00f3n de las f\u00e1bricas. Adem\u00e1s, se basa en un modelo de distribuci\u00f3n simple, que <strong>opera a menos de la mitad del coste medio de sus competidores<\/strong> en Europa occidental. En conjunto, estas ventajas permiten a Dacia ofrecer <strong>veh\u00edculos esenciales, robustos y accesibles<\/strong> a una clientela cada vez mayor en toda Europa.<\/p>\n<figure data-aida-image><picture><source media=\"(min-width:640.1px)\" type=\"image\/webp\" width=\"1920.0\" height=\"1080.0\"><source media=\"(min-width: 320.1px) and (max-width: 640px)\" type=\"image\/webp\" width=\"640.0\" height=\"360.0\"><source media=\"(max-width: 320px)\" type=\"image\/webp\" width=\"320.0\" height=\"180.0\"><source media=\"(min-width:640.1px)\" type=\"image\/jpeg\" width=\"1920.0\" height=\"1080.0\" data-aida-photoclipping><source media=\"(min-width: 320.1px) and (max-width: 640px)\" type=\"image\/jpeg\" width=\"640.0\" height=\"360.0\" data-aida-photoclipping><source media=\"(max-width: 320px)\" type=\"image\/jpeg\" width=\"320.0\" height=\"180.0\" data-aida-photoclipping><\/picture><figcaption data-aida-caption>\n<p>Dacia Striker <span data-aida-captionauthor> \/ Dacia<\/span><\/p>\n<\/figcaption><\/figure>\n<h3>Gran fidelidad de sus clientes<\/h3>\n<p>La relevancia de Dacia se ve confirmada por <strong>una de las tasas de fidelidad m\u00e1s altas de Europa<\/strong>. M\u00e1s del <strong>70%<\/strong> de los propietarios de Dacia siguen fieles a la marca cuando renuevan su veh\u00edculo, mientras que el <strong>10% cambia a Renault<\/strong>. As\u00ed pues, el <strong>80% de los clientes permanecen en <\/strong><strong>Renault Group<\/strong>.&nbsp;<\/p>\n<p>Esta fuerte din\u00e1mica de fidelizaci\u00f3n y conquista se ve reforzada por los <strong>excelentes resultados comerciales de Dacia<\/strong>, que convierten a la marca en la segunda m\u00e1s vendida en Europa a particulares.<\/p>\n<p>En 2025, el \u00e9xito de Dacia se vio impulsado por los excelentes <strong>resultados de sus modelos estrella:<\/strong><\/p>\n<ul data-aida-text>\n<li>El <strong>Sandero<\/strong> fue el <strong>turismo m\u00e1s vendido en Europa,<\/strong> en todos los canales, por segundo a\u00f1o consecutivo, y es el veh\u00edculo m\u00e1s vendido a particulares en Europa desde 2017.<\/li>\n<li>El <strong>Duster<\/strong> es el <strong>segundo SUV m\u00e1s vendido<\/strong> a particulares en Europa.<\/li>\n<li>El <strong>Bigster<\/strong> se convirti\u00f3 en el <strong>SUV del segmento C m\u00e1s vendido a particulares<\/strong> <strong>en Europa<\/strong> durante el segundo semestre de 2025.<\/li>\n<\/ul>\n<figure data-aida-image><picture><source media=\"(min-width:640.1px)\" type=\"image\/webp\" width=\"1280.0\" height=\"720.0\"><source media=\"(min-width: 320.1px) and (max-width: 640px)\" type=\"image\/webp\" width=\"640.0\" height=\"360.0\"><source media=\"(max-width: 320px)\" type=\"image\/webp\" width=\"320.0\" height=\"180.0\"><source media=\"(min-width:640.1px)\" type=\"image\/jpeg\" width=\"1280.0\" height=\"720.0\" data-aida-photoclipping><source media=\"(min-width: 320.1px) and (max-width: 640px)\" type=\"image\/jpeg\" width=\"640.0\" height=\"360.0\" data-aida-photoclipping><source media=\"(max-width: 320px)\" type=\"image\/jpeg\" width=\"320.0\" height=\"180.0\" data-aida-photoclipping><\/picture><figcaption data-aida-caption>\n<p>Dacia Sandero <span data-aida-captionauthor> \/ Dacia<\/span><\/p>\n<\/figcaption><\/figure>\n<p>A finales de 2025, Dacia super\u00f3 la barrera de los <strong>10 millones de veh\u00edculos comercializados<\/strong> en todo el mundo desde el lanzamiento de Logan en 2004, un modelo que <strong>transform\u00f3 profundamente el mercado automovil\u00edstico.<\/strong><\/p>\n<p><strong>Una hoja de ruta estrat\u00e9gica clara y ambiciosa para 2030<\/strong><\/p>\n<p>De cara al futuro, la estrategia a medio plazo de Dacia <strong>refuerza su f\u00f3rmula m\u00e1gica probada<\/strong>, al tiempo que ampl\u00eda sus principios fundamentales. La hoja de ruta de la marca para 2030 <strong>se articula en torno a cinco pilares clave<\/strong>:<\/p>\n<ol>\n<li>Un <strong>compromiso firme con la movilidad el\u00e9ctrica<\/strong>: Dacia apuesta decididamente por la <strong>movilidad el\u00e9ctrica <\/strong>con el lanzamiento de <strong>cuatro veh\u00edculos 100% el\u00e9ctricos<\/strong> de aqu\u00ed a 2030.<\/li>\n<li>Una <strong>electrificaci\u00f3n acelerada de toda la gama<\/strong>: Se espera que <strong>dos tercios de las ventas<\/strong> de Dacia ser\u00e1n electrificadas en los pr\u00f3ximos a\u00f1os.<\/li>\n<li>Una <strong>ambiciosa ofensiva en el segmento C:<\/strong> Dacia aspira a aumentar la cuota de veh\u00edculos del segmento C en sus ventas de <strong>una quinta parte<\/strong> en la actualidad a un tercio en los pr\u00f3ximos a\u00f1os.<\/li>\n<li>El <strong>pr\u00f3ximo cap\u00edtulo para el Sandero<\/strong>: Para la pr\u00f3xima generaci\u00f3n, el Sandero ofrecer\u00e1 una <strong>gama de motorizaciones totalmente multienerg\u00e9ticas.<\/strong><\/li>\n<li><strong>Reforzar lo que hace \u00fanica a la marca<\/strong>: Dacia seguir\u00e1 apoy\u00e1ndose en su reconocida experiencia en <strong>4\u00d74 accesibles<\/strong> para todos y su <strong>liderazgo en soluciones GLP<\/strong>.<\/li>\n<\/ol>\n<figure data-aida-image><picture><source media=\"(min-width:640.1px)\" type=\"image\/webp\" width=\"1920.0\" height=\"1080.0\"><source media=\"(min-width: 320.1px) and (max-width: 640px)\" type=\"image\/webp\" width=\"640.0\" height=\"360.0\"><source media=\"(max-width: 320px)\" type=\"image\/webp\" width=\"320.0\" height=\"180.0\"><source media=\"(min-width:640.1px)\" type=\"image\/jpeg\" width=\"1920.0\" height=\"1080.0\" data-aida-photoclipping><source media=\"(min-width: 320.1px) and (max-width: 640px)\" type=\"image\/jpeg\" width=\"640.0\" height=\"360.0\" data-aida-photoclipping><source media=\"(max-width: 320px)\" type=\"image\/jpeg\" width=\"320.0\" height=\"180.0\" data-aida-photoclipping><\/picture><figcaption data-aida-caption>\n<p>Dacia Striker <span data-aida-captionauthor> \/ Dacia<\/span><\/p>\n<\/figcaption><\/figure>\n<h3>Striker: la visi\u00f3n de Dacia sobre el segmento C<\/h3>\n<p>Dacia refuerza su presencia en el segmento C con el <strong>Striker<\/strong>, un <strong>nuevo crossover multienerg\u00e9tico<\/strong> que combina el <strong>dinamismo de un<\/strong> <strong>familiar<\/strong>, la <strong>practicidad <\/strong>de una <strong>berlina <\/strong>espaciosa y la <strong>distancia al suelo de un SUV.<\/strong><\/p>\n<p>Fiel al ADN de Dacia, el Striker luce un <strong>dise\u00f1o robusto y decidido.<\/strong> Sus l\u00edneas din\u00e1micas, su silueta aerodin\u00e1mica y su frontal vertical y marcado se ven <strong>realzados por la nueva y moderna firma luminosa diurna de la marca<\/strong>. Se ha prestado especial atenci\u00f3n a los detalles de dise\u00f1o, en particular a la <strong>animaci\u00f3n distintiva de las puertas delanteras<\/strong> y a la banda negra brillante que une los pilotos traseros, realzada por un <strong>granulado t\u00e9cnico<\/strong> que refuerza el car\u00e1cter moderno y robusto del veh\u00edculo.<\/p>\n<figure data-aida-image><picture><source media=\"(min-width:640.1px)\" type=\"image\/webp\" width=\"1920.0\" height=\"1080.0\"><source media=\"(min-width: 320.1px) and (max-width: 640px)\" type=\"image\/webp\" width=\"640.0\" height=\"360.0\"><source media=\"(max-width: 320px)\" type=\"image\/webp\" width=\"320.0\" height=\"180.0\"><source media=\"(min-width:640.1px)\" type=\"image\/jpeg\" width=\"1920.0\" height=\"1080.0\" data-aida-photoclipping><source media=\"(min-width: 320.1px) and (max-width: 640px)\" type=\"image\/jpeg\" width=\"640.0\" height=\"360.0\" data-aida-photoclipping><source media=\"(max-width: 320px)\" type=\"image\/jpeg\" width=\"320.0\" height=\"180.0\" data-aida-photoclipping><\/picture><figcaption data-aida-caption>\n<p>Dacia Striker <span data-aida-captionauthor> \/ Dacia<\/span><\/p>\n<\/figcaption><\/figure>\n<p>El Striker encarna la ambici\u00f3n de Dacia de <strong>hacer accesible la movilidad electrificada en el segmento C.<\/strong> Su silueta atrevida y su aerodin\u00e1mica eficaz son el resultado de un enfoque de ingenier\u00eda pragm\u00e1tico, centrado en las <strong>necesidades reales de los clientes<\/strong> y en el uso diario.<\/p>\n<p>El Striker se desvelar\u00e1 en el mes de junio, pero ya sabemos que la gama incluir\u00e1 una <strong>versi\u00f3n h\u00edbrida<\/strong>, una <strong>versi\u00f3n h\u00edbrida 4\u00d74<\/strong> y una <strong>versi\u00f3n GLP<\/strong>. Con un <strong>precio inicial inferior a 25.000\u20ac<\/strong>, el Striker ampl\u00eda considerablemente el acceso a la movilidad electrificada para particulares y flotas.<\/p>\n","protected":false},"excerpt":{"rendered":"<p>Dacia sigue redefiniendo los fundamentos de la movilidad moderna gracias a un modelo econ\u00f3mico \u00fanico que combina un dise\u00f1o atractivo, una robustez probada y una innovaci\u00f3n accesible. Reconocida como la marca que ofrece la mejor relaci\u00f3n valor-precio del mercado, Dacia ha basado su rendimiento en una filosof\u00eda de dise\u00f1o rigurosa y eficaz centrada en el [&hellip;]<\/p>\n","protected":false},"author":1,"featured_media":186627,"comment_status":"closed","ping_status":"closed","sticky":false,"template":"","format":"standard","meta":[],"categories":[2],"tags":[],"_links":{"self":[{"href":"http:\/\/cordobainforma.info\/index.php\/wp-json\/wp\/v2\/posts\/186626"}],"collection":[{"href":"http:\/\/cordobainforma.info\/index.php\/wp-json\/wp\/v2\/posts"}],"about":[{"href":"http:\/\/cordobainforma.info\/index.php\/wp-json\/wp\/v2\/types\/post"}],"author":[{"embeddable":true,"href":"http:\/\/cordobainforma.info\/index.php\/wp-json\/wp\/v2\/users\/1"}],"replies":[{"embeddable":true,"href":"http:\/\/cordobainforma.info\/index.php\/wp-json\/wp\/v2\/comments?post=186626"}],"version-history":[{"count":0,"href":"http:\/\/cordobainforma.info\/index.php\/wp-json\/wp\/v2\/posts\/186626\/revisions"}],"wp:featuredmedia":[{"embeddable":true,"href":"http:\/\/cordobainforma.info\/index.php\/wp-json\/wp\/v2\/media\/186627"}],"wp:attachment":[{"href":"http:\/\/cordobainforma.info\/index.php\/wp-json\/wp\/v2\/media?parent=186626"}],"wp:term":[{"taxonomy":"category","embeddable":true,"href":"http:\/\/cordobainforma.info\/index.php\/wp-json\/wp\/v2\/categories?post=186626"},{"taxonomy":"post_tag","embeddable":true,"href":"http:\/\/cordobainforma.info\/index.php\/wp-json\/wp\/v2\/tags?post=186626"}],"curies":[{"name":"wp","href":"https:\/\/api.w.org\/{rel}","templated":true}]}}