{"id":186620,"date":"2026-03-10T04:39:23","date_gmt":"2026-03-10T04:39:23","guid":{"rendered":"https:\/\/somoscordobeses.com\/2026\/03\/10\/volco-su-auto-tras-impactar-contra-la-montana-en-villa-del-lago\/"},"modified":"2026-03-10T04:39:23","modified_gmt":"2026-03-10T04:39:23","slug":"volco-su-auto-tras-impactar-contra-la-montana-en-villa-del-lago","status":"publish","type":"post","link":"http:\/\/cordobainforma.info\/index.php\/2026\/03\/10\/volco-su-auto-tras-impactar-contra-la-montana-en-villa-del-lago\/","title":{"rendered":"Volc\u00f3 su auto tras impactar contra la monta\u00f1a en Villa del Lago"},"content":{"rendered":"<div><img src=\"http:\/\/cordobainforma.info\/wp-content\/uploads\/2026\/03\/volco-su-auto-tras-impactar-contra-la-montana-en-villa-del-lago.jpg\" class=\"ff-og-image-inserted\"><\/div>\n<p>Ocurri\u00f3 cerca de las 3.30 de este domingo. El conductor de un Chevrolet Cruze, de 42 a\u00f1os, perdi\u00f3 el control de su veh\u00edculo que luego de impactar contra la monta\u00f1a, a un costado de la ruta 38, volc\u00f3 en un descampado en Villa del Lago.<\/p>\n<p>Un servicio de emergencias acudi\u00f3 al lugar y asisti\u00f3 al conductor que no ten\u00eda heridas de consideraci\u00f3n.<\/p>\n<h3><strong>En Bialet Mass\u00e9<\/strong><\/h3>\n<p>En tanto, en Bialet Mass\u00e9, un motociclista de 23 a\u00f1os perdi\u00f3 el control de una Zanella 150zr y cay\u00f3 al piso. Se hace presente el servicio de emergencias diagnosticando traumatismo f\u00e1cil y escoriaciones en miembros superiores, por lo que es trasladado al Hospital Domingo Funes para mejor asistencia.<\/p>\n","protected":false},"excerpt":{"rendered":"<p>Ocurri\u00f3 cerca de las 3.30 de este domingo. El conductor de un Chevrolet Cruze, de 42 a\u00f1os, perdi\u00f3 el control de su veh\u00edculo que luego de impactar contra la monta\u00f1a, a un costado de la ruta 38, volc\u00f3 en un descampado en Villa del Lago. Un servicio de emergencias acudi\u00f3 al lugar y asisti\u00f3 al [&hellip;]<\/p>\n","protected":false},"author":1,"featured_media":186621,"comment_status":"closed","ping_status":"closed","sticky":false,"template":"","format":"standard","meta":[],"categories":[2],"tags":[],"_links":{"self":[{"href":"http:\/\/cordobainforma.info\/index.php\/wp-json\/wp\/v2\/posts\/186620"}],"collection":[{"href":"http:\/\/cordobainforma.info\/index.php\/wp-json\/wp\/v2\/posts"}],"about":[{"href":"http:\/\/cordobainforma.info\/index.php\/wp-json\/wp\/v2\/types\/post"}],"author":[{"embeddable":true,"href":"http:\/\/cordobainforma.info\/index.php\/wp-json\/wp\/v2\/users\/1"}],"replies":[{"embeddable":true,"href":"http:\/\/cordobainforma.info\/index.php\/wp-json\/wp\/v2\/comments?post=186620"}],"version-history":[{"count":0,"href":"http:\/\/cordobainforma.info\/index.php\/wp-json\/wp\/v2\/posts\/186620\/revisions"}],"wp:featuredmedia":[{"embeddable":true,"href":"http:\/\/cordobainforma.info\/index.php\/wp-json\/wp\/v2\/media\/186621"}],"wp:attachment":[{"href":"http:\/\/cordobainforma.info\/index.php\/wp-json\/wp\/v2\/media?parent=186620"}],"wp:term":[{"taxonomy":"category","embeddable":true,"href":"http:\/\/cordobainforma.info\/index.php\/wp-json\/wp\/v2\/categories?post=186620"},{"taxonomy":"post_tag","embeddable":true,"href":"http:\/\/cordobainforma.info\/index.php\/wp-json\/wp\/v2\/tags?post=186620"}],"curies":[{"name":"wp","href":"https:\/\/api.w.org\/{rel}","templated":true}]}}