{"id":186612,"date":"2026-03-08T09:02:36","date_gmt":"2026-03-08T09:02:36","guid":{"rendered":"https:\/\/www.mujerhoy.com\/vivir\/ocio\/sara-barquinero-nueva-novela-la-chica-mas-lista-que-conozco-etica-mediocridad-20260308113207-nt.html"},"modified":"2026-03-08T09:02:36","modified_gmt":"2026-03-08T09:02:36","slug":"sara-barquinero-me-preocupa-mas-la-etica-que-la-mediocridad","status":"publish","type":"post","link":"http:\/\/cordobainforma.info\/index.php\/2026\/03\/08\/sara-barquinero-me-preocupa-mas-la-etica-que-la-mediocridad\/","title":{"rendered":"Sara Barquinero: \u00abMe preocupa m\u00e1s la \u00e9tica que la mediocridad\u00bb"},"content":{"rendered":"<div class=\"media_block\"><\/div>\n<p><!-- AUTHOR --><\/p>\n<div class=\"voc-author-timesocial \">\n<!-- AUTHOR --><\/p>\n<div class=\"voc-author-timesocial__signature \">\n<!-- IMAGE AUTHOR -->\n<picture class=\"voc-image-signature\">\n<img class=\"voc-image-signature__img\" src=\"http:\/\/cordobainforma.info\/wp-content\/uploads\/2026\/03\/sara-barquinero-me-preocupa-mas-la-etica-que-la-mediocridad.jpg\" alt=\"Alo\u00f1a Fdez. Larrechi\">\n<\/picture>\n<!-- INFO AUTHOR --> <\/div><\/div>\n<p><!-- COMPONENTS --><\/p>\n<p class=\"voc-paragraph\">El curr\u00edculum de <strong>Sara Barquinero<\/strong> (Zaragoza, 1994) es tan apabullante como la faja que adorna su segunda <a href=\"https:\/\/www.mujerhoy.com\/vivir\/ocio\/mejores-libros-2025-novelas-recomendadas-para-regalar-Navidad-20251223114937-nt.html\" title=\"www.mujerhoy.com\" data-voc-vtm-id=\"in-text-traffic\" data-mrf-link=\"www.mujerhoy.com\">novela<\/a>, Los Escorpiones, y que reza que fue elegido <a href=\"https:\/\/www.mujerhoy.com\/vivir\/ocio\/mejores-libros-leer-verano-novelas-adictivas-perfectas-vacaciones-20250712144522-nt.html\" title=\"www.mujerhoy.com\" data-voc-vtm-id=\"in-text-traffic\" data-mrf-link=\"www.mujerhoy.com\">mejor libro<\/a> de ficci\u00f3n de 2024, seg\u00fan la Asociaci\u00f3n de Librer\u00edas de Madrid y diversas publicaciones. La autora es doctora en Filosof\u00eda por la Universidad Complutense de Madrid y fue becaria de la Residencia de Estudiantes de la capital para la escritura de su primer libro, Estar\u00e9 sola y sin fiesta. <\/p>\n<p class=\"voc-paragraph\">Hace un a\u00f1o, la beca de la Real Academia de Espa\u00f1a en Roma le permiti\u00f3 hacer lo propio con su nueva obra, <strong>La chica m\u00e1s lista que conozco<\/strong> (Lumen). Esta novela de aprendizaje, en <a href=\"https:\/\/www.mujerhoy.com\/vivir\/ocio\/libros-febrero-lanzamientos-novedades-literarias-carrere-sonsoles-onega-20260201154639-nt.html\" title=\"www.mujerhoy.com\" data-voc-vtm-id=\"in-text-traffic\" data-mrf-link=\"www.mujerhoy.com\">librer\u00edas<\/a> el 12 de marzo, refleja las decepciones relacionadas con la llegada a la edad adulta y pone sobre la mesa temas como el nepotismo en la universidad p\u00fablica o el abuso de poder. <\/p>\n<div class=\"v-c-cmp v-c-cmp--t1 \">\n<div class=\"v-cmp-rld v-cmp-rld--2 \">\n<div class=\"v-cnt-m v-cnt-m--m\">\n<div class=\"v-cnt-m__c\">\n<div class=\"v-cnt-m__w v-cnt-m__w--1\">\n<p class=\"v-cnt-m__t\">\nTAMBI\u00c9N TE INTERESA\n<\/p>\n<\/div>\n<\/div>\n<\/div>\n<div class=\"v-g v-g--2-c v-g--bdr-min-xs\">\n<div class=\"v-g__c \">\n<article class=\"v-a v-a--cmp-rld v-a--cmp-rld-2 v-a--p-l\">\n<div class=\"v-a-img-c\">\n<figure class=\"v-a-fig\">\n<a href=\"https:\/\/www.mujerhoy.com\/mujerhoy\/noticias\/202602\/03\/vivir\/ocio\/Carlos-Zanon-BCNegra.xml#vtm_modulosEngag=mod-rel:vivir:noticia:1:cmp:2-not\" class=\"v-a-link\" title=\"Carlos Zan\u00f3n: \u00abObjetos perdidos trata de reflexionar sobre lo cerca que estamos todos de desaparecer\u00bb\"><br \/>\n<img loading=\"lazy\" class=\"v-a-img\" src=\"http:\/\/cordobainforma.info\/wp-content\/uploads\/2026\/03\/sara-barquinero-me-preocupa-mas-la-etica-que-la-mediocridad-1.jpg\" alt=\"Carlos Zan\u00f3n: \u00abObjetos perdidos trata de reflexionar sobre lo cerca que estamos todos de desaparecer\u00bb\"><br \/>\n<\/a><br \/>\n<\/figure>\n<\/div>\n<\/article>\n<\/div>\n<div class=\"v-g__c \">\n<article class=\"v-a v-a--cmp-rld v-a--cmp-rld-2 v-a--p-l\">\n<div class=\"v-a-img-c\">\n<figure class=\"v-a-fig\">\n<a href=\"https:\/\/www.mujerhoy.com\/vivir\/ocio\/libros-recomendados-marzo-2026-nueva-novela-sara-barquinero-hang-kang-fenomeno-japones-20260301023040-nt.html#vtm_modulosEngag=mod-rel:vivir:noticia:2:cmp:2-not\" class=\"v-a-link\" title=\"Los libros que tienes que leer en marzo: la nueva novela de Sara Barquinero, el regreso del fen\u00f3meno literario japon\u00e9s y la edici\u00f3n especial de El Ruise\u00f1or\"><br \/>\n<img loading=\"lazy\" class=\"v-a-img\" src=\"http:\/\/cordobainforma.info\/wp-content\/uploads\/2026\/03\/sara-barquinero-me-preocupa-mas-la-etica-que-la-mediocridad-2.jpg\" alt=\"Los libros que tienes que leer en marzo: la nueva novela de Sara Barquinero, el regreso del fen\u00f3meno literario japon\u00e9s y la edici\u00f3n especial de El Ruise\u00f1or\"><br \/>\n<\/a><br \/>\n<\/figure>\n<\/div>\n<\/article>\n<\/div>\n<\/div>\n<\/div>\n<\/div>\n<p class=\"voc-paragraph\">Ante el v\u00e9rtigo de enfrentarse a <strong>las expectativas<\/strong> creadas por su \u00faltimo \u00e9xito, la autora se muestra tranquila porque, dice, \u00abya he tenido mi momento de gloria. Si gusta, fenomenal\u00bb.<\/p>\n<p class=\"voc-paragraph\"><strong>MUJERHOY. \u00bfC\u00f3mo fue ponerse a escribir tras la excelente acogida de Los Escorpiones? <\/strong><\/p>\n<p class=\"voc-paragraph\">SARA BARQUINERO. Me result\u00f3 realmente sencillo porque empec\u00e9 La chica m\u00e1s lista que conozco cuando no hab\u00eda terminado Los escorpiones, mientras hac\u00eda el doctorado. En ese momento no era un proyecto de novela,<strong> estaba bastante enfadada con la universidad<\/strong> e iba anotando mis ocurrencias, critic\u00e1ndolo todo. As\u00ed que no part\u00eda de una p\u00e1gina en blanco, a lo mejor ten\u00eda como 30 o 40 hojas de rabia. <\/p>\n<p class=\"voc-paragraph\"><strong>Entonces, \u00bfsu nuevo libro surge de sus experiencias personales? <\/strong><\/p>\n<p class=\"voc-paragraph\">Viene de ellas pero no es autobiogr\u00e1fico o autoficci\u00f3n. Lo pens\u00e9, pero ten\u00eda dos problemas para eso: <strong>me cuesta narrar mi propia vida<\/strong> y me di cuenta de que si contaba mi experiencia desde el disgusto, siendo ya doctoranda, mucha gente no iba a empatizar con la historia. Era mejor colocar a un personaje ficticio, m\u00e1s joven que yo, con 18 o 19 a\u00f1os.<\/p>\n<p class=\"voc-paragraph\"><strong>En La chica m\u00e1s lista que conozco hay observaciones entre cap\u00edtulos. \u00bfEs lo que surgi\u00f3 con esa rabia que comentaba?<\/strong><\/p>\n<p class=\"voc-paragraph\">S\u00ed, cualquier persona que haya estado en una universidad p\u00fablica de humanidades se sentir\u00e1 identificada con lo que comento. La universidad tiene cosas muy buenas, pero las <strong>experiencias de nepotismos<\/strong>, favoritismos, profesores estrella y guerras de departamentos son universales. <\/p>\n<p class=\"voc-paragraph\"><strong>Su novela entonces es m\u00e1s una cr\u00edtica que un ejercicio de nostalgia.<\/strong><\/p>\n<p class=\"voc-paragraph\">Exactamente. Me di cuenta de que hab\u00eda sido un poco injusta hacia la universidad y, justo en el final del libro, hay un peque\u00f1o momento de redenci\u00f3n, porque es cierto que hay muchas cosas de la facultad espa\u00f1ola de filosof\u00eda, y de algunos lugares en los que he estado, que a m\u00ed me han irritado profundamente. Pero tambi\u00e9n algunos de <strong>los mejores momentos de mi vida<\/strong>, de mis mejores lecturas y de la persona que soy vienen de haber estudiado lo que estudi\u00e9. <\/p>\n<p class=\"voc-paragraph\"><strong>Usted dijo que quer\u00eda \u00abmandar a la mierda la filosof\u00eda\u00bb y, sin embargo, es una parte muy importante de su novela.<\/strong><\/p>\n<p class=\"voc-paragraph\">A m\u00ed me encantaba la filosof\u00eda tanto como la literatura, era como tener dos novios y no poder elegir uno. Me apetec\u00eda mucho escribir narrativa y me apetec\u00eda mucho leer y escribir filosof\u00eda. Pero mi experiencia en el doctorado fue p\u00e9sima. A meses y a pocas p\u00e1ginas de tener que entregar la tesis, estuve punto de no hacerlo porque las circunstancias me llevaron a pensar que, si acababa, <strong>terminar\u00eda odiando la filosof\u00eda<\/strong>. Y, en cierto modo, fue lo que pas\u00f3. Era 2018 y hasta 2022 o 2023, no volv\u00ed a leer filosof\u00eda, me quitaron todas las ganas, me aplastaron todo anhelo de leer. Eso es una de las cosas que quer\u00eda criticar. <\/p>\n<div class=\"v-c-cmp \">\n<div class=\"v-cmp-m v-cmp-m--t1\">\n<article class=\"v-a v-a--cmp-m v-c-cmp--m-p\">\n<div class=\"v-a-img-c v-a-img-c--fw-xs\">\n<div class=\"v-a-fig\">\n<div class=\"v-a-link\">\n<img loading=\"lazy\" src=\"http:\/\/cordobainforma.info\/wp-content\/uploads\/2026\/03\/sara-barquinero-me-preocupa-mas-la-etica-que-la-mediocridad-3.jpg\" class=\"v-a-img\" width=\"650\" height=\"975\" alt=\"Portada de La chica m\u00e1s lista que conozco, la nueva novela de Sara Barquinero.\" data-voc-vtm-id=\"in-text-traffic\">\n<\/div><figcaption class=\"v-fc\">\n<span class=\"v-fc__t\"><br \/>\nPortada de La chica m\u00e1s lista que conozco, la nueva novela de Sara Barquinero.<br \/>\n<\/span><br \/>\n<span class=\"v-fc__p\"><br \/>\nLumen<br \/>\n<\/span><br \/>\n<\/figcaption><\/div>\n<\/div>\n<\/article>\n<\/div>\n<\/div>\n<p class=\"voc-paragraph\"><strong>\u00bfPara qu\u00e9 sirve la filosof\u00eda?<\/strong><\/p>\n<p class=\"voc-paragraph\">Es una pregunta complicada. A m\u00ed la filosof\u00eda me ayuda a <strong>tener un interlocutor interno<\/strong> con el que discutir sobre lo que pienso. La filosof\u00eda nos da m\u00e1s herramientas para entendernos a nosotros mismos y a nuestro mundo. <\/p>\n<p class=\"voc-paragraph\"><strong>En la actualidad, \u00bfcree que se le da la importancia que merece? <\/strong><\/p>\n<p class=\"voc-paragraph\">Creo que podr\u00eda tener un papel m\u00e1s relevante en la educaci\u00f3n secundaria. Muchas disciplinas human\u00edsticas obligan a chavales de 14 a\u00f1os a estudiar unos apuntes de Plat\u00f3n que no les dicen mucho. A m\u00ed <strong>me encanta leer a los cl\u00e1sicos<\/strong>, pero se podr\u00eda hacer alguna introducci\u00f3n a autores m\u00e1s contempor\u00e1neos que les hablen de sus problemas. De todas formas, creo que, hasta cierto punto, la filosof\u00eda est\u00e1 de moda \u00faltimamente, la gente nota esa falta de sentido y busca encontrarlo en alguna parte. <\/p>\n<p class=\"voc-paragraph\"><strong>\u00bfQu\u00e9 autores no deber\u00edan faltar en esa moda? <\/strong><\/p>\n<p class=\"voc-paragraph\">Entre los libros que me engancharon mucho a la filosof\u00eda, o que sent\u00ed como muy m\u00edos, quiz\u00e1s el m\u00e1s importante sea La enfermedad mortal, de Kierkegaard, porque habla de lo que todos sentimos, una suerte de <strong>angustia existencial<\/strong>. Para entender el presente, quiz\u00e1 Mark Fisher. Es un poco un clich\u00e9, porque todo el mundo lo lee, pero si alguien no lo conociera tendr\u00eda que empezar por Realismo capitalista o Los fantasmas de mi vida. Tambi\u00e9n me gustan mucho Giorgio Agamben y Judith Butler. <\/p>\n<p class=\"voc-paragraph\"><strong>Su tesis doctoral fue sobre Kant, \u00bfpor qu\u00e9? <\/strong><\/p>\n<p class=\"voc-paragraph\">En parte porque me forzaron un poco para hacerla sobre \u00e9l. Cuando empec\u00e9 la tesis me sent\u00eda confusa, como le pasa a todo el mundo, porque no ten\u00eda un tema de investigaci\u00f3n claro. Me gustaba mucho una obra suya, Cr\u00edtica del juicio, porque es un texto que habla sobre <strong>est\u00e9tica en el sentido de qu\u00e9 es la belleza<\/strong>, qu\u00e9 es lo sublime, y de teleolog\u00eda, de ser un fin \u00faltimo en la historia, temas que a m\u00ed siempre me han llamado la atenci\u00f3n. <\/p>\n<p class=\"voc-paragraph\">En principio quer\u00eda hacerla de relaciones contempor\u00e1neas con esos temas, pero al final acab\u00f3 siendo Kant. Aunque le pude coger cierta man\u00eda por la tesis y por las circunstancias, a m\u00ed <strong>Kant me amuebl\u00f3 mucho la cabeza<\/strong>. Me sirve para entender mejor a otros autores y, muchas de las cosas que propone, yo dir\u00eda que son ciertas. <\/p>\n<p class=\"voc-paragraph\"><strong>En cuanto a la cr\u00edtica universitaria presente en su nueva novela, \u00bfqu\u00e9 extrae de la experiencia de todo lo que vivi\u00f3: las luchas internas, el feminismo, los casos de acoso\u2026?<\/strong><\/p>\n<p class=\"voc-paragraph\">Se deber\u00eda sanear la universidad p\u00fablica. Entiendo que hay poco presupuesto y muchas dificultades, pero son sistemas profundamente endog\u00e1micos y cerrados. Conozco a personas que valoro intelectualmente y han acabado en la universidad p\u00fablica, pero tambi\u00e9n conozco a una infinita cantidad de personas que no quieren volver a pisarla, aunque hayan hecho un doctorado. Se han dado pasos desde que yo lo hice, pero <strong>deber\u00eda haber procesos m\u00e1s abiertos de contrataci\u00f3n<\/strong>. No puede ser que salga siempre el candidato del departamento. <\/p>\n<div class=\"v-c-cmp \">\n<div class=\"v-cmp-m v-cmp-m--t1\">\n<article class=\"v-a v-a--cmp-m v-c-cmp--m-p\">\n<div class=\"v-a-img-c v-a-img-c--fw-xs\">\n<div class=\"v-a-fig\">\n<div class=\"v-a-link\">\n<img loading=\"lazy\" src=\"http:\/\/cordobainforma.info\/wp-content\/uploads\/2026\/03\/sara-barquinero-me-preocupa-mas-la-etica-que-la-mediocridad-4.jpg\" class=\"v-a-img\" width=\"650\" height=\"975\" alt=\"Sara Barquinero en las escaleras del C\u00edrculo de Bellas Artes de Madrid con vestido de Sandro.\" data-voc-vtm-id=\"in-text-traffic\">\n<\/div><figcaption class=\"v-fc\">\n<span class=\"v-fc__t\"><br \/>\nSara Barquinero en las escaleras del C\u00edrculo de Bellas Artes de Madrid con vestido de Sandro.<br \/>\n<\/span><br \/>\n<span class=\"v-fc__p\"><br \/>\nFede Delibes<br \/>\n<\/span><br \/>\n<\/figcaption><\/div>\n<\/div>\n<\/article>\n<\/div>\n<\/div>\n<p class=\"voc-paragraph\"><strong>Entonces, \u00bftener amigos ayuda a esconder la mediocridad? <\/strong><\/p>\n<p class=\"voc-paragraph\">La mediocridad no me preocupa tanto, en general la gente que conoc\u00eda en filosof\u00eda siempre ten\u00eda un punto de brillantez y tampoco pasa nada por ser mediocre, \u00bfno? Esta cultura de que todo tiene que ser excelso me irrita. Pero me pregunto cu\u00e1nto de ser un buen candidato para un cargo tiene que ver con ser <strong>capaz de perdonar o hacer la vista gorda<\/strong> hacia seg\u00fan qu\u00e9 cosas. Me preocupa m\u00e1s la \u00e9tica que la mediocridad. <\/p>\n<p class=\"voc-paragraph\"><strong>En sus novelas pone sobre la mesa temas de actualidad, \u00bfde d\u00f3nde nace esa conciencia social? <\/strong><\/p>\n<p class=\"voc-paragraph\">Supongo que no es una decisi\u00f3n. Veo cosas que me inquietan, que no entiendo y me pongo a trabajar en ellas. De hecho, creo que esta novela me ha quedado como muy de denuncia, tanto del sistema universitario como de las <strong>relaciones heterosexuales con diferencia de poder<\/strong>. No era mi intenci\u00f3n inicial, mi primer impulso era humor\u00edstico, me ten\u00eda que re\u00edr de esta situaci\u00f3n. Pero no fue una decisi\u00f3n. <\/p>\n<p class=\"voc-paragraph\">En la novela, la protagonista tiene una obsesi\u00f3n rom\u00e1ntica con un hombre mayor y tambi\u00e9n suceden otras cosas que tienen que ver con el romanticismo. Al escribirlo pensaba que, en parte, somos vulnerables por<strong> la responsabilidad que tienen los hombres mayores al seducir a jovencitas<\/strong> sin ning\u00fan pudor. Pero tambi\u00e9n me cri\u00e9 viendo Peque\u00f1as mentirosas, serie en la que la chica m\u00e1s guay se l\u00eda con su profesor, o Cr\u00f3nicas vamp\u00edricas, que sit\u00faa a personajes femeninos entre dos hombres, el bueno y el malo. No digo que s\u00f3lo se deba a eso la responsabilidad moral de seg\u00fan qu\u00e9 conductas terror\u00edficas, pero ah\u00ed est\u00e1n, en nuestro imaginario. <\/p>\n<p class=\"voc-paragraph\"><strong>Y los problemas rom\u00e1nticos nunca son s\u00f3lo rom\u00e1nticos.<\/strong><\/p>\n<p class=\"voc-paragraph\">A m\u00ed me pasa, y creo que a mucha gente tambi\u00e9n.<strong> Cuando alguien te ama, te sientes muy sostenido ontol\u00f3gicamente<\/strong>, \u00bfno? Sientes que alguien asegura tu identidad y estar\u00e1 siempre para ti. Entonces, si desaparece, \u00bfqui\u00e9n eres?<\/p>\n<p class=\"voc-paragraph\"><strong>\u00bfLos profesores que tenemos convierten los estudios en promesas?<\/strong><\/p>\n<p class=\"voc-paragraph\">Mi profesora de literatura en secundaria hizo mucho por mi relaci\u00f3n con la literatura. Por aquel entonces, le\u00eda m\u00e1s novela contempor\u00e1nea mala y ella fue la primera que me anim\u00f3 a leer a los rom\u00e1nticos. En ese momento adolescente, <strong>yo me cre\u00eda que era m\u00e1s inteligente que nadie<\/strong>, como le pasa a mucha gente, y ella me ayud\u00f3 a ver que mi visi\u00f3n sobre la realidad era sesgada. Me hablaba de mis posibilidades futuras, de si decid\u00eda escribir y todo eso. Tambi\u00e9n otra mujer en la universidad, la poeta y escritora Sandra Santana, fue quien me anim\u00f3 a escribir en serio.<\/p>\n<p class=\"voc-paragraph\"><strong>\u00bfUsted tambi\u00e9n crey\u00f3, como los personajes de su novela, que iba a revolucionar el pensamiento? <\/strong><\/p>\n<p class=\"voc-paragraph\">S\u00ed, con esa <strong>inocencia adolescente<\/strong> de \u00abvamos a cambiar el mundo, la gente es que no sabe, vamos a hacerlo nosotros\u00bb. <\/p>\n<p class=\"voc-paragraph\"><strong>\u00bfC\u00f3mo era de ni\u00f1a? \u00bfYa le gustaba leer?<\/strong><\/p>\n<p class=\"voc-paragraph\">Siempre fui muy lectora. Pero, a diferencia de mi protagonista, yo fui m\u00e1s salvaje. He intentado hacer de ella una chica modosa, que siempre ha hecho lo que tiene que hacer, que no ha tenido muchas amigas. <strong>Yo era m\u00e1s de ir a la m\u00eda<\/strong>, de discutir con mis profesores, de tener amigos que probablemente mi madre consideraba poco recomendables. Era g\u00f3tica, eso creo que lo dice todo.<\/p>\n<p class=\"voc-paragraph\"><strong>Hay dos im\u00e1genes muy parecidas en Los escorpiones y La chica m\u00e1s lista que conozco, con s\u00e1banas colgadas en un edificio y la protagonista preocupada porque llueve y habr\u00e1 que volver a lavarlas. \u00bfEs casualidad o una inquietud personal? <\/strong><\/p>\n<p class=\"voc-paragraph\">Para m\u00ed es todo un tema, <strong>lo paso fatal lavando s\u00e1banas<\/strong>. A veces las acumulo y voy a una lavander\u00eda, pero siempre quedan arrugas. Vamos, todo mal. De ah\u00ed viene la imagen. Cuando veo a un vecino que est\u00e1 en mi misma situaci\u00f3n pienso: \u00abpobrecico, \u00bfpara qu\u00e9 las ha lavado?\u00bb.<\/p>\n<p class=\"voc-paragraph\">Estilismo: Sergio Eris.<\/p>\n<p class=\"voc-paragraph\">Maquillaje: Nao Gayoso (NS Management)<\/p>\n<p class=\"voc-paragraph\">Ayudante de fotograf\u00eda: Bosco Wasther<\/p>\n<p class=\"voc-paragraph\">Agradecimientos: C\u00edrculo de Bellas Artes de Madrid.<\/p>\n<div class=\"v-c-cmp v-c-cmp--t1 \">\n<div class=\"v-cmp-rld v-cmp-rld--2 \">\n<div class=\"v-cnt-m v-cnt-m--m\">\n<div class=\"v-cnt-m__c\">\n<div class=\"v-cnt-m__w v-cnt-m__w--1\">\n<p class=\"v-cnt-m__t\">\nTAMBI\u00c9N TE INTERESA\n<\/p>\n<\/div>\n<\/div>\n<\/div>\n<div class=\"v-g v-g--2-c v-g--bdr-min-xs\">\n<div class=\"v-g__c \">\n<article class=\"v-a v-a--cmp-rld v-a--cmp-rld-2 v-a--p-l\">\n<div class=\"v-a-img-c\">\n<figure class=\"v-a-fig\">\n<a href=\"https:\/\/www.mujerhoy.com\/vivir\/ocio\/los-ilegales-libro-espias-rusos-recomendado-febrero-2026-20260223014308-nt.html#vtm_modulosEngag=mod-rel:vivir:noticia:1:cmp:2-not\" class=\"v-a-link\" title=\"Si echas de menos The Americans, y eres fan de las series de esp\u00edas, este es el libro que tienes que leer este mes\"><br \/>\n<img loading=\"lazy\" class=\"v-a-img\" src=\"http:\/\/cordobainforma.info\/wp-content\/uploads\/2026\/03\/sara-barquinero-me-preocupa-mas-la-etica-que-la-mediocridad-5.jpg\" alt=\"Si echas de menos The Americans, y eres fan de las series de esp\u00edas, este es el libro que tienes que leer este mes\"><br \/>\n<\/a><br \/>\n<\/figure>\n<\/div>\n<\/article>\n<\/div>\n<div class=\"v-g__c \">\n<article class=\"v-a v-a--cmp-rld v-a--cmp-rld-2 v-a--p-l\">\n<div class=\"v-a-img-c\">\n<figure class=\"v-a-fig\">\n<a href=\"https:\/\/www.mujerhoy.com\/vivir\/ocio\/pablo-rivero-la-canguro-nuevo-libro-la-asistenta-20260110135105-nt.html#vtm_modulosEngag=mod-rel:vivir:noticia:2:cmp:2-not\" class=\"v-a-link\" title=\"Pablo Rivero: \u00abAl que le guste La asistenta le va a gustar mi nueva novela\u00bb\"><br \/>\n<img loading=\"lazy\" class=\"v-a-img\" src=\"http:\/\/cordobainforma.info\/wp-content\/uploads\/2026\/03\/sara-barquinero-me-preocupa-mas-la-etica-que-la-mediocridad-6.jpg\" alt=\"Pablo Rivero: \u00abAl que le guste La asistenta le va a gustar mi nueva novela\u00bb\"><br \/>\n<\/a><br \/>\n<\/figure>\n<\/div>\n<\/article>\n<\/div>\n<\/div>\n<\/div>\n<\/div>\n","protected":false},"excerpt":{"rendered":"<p>El curr\u00edculum de Sara Barquinero (Zaragoza, 1994) es tan apabullante como la faja que adorna su segunda novela, Los Escorpiones, y que reza que fue elegido mejor libro de ficci\u00f3n de 2024, seg\u00fan la Asociaci\u00f3n de Librer\u00edas de Madrid y diversas publicaciones. La autora es doctora en Filosof\u00eda por la Universidad Complutense de Madrid y [&hellip;]<\/p>\n","protected":false},"author":1,"featured_media":186613,"comment_status":"open","ping_status":"closed","sticky":false,"template":"","format":"standard","meta":[],"categories":[18],"tags":[],"_links":{"self":[{"href":"http:\/\/cordobainforma.info\/index.php\/wp-json\/wp\/v2\/posts\/186612"}],"collection":[{"href":"http:\/\/cordobainforma.info\/index.php\/wp-json\/wp\/v2\/posts"}],"about":[{"href":"http:\/\/cordobainforma.info\/index.php\/wp-json\/wp\/v2\/types\/post"}],"author":[{"embeddable":true,"href":"http:\/\/cordobainforma.info\/index.php\/wp-json\/wp\/v2\/users\/1"}],"replies":[{"embeddable":true,"href":"http:\/\/cordobainforma.info\/index.php\/wp-json\/wp\/v2\/comments?post=186612"}],"version-history":[{"count":0,"href":"http:\/\/cordobainforma.info\/index.php\/wp-json\/wp\/v2\/posts\/186612\/revisions"}],"wp:featuredmedia":[{"embeddable":true,"href":"http:\/\/cordobainforma.info\/index.php\/wp-json\/wp\/v2\/media\/186613"}],"wp:attachment":[{"href":"http:\/\/cordobainforma.info\/index.php\/wp-json\/wp\/v2\/media?parent=186612"}],"wp:term":[{"taxonomy":"category","embeddable":true,"href":"http:\/\/cordobainforma.info\/index.php\/wp-json\/wp\/v2\/categories?post=186612"},{"taxonomy":"post_tag","embeddable":true,"href":"http:\/\/cordobainforma.info\/index.php\/wp-json\/wp\/v2\/tags?post=186612"}],"curies":[{"name":"wp","href":"https:\/\/api.w.org\/{rel}","templated":true}]}}