{"id":186575,"date":"2026-03-10T00:39:26","date_gmt":"2026-03-10T00:39:26","guid":{"rendered":"http:\/\/cordobainforma.info\/index.php\/2026\/03\/10\/milei-viaja-a-madrid-para-cerrar-el-foro-economico-diario-el-norte-san-nicolas\/"},"modified":"2026-03-10T00:39:26","modified_gmt":"2026-03-10T00:39:26","slug":"milei-viaja-a-madrid-para-cerrar-el-foro-economico-diario-el-norte-san-nicolas","status":"publish","type":"post","link":"http:\/\/cordobainforma.info\/index.php\/2026\/03\/10\/milei-viaja-a-madrid-para-cerrar-el-foro-economico-diario-el-norte-san-nicolas\/","title":{"rendered":"Milei viaja a Madrid para cerrar el Foro Econ\u00f3mico | Diario El Norte &#8211; San Nicol\u00e1s"},"content":{"rendered":"<p>Milei sumar\u00e1 una <b>nueva<\/b> escala internacional con foco en Espa\u00f1a. NewsITe. El presidente Javier Milei tiene previsto realizar un <b>nuevo<\/b> viaje a Europa&nbsp;&#8230; <\/p>\n","protected":false},"excerpt":{"rendered":"<p>Milei sumar\u00e1 una nueva escala internacional con foco en Espa\u00f1a. NewsITe. El presidente Javier Milei tiene previsto realizar un nuevo viaje a Europa&nbsp;&#8230;<\/p>\n","protected":false},"author":1,"featured_media":0,"comment_status":"closed","ping_status":"closed","sticky":false,"template":"","format":"standard","meta":[],"categories":[23],"tags":[],"_links":{"self":[{"href":"http:\/\/cordobainforma.info\/index.php\/wp-json\/wp\/v2\/posts\/186575"}],"collection":[{"href":"http:\/\/cordobainforma.info\/index.php\/wp-json\/wp\/v2\/posts"}],"about":[{"href":"http:\/\/cordobainforma.info\/index.php\/wp-json\/wp\/v2\/types\/post"}],"author":[{"embeddable":true,"href":"http:\/\/cordobainforma.info\/index.php\/wp-json\/wp\/v2\/users\/1"}],"replies":[{"embeddable":true,"href":"http:\/\/cordobainforma.info\/index.php\/wp-json\/wp\/v2\/comments?post=186575"}],"version-history":[{"count":0,"href":"http:\/\/cordobainforma.info\/index.php\/wp-json\/wp\/v2\/posts\/186575\/revisions"}],"wp:attachment":[{"href":"http:\/\/cordobainforma.info\/index.php\/wp-json\/wp\/v2\/media?parent=186575"}],"wp:term":[{"taxonomy":"category","embeddable":true,"href":"http:\/\/cordobainforma.info\/index.php\/wp-json\/wp\/v2\/categories?post=186575"},{"taxonomy":"post_tag","embeddable":true,"href":"http:\/\/cordobainforma.info\/index.php\/wp-json\/wp\/v2\/tags?post=186575"}],"curies":[{"name":"wp","href":"https:\/\/api.w.org\/{rel}","templated":true}]}}