{"id":186571,"date":"2026-03-09T21:49:58","date_gmt":"2026-03-09T21:49:58","guid":{"rendered":"https:\/\/www.clarin.com\/deportes\/valentin-carboni-operado-exito-rotura-ligamentos-rodilla-viaje-milito-italia-quede-2027_0_TWOcL6CDwm.html"},"modified":"2026-03-09T21:49:58","modified_gmt":"2026-03-09T21:49:58","slug":"valentin-carboni-fue-operado-con-exito-de-la-rotura-de-ligamentos-de-la-rodilla-el-viaje-de-milito-a-italia-para-que-se-quede-en-2027","status":"publish","type":"post","link":"http:\/\/cordobainforma.info\/index.php\/2026\/03\/09\/valentin-carboni-fue-operado-con-exito-de-la-rotura-de-ligamentos-de-la-rodilla-el-viaje-de-milito-a-italia-para-que-se-quede-en-2027\/","title":{"rendered":"Valent\u00edn Carboni fue operado con \u00e9xito de la rotura de ligamentos de la rodilla: el viaje de Milito a Italia para que se quede en 2027"},"content":{"rendered":"<p><img src=\"http:\/\/cordobainforma.info\/wp-content\/uploads\/2026\/03\/valentin-carboni-fue-operado-con-exito-de-la-rotura-de-ligamentos-de-la-rodilla-el-viaje-de-milito-a-italia-para-que-se-quede-en-2027.jpg\"><\/p>\n<div><img src=\"http:\/\/cordobainforma.info\/wp-content\/uploads\/2026\/03\/valentin-carboni-fue-operado-con-exito-de-la-rotura-de-ligamentos-de-la-rodilla-el-viaje-de-milito-a-italia-para-que-se-quede-en-2027-2.jpg\" class=\"ff-og-image-inserted\"><\/div>\n<div id=\"element-body-0\" readability=\"62\">\n<p>Este lunes, Racing inform\u00f3 que <strong>Valent\u00edn Carboni<\/strong> fue operado con \u00e9xito de la rotura completa del ligamento cruzado anterior y la rotura parcial del ligamento colateral externo de su rodilla derecha. El joven volante recibi\u00f3 el alta tras someterse a una <strong>reconstrucci\u00f3n ligamentaria <\/strong>y se encuentra a la espera del inicio de su proceso de rehabilitaci\u00f3n. Mientras tanto, su futuro deportivo en Argentina es una inc\u00f3gnita.<\/p>\n<\/div>\n<div id=\"element-body-1\" readability=\"61\">\n<p>La intervenci\u00f3n quir\u00fargica se realiz\u00f3 este lunes en la cl\u00ednica La Trinidad, diez d\u00edas despu\u00e9s de que el club confirmara la mala noticia luego de una pr\u00e1ctica del equipo. El campe\u00f3n de Am\u00e9rica arrastraba un <strong>mal inicio de temporada <\/strong>en el <strong>Genoa<\/strong> y hab\u00eda regresado a Buenos Aires para relanzarse en La Academia.<\/p>\n<\/div>\n<div id=\"element-body-2\" readability=\"65\">\n<p>Por desgracia para el joven futbolista, no fue su primera lesi\u00f3n de este tipo. A pesar de su corta edad, en 2024, cuando hac\u00eda poco tiempo de su estad\u00eda en el <strong>Olympique de Marsella<\/strong>, el volante qued\u00f3 desafectado de la Selecci\u00f3n por un traumatismo que posteriormente se confirm\u00f3 como una rotura de ligamentos en su rodilla izquierda, motivo por el cual se ausent\u00f3 en la doble fecha de Eliminatorias Sudamericanas ante Venezuela de visitante y Bolivia de local.<\/p>\n<\/div>\n<div id=\"element-body-3\" readability=\"27.218390804598\">\n<blockquote class=\"twitter-tweet\" readability=\"5.9540229885057\">\n<p lang=\"es\" dir=\"ltr\">Valent\u00edn Carboni fue operado con \u00e9xito de su lesi\u00f3n ligamentaria en la rodilla derecha. Ya se encuentra en su domicilio y comenzar\u00e1 la rehabilitaci\u00f3n en los pr\u00f3ximos d\u00edas. <a href=\"https:\/\/t.co\/4hqLenlSPD\">pic.twitter.com\/4hqLenlSPD<\/a><\/p>\n<p>\u2014 Comunicaci\u00f3n Racing (@RacingComunica) <a href=\"https:\/\/twitter.com\/RacingComunica\/status\/2031066221009949174?ref_src=twsrc%5Etfw\">March 9, 2026<\/a><\/p><\/blockquote><\/div>\n<div id=\"element-body-4\" readability=\"63\">\n<p>Con respecto a la recuperaci\u00f3n, se espera un largo proceso de rehabilitaci\u00f3n de alrededor de<strong> ocho meses<\/strong>, por lo que reci\u00e9n para fin de a\u00f1o podr\u00eda estar en condiciones de regresar a las canchas. Mientras tanto, la intenci\u00f3n de Racing es extender el pr\u00e9stamo durante todo 2027 con condiciones similares a las que rigen este a\u00f1o.<\/p>\n<\/div>\n<div id=\"element-body-5\" readability=\"65\">\n<p>Es por esto, que el presidente del club, <strong>Diego Milito<\/strong>, deleg\u00f3 por algunos d\u00edas sus funciones en Avellaneda y vol\u00f3 hacia el Viejo Continente. Uno de los objetivos, <em>adem\u00e1s de seguir afianzando los lazos de Racing con algunos clubes europeos de Espa\u00f1a e Italia para concretar tanto ventas directas como sponsors<\/em>, es <strong>sentarse a negociar la continuidad de Carboni en Racing<\/strong>.<\/p>\n<\/div>\n<div id=\"element-body-7\" readability=\"63\">\n<p>Una de las razones por las que el volante lleg\u00f3 a La Academia, fue la <strong>Copa del Mundo<\/strong>. Su objetivo: ganar terreno, continuidad y elevar el nivel para asegurarse un lugar en la lista de Scaloni. Ahora que permanecer\u00e1 fuera de las canchas hasta fin de a\u00f1o y afrontar\u00e1 el proceso de recuperaci\u00f3n en Argentina bajo la supervisi\u00f3n de los m\u00e9dicos de la Academia, la idea de quedarse un a\u00f1o m\u00e1s no suena tan descabellada.<\/p>\n<\/div>\n<div id=\"element-body-8\" readability=\"64\">\n<p>Hasta el momento no hay precisi\u00f3n con respecto a la agenda del Presidente en Europa. En su anterior gira por el Viejo Continente en 2024, pas\u00f3 por varios destinos. Entre ellos, disfrut\u00f3 del cl\u00e1sico entre Atl\u00e9tico y Real Madrid, viaj\u00f3 a Bilbao para visitar al Athletic y reencontrarse con Ander Herrera y visit\u00f3 a <strong>Rodrigo De Paul<\/strong> y <strong>Lautaro Mart\u00ednez<\/strong>. En esta ocasi\u00f3n, Mil\u00e1n se posiciona como el destino principal.<\/p>\n<\/div>\n","protected":false},"excerpt":{"rendered":"<p>Este lunes, Racing inform\u00f3 que Valent\u00edn Carboni fue operado con \u00e9xito de la rotura completa del ligamento cruzado anterior y la rotura parcial del ligamento colateral externo de su rodilla derecha. El joven volante recibi\u00f3 el alta tras someterse a una reconstrucci\u00f3n ligamentaria y se encuentra a la espera del inicio de su proceso de [&hellip;]<\/p>\n","protected":false},"author":1,"featured_media":186572,"comment_status":"closed","ping_status":"closed","sticky":false,"template":"","format":"standard","meta":[],"categories":[20],"tags":[],"_links":{"self":[{"href":"http:\/\/cordobainforma.info\/index.php\/wp-json\/wp\/v2\/posts\/186571"}],"collection":[{"href":"http:\/\/cordobainforma.info\/index.php\/wp-json\/wp\/v2\/posts"}],"about":[{"href":"http:\/\/cordobainforma.info\/index.php\/wp-json\/wp\/v2\/types\/post"}],"author":[{"embeddable":true,"href":"http:\/\/cordobainforma.info\/index.php\/wp-json\/wp\/v2\/users\/1"}],"replies":[{"embeddable":true,"href":"http:\/\/cordobainforma.info\/index.php\/wp-json\/wp\/v2\/comments?post=186571"}],"version-history":[{"count":0,"href":"http:\/\/cordobainforma.info\/index.php\/wp-json\/wp\/v2\/posts\/186571\/revisions"}],"wp:featuredmedia":[{"embeddable":true,"href":"http:\/\/cordobainforma.info\/index.php\/wp-json\/wp\/v2\/media\/186572"}],"wp:attachment":[{"href":"http:\/\/cordobainforma.info\/index.php\/wp-json\/wp\/v2\/media?parent=186571"}],"wp:term":[{"taxonomy":"category","embeddable":true,"href":"http:\/\/cordobainforma.info\/index.php\/wp-json\/wp\/v2\/categories?post=186571"},{"taxonomy":"post_tag","embeddable":true,"href":"http:\/\/cordobainforma.info\/index.php\/wp-json\/wp\/v2\/tags?post=186571"}],"curies":[{"name":"wp","href":"https:\/\/api.w.org\/{rel}","templated":true}]}}