{"id":186569,"date":"2026-03-09T08:39:14","date_gmt":"2026-03-09T08:39:14","guid":{"rendered":"https:\/\/somoscordobeses.com\/2026\/03\/09\/moeve-futbol-zone-1x16-analisis-de-la-jornada-y-estreno-de-unpopular-opinion\/"},"modified":"2026-03-09T08:39:14","modified_gmt":"2026-03-09T08:39:14","slug":"moeve-futbol-zone-1x16-analisis-de-la-jornada-y-estreno-de-unpopular-opinion","status":"publish","type":"post","link":"http:\/\/cordobainforma.info\/index.php\/2026\/03\/09\/moeve-futbol-zone-1x16-analisis-de-la-jornada-y-estreno-de-unpopular-opinion\/","title":{"rendered":"Moeve F\u00fatbol Zone 1\u00d716: an\u00e1lisis de la jornada y estreno de Unpopular Opinion"},"content":{"rendered":"<div><img src=\"http:\/\/cordobainforma.info\/wp-content\/uploads\/2026\/03\/moeve-futbol-zone-1x16-analisis-de-la-jornada-y-estreno-de-unpopular-opinion.jpg\" class=\"ff-og-image-inserted\"><\/div>\n<p>La emisi\u00f3n arranca con la editorial de <strong>Christian Blasco<\/strong>, que pone sobre la mesa las claves de la actualidad futbol\u00edstica antes de dar paso al repaso de la jornada a cargo de <strong>Xavi Espinosa<\/strong>, encargado de analizar c\u00f3mo queda la clasificaci\u00f3n, los resultados del fin de semana y el calendario de las principales competiciones.<\/p>\n<h2>Debate sobre la jornada y estreno de \u201cUnpopular Opinion\u201d<\/h2>\n<p>El bloque central del programa es la tertulia, con la participaci\u00f3n de los periodistas <strong>Irati Vidal<\/strong> y <strong>Jaume Naveira<\/strong>, que debaten sobre lo que ha dejado la jornada 27 de <strong>LaLiga EA Sports<\/strong>.<\/p>\n<p>Adem\u00e1s, el programa estrena la secci\u00f3n <strong>\u201cUnpopular Opinion\u201d<\/strong>, un espacio pensado para que los tertulianos lancen una opini\u00f3n impopular sobre la actualidad futbol\u00edstica. Una din\u00e1mica que busca a\u00f1adir ritmo al debate y que promete dejar titulares.<\/p>\n<div data-aida-breakdown readability=\"12\">\n<h2>Moeve F\u00fatbol Zone<\/h2>\n<p>El programa puede verse en todas las cabeceras digitales de Prensa Ib\u00e9rica, y en las redes sociales oficiales de SPORT, donde los aficionados podr\u00e1n participar mediante encuestas, comentarios y secciones interactivas<\/p>\n<\/div>\n<h2>La actualidad de los clubes, desde dentro<\/h2>\n<p>El programa tambi\u00e9n presenta el espacio <strong>\u201cLa firma Prensa Ib\u00e9rica\u201d<\/strong>, un bloque en el que periodistas de distintos medios del grupo analizan, en primera persona, la actualidad de los equipos que siguen en su d\u00eda a d\u00eda.<\/p>\n<p>En esta ocasi\u00f3n participa <strong>Sebasti\u00e0 Adrover<\/strong>, de <strong>Diari de Mallorca<\/strong>, para explicar la situaci\u00f3n actual del <strong>RCD Mallorca<\/strong>. Tambi\u00e9n interviene <strong>\u00c0lex M\u00e9rida<\/strong>, de <strong>El Correo de Andaluc\u00eda<\/strong>, que desgrana las tres claves del encuentro entre <strong>Sevilla<\/strong> y <strong>Rayo Vallecano<\/strong>, mientras que <strong>Carlos Miranda<\/strong>, de <strong>La Opini\u00f3n A Coru\u00f1a<\/strong>, analiza el partido entre <strong>Deportivo<\/strong> y <strong>Granada<\/strong>.<\/p>\n<h2>Entrevista a Diego Barri y mirada a LaLiga Genuine Moeve<\/h2>\n<p>El programa cuenta adem\u00e1s con una entrevista exclusiva a <strong>Diego Barri<\/strong>, jugador del <strong>CD Castell\u00f3n<\/strong>, en la que repasa el momento del equipo y la actualidad de <strong>Liga Hypermotion<\/strong>.<\/p>\n<p>Como es habitual, el espacio \u201cF\u00fatbol para todos\u201d pone el foco en <strong>LaLiga Genuine Moeve<\/strong>. En esta ocasi\u00f3n, <strong>Blanca S\u00e1nchez<\/strong> explica c\u00f3mo se ha desarrollado la nueva fase del torneo celebrada durante el fin de semana en <strong>Gij\u00f3n<\/strong>.<\/p>\n<p>El programa se cierra con la secci\u00f3n de redes sociales, en la que <strong>Joaco Soneira<\/strong> repasa lo m\u00e1s viral de la jornada: im\u00e1genes destacadas del fin de semana, el v\u00eddeo a pie de calle y las respuestas m\u00e1s llamativas de los aficionados a la pregunta lanzada desde la cuenta de <strong>SPORT<\/strong> en la red social X.<\/p>\n<p>Un programa que combina an\u00e1lisis, debate y actualidad para repasar todo lo que deja el fin de semana futbol\u00edstico.<\/p>\n","protected":false},"excerpt":{"rendered":"<p>La emisi\u00f3n arranca con la editorial de Christian Blasco, que pone sobre la mesa las claves de la actualidad futbol\u00edstica antes de dar paso al repaso de la jornada a cargo de Xavi Espinosa, encargado de analizar c\u00f3mo queda la clasificaci\u00f3n, los resultados del fin de semana y el calendario de las principales competiciones. Debate [&hellip;]<\/p>\n","protected":false},"author":1,"featured_media":186570,"comment_status":"closed","ping_status":"closed","sticky":false,"template":"","format":"standard","meta":[],"categories":[2],"tags":[],"_links":{"self":[{"href":"http:\/\/cordobainforma.info\/index.php\/wp-json\/wp\/v2\/posts\/186569"}],"collection":[{"href":"http:\/\/cordobainforma.info\/index.php\/wp-json\/wp\/v2\/posts"}],"about":[{"href":"http:\/\/cordobainforma.info\/index.php\/wp-json\/wp\/v2\/types\/post"}],"author":[{"embeddable":true,"href":"http:\/\/cordobainforma.info\/index.php\/wp-json\/wp\/v2\/users\/1"}],"replies":[{"embeddable":true,"href":"http:\/\/cordobainforma.info\/index.php\/wp-json\/wp\/v2\/comments?post=186569"}],"version-history":[{"count":0,"href":"http:\/\/cordobainforma.info\/index.php\/wp-json\/wp\/v2\/posts\/186569\/revisions"}],"wp:featuredmedia":[{"embeddable":true,"href":"http:\/\/cordobainforma.info\/index.php\/wp-json\/wp\/v2\/media\/186570"}],"wp:attachment":[{"href":"http:\/\/cordobainforma.info\/index.php\/wp-json\/wp\/v2\/media?parent=186569"}],"wp:term":[{"taxonomy":"category","embeddable":true,"href":"http:\/\/cordobainforma.info\/index.php\/wp-json\/wp\/v2\/categories?post=186569"},{"taxonomy":"post_tag","embeddable":true,"href":"http:\/\/cordobainforma.info\/index.php\/wp-json\/wp\/v2\/tags?post=186569"}],"curies":[{"name":"wp","href":"https:\/\/api.w.org\/{rel}","templated":true}]}}