{"id":186567,"date":"2026-03-09T09:44:19","date_gmt":"2026-03-09T09:44:19","guid":{"rendered":"https:\/\/somoscordobeses.com\/2026\/03\/09\/escritoras-de-punilla-participaron-del-encuentro-mujeres-con-voz\/"},"modified":"2026-03-09T09:44:19","modified_gmt":"2026-03-09T09:44:19","slug":"escritoras-de-punilla-participaron-del-encuentro-mujeres-con-voz","status":"publish","type":"post","link":"http:\/\/cordobainforma.info\/index.php\/2026\/03\/09\/escritoras-de-punilla-participaron-del-encuentro-mujeres-con-voz\/","title":{"rendered":"Escritoras de Punilla participaron del encuentro Mujeres con voz"},"content":{"rendered":"<div><img src=\"http:\/\/cordobainforma.info\/wp-content\/uploads\/2026\/03\/escritoras-de-punilla-participaron-del-encuentro-mujeres-con-voz.jpg\" class=\"ff-og-image-inserted\"><\/div>\n<p><strong>M\u00e1s de 80 escritoras de diferentes localidades de la provincia de C\u00f3rdoba participaron este viernes del encuentro literario \u201cMujeres con voz\u201d, realizado en la Legislatura Hist\u00f3rica en el marco del D\u00eda Internacional de la Mujer.<\/strong><\/p>\n<p>La actividad se desarroll\u00f3 entre las 10 y las 18 en la sala Regino Maders del antiguo edificio legislativo ubicado en calle De\u00e1n Funes 94, en la ciudad de C\u00f3rdoba. La propuesta busc\u00f3 generar un espacio de expresi\u00f3n y encuentro a trav\u00e9s de la poes\u00eda, reuniendo voces de distintas generaciones y regiones.<\/p>\n<p>El evento fue organizado por la Biblioteca Legislativa junto al Caf\u00e9 Literario \u201cCon los pies en el cielo\u201d, de De\u00e1n Funes, impulsor del ciclo cultural \u201cPoes\u00eda expr\u00e9s\u201d, que desde hace m\u00e1s de una d\u00e9cada promueve espacios de difusi\u00f3n para la literatura en el norte provincial.<\/p>\n<p>Durante la jornada participaron escritoras provenientes de distintas localidades, entre ellas C\u00f3rdoba capital, Alta Gracia, Villa Dolores, Mendiolaza, Jos\u00e9 de la Quintana, La Serranita, De\u00e1n Funes, Villa Mar\u00eda, Colonia Caroya, Totoral, Villa Allende, Tanti, R\u00edo Cuarto, Valle Hermoso, Cruz del Eje, Corralito, Salsipuedes, Villa Carlos Paz, Jes\u00fas Mar\u00eda, R\u00edo Ceballos, General Cabrera, Las Rosas, Calamuchita y Oncativo.<\/p>\n<p>La directora de la Biblioteca Legislativa, Silvia Vel\u00e1zquez, destac\u00f3 el car\u00e1cter federal del encuentro y valor\u00f3 la presencia de escritoras de distintos puntos de la provincia. Por su parte, la legisladora Stella Peralta entreg\u00f3 un benepl\u00e1cito institucional en adhesi\u00f3n a la actividad.<\/p>\n<p>La coordinaci\u00f3n estuvo a cargo de la escritora Marta D\u00edaz, quien impuls\u00f3 el encuentro como un espacio colectivo para compartir poes\u00eda, experiencias y miradas sobre la literatura.<\/p>\n<p>Adem\u00e1s de las lecturas po\u00e9ticas, la jornada incluy\u00f3 presentaciones musicales de Patricia Lambert y Alicia Loza, junto a una intervenci\u00f3n de zapateo americano a cargo de la bailarina Miriam Far\u00edas.<\/p>\n<figure><figcaption><\/figcaption><\/figure>\n<figure><figcaption><\/figcaption><\/figure>\n<figure><figcaption><\/figcaption><\/figure>\n","protected":false},"excerpt":{"rendered":"<p>M\u00e1s de 80 escritoras de diferentes localidades de la provincia de C\u00f3rdoba participaron este viernes del encuentro literario \u201cMujeres con voz\u201d, realizado en la Legislatura Hist\u00f3rica en el marco del D\u00eda Internacional de la Mujer. La actividad se desarroll\u00f3 entre las 10 y las 18 en la sala Regino Maders del antiguo edificio legislativo ubicado [&hellip;]<\/p>\n","protected":false},"author":1,"featured_media":186568,"comment_status":"closed","ping_status":"closed","sticky":false,"template":"","format":"standard","meta":[],"categories":[2],"tags":[],"_links":{"self":[{"href":"http:\/\/cordobainforma.info\/index.php\/wp-json\/wp\/v2\/posts\/186567"}],"collection":[{"href":"http:\/\/cordobainforma.info\/index.php\/wp-json\/wp\/v2\/posts"}],"about":[{"href":"http:\/\/cordobainforma.info\/index.php\/wp-json\/wp\/v2\/types\/post"}],"author":[{"embeddable":true,"href":"http:\/\/cordobainforma.info\/index.php\/wp-json\/wp\/v2\/users\/1"}],"replies":[{"embeddable":true,"href":"http:\/\/cordobainforma.info\/index.php\/wp-json\/wp\/v2\/comments?post=186567"}],"version-history":[{"count":0,"href":"http:\/\/cordobainforma.info\/index.php\/wp-json\/wp\/v2\/posts\/186567\/revisions"}],"wp:featuredmedia":[{"embeddable":true,"href":"http:\/\/cordobainforma.info\/index.php\/wp-json\/wp\/v2\/media\/186568"}],"wp:attachment":[{"href":"http:\/\/cordobainforma.info\/index.php\/wp-json\/wp\/v2\/media?parent=186567"}],"wp:term":[{"taxonomy":"category","embeddable":true,"href":"http:\/\/cordobainforma.info\/index.php\/wp-json\/wp\/v2\/categories?post=186567"},{"taxonomy":"post_tag","embeddable":true,"href":"http:\/\/cordobainforma.info\/index.php\/wp-json\/wp\/v2\/tags?post=186567"}],"curies":[{"name":"wp","href":"https:\/\/api.w.org\/{rel}","templated":true}]}}