{"id":186544,"date":"2026-03-09T00:50:00","date_gmt":"2026-03-09T00:50:00","guid":{"rendered":"http:\/\/cordobainforma.info\/index.php\/2026\/03\/09\/se-postergo-el-regreso-del-servicio-completo-del-tren-mitre-los-motivos-y-cuando-volvera\/"},"modified":"2026-03-09T00:50:00","modified_gmt":"2026-03-09T00:50:00","slug":"se-postergo-el-regreso-del-servicio-completo-del-tren-mitre-los-motivos-y-cuando-volvera","status":"publish","type":"post","link":"http:\/\/cordobainforma.info\/index.php\/2026\/03\/09\/se-postergo-el-regreso-del-servicio-completo-del-tren-mitre-los-motivos-y-cuando-volvera\/","title":{"rendered":"Se posterg\u00f3 el regreso del servicio completo del tren Mitre: los motivos y cu\u00e1ndo volver\u00e1"},"content":{"rendered":"<div class=\"media_block\"><\/div>\n<div><img src=\"http:\/\/cordobainforma.info\/wp-content\/uploads\/2026\/03\/se-postergo-el-regreso-del-servicio-completo-del-tren-mitre-los-motivos-y-cuando-volvera.jpg\" class=\"ff-og-image-inserted\"><\/div>\n<p>La empresa <a target=\"_blank\" href=\"https:\/\/www.perfil.com\/noticias\/economia\/el-gobierno-nacional-avanza-en-la-adquisicion-de-43-trenes-nuevos-para-que-lineas-seran.phtml\" rel=\"noopener noreferrer\"><strong>Trenes Argentinos<\/strong><\/a> inform\u00f3 que se<strong> posterg\u00f3 el regreso <\/strong>del servicio completo del <a target=\"_blank\" href=\"https:\/\/www.perfil.com\/noticias\/sociedad\/el-ramal-tigre-del-tren-mitre-no-funcionara-en-el-verano-por-obras-esenciales-cuales-son-las-alternativas-para-viajar.phtml\" rel=\"noopener noreferrer\"><strong>Tren Mitre<\/strong><\/a>, por lo que seguir\u00e1 limitado hasta <strong>Belgrano C y Tigre y desde Belgrano R hasta Jos\u00e9 Su\u00e1rez y Bartolom\u00e9 Mitre<\/strong>. Las pruebas operativas del nuevo sistema de se\u00f1alizaci\u00f3n continuar\u00e1n unos 15 d\u00edas m\u00e1s. <\/p>\n<p>El Tren Mitre ramal Tigre estuvo <strong>sin funcionar entre el 10 de enero y el 1 de marzo<\/strong> por renovaciones de v\u00edas y tendido de cables. El cronograma de obras contemplaba que el servicio completo vuelva a operar con normalidad a comienzo de mes, pero la llegada hasta Retiro se posterg\u00f3 para el<strong> 8 de marzo<\/strong>. <\/p>\n<p class=\"destacadoNota\"><a target=\"_blank\" href=\"https:\/\/www.perfil.com\/noticias\/sociedad\/cual-es-el-saldo-negativo-de-la-tarjeta-sube-en-marzo-2026.phtml\" rel=\"noopener noreferrer\">Cu\u00e1l es el saldo negativo de la tarjeta SUBE en marzo 2026<\/a><\/p>\n<div class=\"subscription\" readability=\"6.683257918552\">\n<p> Esto no les gusta a los autoritarios <\/p>\n<div class=\"subscription__container\" readability=\"6.1467391304348\">\n<div class=\"subscription__text-wrapper\" readability=\"31.20652173913\">\n<p> El ejercicio del periodismo profesional y cr\u00edtico es un pilar fundamental de la democracia. Por eso molesta a quienes creen ser los due\u00f1os de la verdad. <\/p>\n<\/p><\/div><\/div><\/div>\n<p>Finalmente, ese plazo tampoco se cumpli\u00f3. El viernes la empresa emiti\u00f3 un comunicado para informar que las pruebas continuar\u00e1n del nuevo sistema de se\u00f1alizaci\u00f3n con el fin de que \u00ab<strong>el retorno del servicio cumpla con las condiciones \u00f3ptimas de seguridad operaciona<\/strong>l\u00bb. <\/p>\n<p>En esta ocasi\u00f3n no dieron fecha de normalizaci\u00f3n, sino que estimaron en<strong> \u00ab15 d\u00edas\u00bb <\/strong>el periodo de pruebas. Seg\u00fan Trenes Argentino, el protocolo de prueba posibilita corroborar el perfecto funcionamiento del sistema de se\u00f1alamiento. <\/p>\n<p>Durante el periodo de obras, los trabajos se centraron en la renovaci\u00f3n de <strong>29 kil\u00f3metros de v\u00edas <\/strong>y en el tendido de <strong>120 kil\u00f3metros de cables de se\u00f1alamiento<\/strong>. Se renovaron v\u00edas en 13 cuadros de estaci\u00f3n, se intervinieron 16 pasos de nivel y se mejoraron 12 puentes. <\/p>\n<p class=\"destacadoNota\"><a target=\"_blank\" href=\"https:\/\/www.perfil.com\/noticias\/canal-e\/mujeres-al-volante-del-transporte-pesado-la-apuesta-por-mas-diversidad-en-logistica.phtml\" rel=\"noopener noreferrer\">Mujeres al volante del transporte pesado: la apuesta por m\u00e1s diversidad en log\u00edstica<\/a><\/p>\n<p>La empresa explic\u00f3 que la renovaci\u00f3n se afront\u00f3 en verano, ya que en esta \u00e9poca <strong>disminuye la cantidad de pasajeros<\/strong>. En paralelo, durante esta etapa, se contin\u00faa trabajando en la capacitaci\u00f3n del personal especializado para el regreso de los ramales Tigre, Jos\u00e9 Le\u00f3n Su\u00e1rez y Bartolom\u00e9 Mitre. <\/p>\n<p>La estimaci\u00f3n de 50 d\u00edas de trabajo qued\u00f3 corta y por varios d\u00edas m\u00e1s el servicio seguir\u00e1 limitado. A esto se sum\u00f3 que hubo <strong>obras en sectores de dif\u00edcil acceso<\/strong>, mientras que el cambio de se\u00f1alamiento en el ingreso a la estaci\u00f3n Retiro necesit\u00f3 la desconexi\u00f3n del sistema viejo. <\/p>\n<p>BGD<\/p>\n","protected":false},"excerpt":{"rendered":"<p>La empresa Trenes Argentinos inform\u00f3 que se posterg\u00f3 el regreso del servicio completo del Tren Mitre, por lo que seguir\u00e1 limitado hasta Belgrano C y Tigre y desde Belgrano R hasta Jos\u00e9 Su\u00e1rez y Bartolom\u00e9 Mitre. Las pruebas operativas del nuevo sistema de se\u00f1alizaci\u00f3n continuar\u00e1n unos 15 d\u00edas m\u00e1s. El Tren Mitre ramal Tigre estuvo [&hellip;]<\/p>\n","protected":false},"author":1,"featured_media":186545,"comment_status":"closed","ping_status":"closed","sticky":false,"template":"","format":"standard","meta":[],"categories":[2],"tags":[],"_links":{"self":[{"href":"http:\/\/cordobainforma.info\/index.php\/wp-json\/wp\/v2\/posts\/186544"}],"collection":[{"href":"http:\/\/cordobainforma.info\/index.php\/wp-json\/wp\/v2\/posts"}],"about":[{"href":"http:\/\/cordobainforma.info\/index.php\/wp-json\/wp\/v2\/types\/post"}],"author":[{"embeddable":true,"href":"http:\/\/cordobainforma.info\/index.php\/wp-json\/wp\/v2\/users\/1"}],"replies":[{"embeddable":true,"href":"http:\/\/cordobainforma.info\/index.php\/wp-json\/wp\/v2\/comments?post=186544"}],"version-history":[{"count":0,"href":"http:\/\/cordobainforma.info\/index.php\/wp-json\/wp\/v2\/posts\/186544\/revisions"}],"wp:featuredmedia":[{"embeddable":true,"href":"http:\/\/cordobainforma.info\/index.php\/wp-json\/wp\/v2\/media\/186545"}],"wp:attachment":[{"href":"http:\/\/cordobainforma.info\/index.php\/wp-json\/wp\/v2\/media?parent=186544"}],"wp:term":[{"taxonomy":"category","embeddable":true,"href":"http:\/\/cordobainforma.info\/index.php\/wp-json\/wp\/v2\/categories?post=186544"},{"taxonomy":"post_tag","embeddable":true,"href":"http:\/\/cordobainforma.info\/index.php\/wp-json\/wp\/v2\/tags?post=186544"}],"curies":[{"name":"wp","href":"https:\/\/api.w.org\/{rel}","templated":true}]}}