{"id":186519,"date":"2026-03-08T20:47:03","date_gmt":"2026-03-08T20:47:03","guid":{"rendered":"http:\/\/cordobainforma.info\/index.php\/2026\/03\/08\/las-ventas-minoristas-de-pymes-cayeron-56-interanual-en-febrero-y-acumulan-diez-meses-en-baja\/"},"modified":"2026-03-08T20:47:03","modified_gmt":"2026-03-08T20:47:03","slug":"las-ventas-minoristas-de-pymes-cayeron-56-interanual-en-febrero-y-acumulan-diez-meses-en-baja","status":"publish","type":"post","link":"http:\/\/cordobainforma.info\/index.php\/2026\/03\/08\/las-ventas-minoristas-de-pymes-cayeron-56-interanual-en-febrero-y-acumulan-diez-meses-en-baja\/","title":{"rendered":"Las ventas minoristas de pymes cayeron 5,6% interanual en febrero y acumulan diez meses en baja"},"content":{"rendered":"<p>8 de marzo de 2026 &middot; El Banco Central fij\u00f3 una <b>nueva<\/b> tasa de inter\u00e9s para los juicios laborales. <b>Econom\u00eda<\/b> y Negocios &middot; Uso obligatorio. El Banco&nbsp;&#8230; <\/p>\n","protected":false},"excerpt":{"rendered":"<p>8 de marzo de 2026 &middot; El Banco Central fij\u00f3 una nueva tasa de inter\u00e9s para los juicios laborales. Econom\u00eda y Negocios &middot; Uso obligatorio. El Banco&nbsp;&#8230;<\/p>\n","protected":false},"author":1,"featured_media":0,"comment_status":"closed","ping_status":"closed","sticky":false,"template":"","format":"standard","meta":[],"categories":[23],"tags":[],"_links":{"self":[{"href":"http:\/\/cordobainforma.info\/index.php\/wp-json\/wp\/v2\/posts\/186519"}],"collection":[{"href":"http:\/\/cordobainforma.info\/index.php\/wp-json\/wp\/v2\/posts"}],"about":[{"href":"http:\/\/cordobainforma.info\/index.php\/wp-json\/wp\/v2\/types\/post"}],"author":[{"embeddable":true,"href":"http:\/\/cordobainforma.info\/index.php\/wp-json\/wp\/v2\/users\/1"}],"replies":[{"embeddable":true,"href":"http:\/\/cordobainforma.info\/index.php\/wp-json\/wp\/v2\/comments?post=186519"}],"version-history":[{"count":0,"href":"http:\/\/cordobainforma.info\/index.php\/wp-json\/wp\/v2\/posts\/186519\/revisions"}],"wp:attachment":[{"href":"http:\/\/cordobainforma.info\/index.php\/wp-json\/wp\/v2\/media?parent=186519"}],"wp:term":[{"taxonomy":"category","embeddable":true,"href":"http:\/\/cordobainforma.info\/index.php\/wp-json\/wp\/v2\/categories?post=186519"},{"taxonomy":"post_tag","embeddable":true,"href":"http:\/\/cordobainforma.info\/index.php\/wp-json\/wp\/v2\/tags?post=186519"}],"curies":[{"name":"wp","href":"https:\/\/api.w.org\/{rel}","templated":true}]}}