{"id":186516,"date":"2026-03-08T23:38:46","date_gmt":"2026-03-08T23:38:46","guid":{"rendered":"https:\/\/www.clarin.com\/deportes\/claudio-chiqui-tapia-reunido-secreto-hora-andres-fassi-presidente-talleres_0_rSs01q3KHb.html"},"modified":"2026-03-08T23:38:46","modified_gmt":"2026-03-08T23:38:46","slug":"claudio-chiqui-tapia-estuvo-reunido-en-secreto-casi-una-hora-con-andres-fassi-presidente-de-talleres","status":"publish","type":"post","link":"http:\/\/cordobainforma.info\/index.php\/2026\/03\/08\/claudio-chiqui-tapia-estuvo-reunido-en-secreto-casi-una-hora-con-andres-fassi-presidente-de-talleres\/","title":{"rendered":"Claudio Chiqui Tapia estuvo reunido en secreto casi una hora con Andr\u00e9s Fassi, presidente de Talleres"},"content":{"rendered":"<p><img src=\"http:\/\/cordobainforma.info\/wp-content\/uploads\/2026\/03\/claudio-chiqui-tapia-estuvo-reunido-en-secreto-casi-una-hora-con-andres-fassi-presidente-de-talleres.jpg\"><\/p>\n<div><img src=\"http:\/\/cordobainforma.info\/wp-content\/uploads\/2026\/03\/claudio-chiqui-tapia-estuvo-reunido-en-secreto-casi-una-hora-con-andres-fassi-presidente-de-talleres-2.jpg\" class=\"ff-og-image-inserted\"><\/div>\n<div id=\"element-body-0\" readability=\"67\">\n<p><strong>Claudio Tapia<\/strong>, presidente de la AFA, y <strong>Andr\u00e9s Fassi<\/strong>, titular de Talleres, estuvieron reunidos durante 45 minutos en un hotel en C\u00f3rdoba y hablaron del futuro del f\u00fatbol argentino, del proyecto del estadio de Talleres y de un congreso de 48 horas que el cordob\u00e9s quiere organizar en el Centro de Alto Rendimiento de Talleres. El encuentro se mantuvo en reserva, no hubo fotos, pero el diario cordob\u00e9s La Voz del Interior logr\u00f3 reconstruir la cumbre.<\/p>\n<\/div>\n<div id=\"element-body-1\" readability=\"67\">\n<p>Chiqui Tapia estuvo en C\u00f3rdoba el fin de semana en el marco del tercer encuentro de dirigentes del interior organizado por el Consejo Federal. En medio del lock-out de la entidad, que suspendi\u00f3 la novena fecha del Torneo Apertura, adem\u00e1s de todo el Ascenso, inferiores, futsal y femenino, se anunci\u00f3 la creaci\u00f3n de una nueva categor\u00eda nacional a partir de 2027. Adem\u00e1s, hubo un fuerte apoyo de los dirigentes cordobeses, que adem\u00e1s compartieron un almuerzo con Tapia.<\/p>\n<\/div>\n<div id=\"element-body-2\" readability=\"63\">\n<p>Fassi no estuvo en la comida pero s\u00ed hubo un encuentro en el Hotel Qu\u00f3rum, en la previa y en paralelo al Tercer Congreso del Consejo Federal de la Asociaci\u00f3n del F\u00fatbol Argentino, que reuni\u00f3 a casi 3.000 dirigentes del interior en el estadio \u00c1ngel Sandr\u00edn de Instituto. El titular de la T lleg\u00f3 acompa\u00f1ado por Luis Eduardo Villalba, vicepresidente quinto del club de barrio Jard\u00edn y representante de la instituci\u00f3n en la Liga Profesional.<\/p>\n<\/div>\n<div id=\"element-body-3\" readability=\"65\">\n<p>En septiembre de 2024, el presidente de Talleres le declar\u00f3 la guerra a la AFA, tras la ca\u00edda de su equipo ante Boca en Copa Argentina donde prendi\u00f3 el ventilador contra la casa madre del f\u00fatbol luego de pelearse con el \u00e1rbitro Andr\u00e9s Merlos. Un a\u00f1o despu\u00e9s, Fassi pidi\u00f3 disculpas por aquella reacci\u00f3n. \u00abMe equivoqu\u00e9\u00bb, afirm\u00f3. \u00abLe pido disculpas a Claudio Tapia por mis expresiones del a\u00f1o pasado\u00bb, en referencia a las explosivas frases que le propin\u00f3 al presidente de la AFA.<\/p>\n<\/div>\n<div id=\"element-body-4\" readability=\"63\">\n<p>De a poco, el hombre de Talleres que se hab\u00eda alineado con el presidente Milei para combatir a Tapia, volvi\u00f3 a acercarse a la AFA. Y este fin de semana, en medio del paro del f\u00fatbol argentino, volvieron a verse las caras antes del regreso de Tapia a Buenos Aires.<\/p>\n<\/div>\n<div id=\"element-body-6\" readability=\"67\">\n<p>La charla, seg\u00fan inform\u00f3 el medio cordob\u00e9s, fue descontracturada y ambos dirigentes siguieron limando asperezas. Una postura m\u00e1s amistosa hab\u00eda anticipado Fassi unos d\u00edas antes cuando le preguntaron si Talleres tambi\u00e9n se iba a retirar de las reuniones del Comit\u00e9 Ejecutivo: \u201cTodos saben nuestra postura, pero yo estoy abocado a trabajar por y para Talleres\u201d, enfatiz\u00f3 el dirigente. Seg\u00fan trascendi\u00f3, Fassi volvi\u00f3 a insistir con una idea que viene impulsando desde hace tiempo: la realizaci\u00f3n de un gran congreso del f\u00fatbol argentino, de 48 horas, con participaci\u00f3n de todos los sectores. La propuesta ser\u00eda organizarlo en el Card de Talleres (o en el predio de AFA) y antes del pr\u00f3ximo Mundial.<\/p>\n<\/div>\n<div id=\"element-body-7\" readability=\"66\">\n<p>Hubo promesas mutuas, Fassi enviar\u00e1 un borrador y Tapia se encargar\u00e1 de darle viabilidad. Otro gesto fuerte, adem\u00e1s del mismo congreso del Comit\u00e9 Ejecutivo, fue el almuerzo que tuvo Tapia con otros dirigentes, e incluso Chiqui subi\u00f3 una foto a sus redes agradeciendo la hospitalidad de Juan Manuel Cavagliatto, presidente de La Gloria. En esa imagen tambi\u00e9n apareci\u00f3 Luis Artime, titular de Belgrano.<\/p>\n<\/div>\n","protected":false},"excerpt":{"rendered":"<p>Claudio Tapia, presidente de la AFA, y Andr\u00e9s Fassi, titular de Talleres, estuvieron reunidos durante 45 minutos en un hotel en C\u00f3rdoba y hablaron del futuro del f\u00fatbol argentino, del proyecto del estadio de Talleres y de un congreso de 48 horas que el cordob\u00e9s quiere organizar en el Centro de Alto Rendimiento de Talleres. [&hellip;]<\/p>\n","protected":false},"author":1,"featured_media":186517,"comment_status":"closed","ping_status":"closed","sticky":false,"template":"","format":"standard","meta":[],"categories":[20],"tags":[],"_links":{"self":[{"href":"http:\/\/cordobainforma.info\/index.php\/wp-json\/wp\/v2\/posts\/186516"}],"collection":[{"href":"http:\/\/cordobainforma.info\/index.php\/wp-json\/wp\/v2\/posts"}],"about":[{"href":"http:\/\/cordobainforma.info\/index.php\/wp-json\/wp\/v2\/types\/post"}],"author":[{"embeddable":true,"href":"http:\/\/cordobainforma.info\/index.php\/wp-json\/wp\/v2\/users\/1"}],"replies":[{"embeddable":true,"href":"http:\/\/cordobainforma.info\/index.php\/wp-json\/wp\/v2\/comments?post=186516"}],"version-history":[{"count":0,"href":"http:\/\/cordobainforma.info\/index.php\/wp-json\/wp\/v2\/posts\/186516\/revisions"}],"wp:featuredmedia":[{"embeddable":true,"href":"http:\/\/cordobainforma.info\/index.php\/wp-json\/wp\/v2\/media\/186517"}],"wp:attachment":[{"href":"http:\/\/cordobainforma.info\/index.php\/wp-json\/wp\/v2\/media?parent=186516"}],"wp:term":[{"taxonomy":"category","embeddable":true,"href":"http:\/\/cordobainforma.info\/index.php\/wp-json\/wp\/v2\/categories?post=186516"},{"taxonomy":"post_tag","embeddable":true,"href":"http:\/\/cordobainforma.info\/index.php\/wp-json\/wp\/v2\/tags?post=186516"}],"curies":[{"name":"wp","href":"https:\/\/api.w.org\/{rel}","templated":true}]}}