{"id":186512,"date":"2026-03-08T14:39:39","date_gmt":"2026-03-08T14:39:39","guid":{"rendered":"https:\/\/somoscordobeses.com\/2026\/03\/08\/no-circulan-las-lineas-de-colectivo-correspondientes-al-grupo-fam\/"},"modified":"2026-03-08T14:39:39","modified_gmt":"2026-03-08T14:39:39","slug":"no-circulan-las-lineas-de-colectivo-correspondientes-al-grupo-fam","status":"publish","type":"post","link":"http:\/\/cordobainforma.info\/index.php\/2026\/03\/08\/no-circulan-las-lineas-de-colectivo-correspondientes-al-grupo-fam\/","title":{"rendered":"No circulan las l\u00edneas de colectivo correspondientes al Grupo FAM"},"content":{"rendered":"<div><img src=\"http:\/\/cordobainforma.info\/wp-content\/uploads\/2026\/03\/no-circulan-las-lineas-de-colectivo-correspondientes-al-grupo-fam.jpg\" class=\"ff-og-image-inserted\"><\/div>\n<p>En la ma\u00f1ana de este domingo, varias l\u00edneas del transporte urbano de C\u00f3rdoba no salieron a la calle a prestar el servicio como corresponde.<\/p>\n<p>La situaci\u00f3n afecta a las l\u00edneas cubiertas por el Grupo FAM, o sea, los corredores 2, 5, 7 y las l\u00edneas 600 y 601.<\/p>\n<p>Desde la empresa emitieron un comunicado para explicar la situaci\u00f3n y advirtieron por un supuesto sabotaje: \u201cEstimados usuarios: Grupo FAM ha sido v\u00edctima de un sabotaje que moment\u00e1neamente nos imposibilita prestar el servicio, se est\u00e1n investigando los alcances y trabajando en la soluci\u00f3n\u201d.<\/p>\n<p>Desde UTA, el gremio que nuclea a los choferes, se\u00f1alaron que no est\u00e1n las llaves de los colectivos, lo que impidi\u00f3 que se pueda trabajar con normalidad.<\/p>\n<p>Por su parte, las l\u00edneas a cargo de Coniferal y SiBus funcionan con normalidad.<\/p>\n","protected":false},"excerpt":{"rendered":"<p>En la ma\u00f1ana de este domingo, varias l\u00edneas del transporte urbano de C\u00f3rdoba no salieron a la calle a prestar el servicio como corresponde. La situaci\u00f3n afecta a las l\u00edneas cubiertas por el Grupo FAM, o sea, los corredores 2, 5, 7 y las l\u00edneas 600 y 601. Desde la empresa emitieron un comunicado para [&hellip;]<\/p>\n","protected":false},"author":1,"featured_media":186513,"comment_status":"closed","ping_status":"closed","sticky":false,"template":"","format":"standard","meta":[],"categories":[2],"tags":[],"_links":{"self":[{"href":"http:\/\/cordobainforma.info\/index.php\/wp-json\/wp\/v2\/posts\/186512"}],"collection":[{"href":"http:\/\/cordobainforma.info\/index.php\/wp-json\/wp\/v2\/posts"}],"about":[{"href":"http:\/\/cordobainforma.info\/index.php\/wp-json\/wp\/v2\/types\/post"}],"author":[{"embeddable":true,"href":"http:\/\/cordobainforma.info\/index.php\/wp-json\/wp\/v2\/users\/1"}],"replies":[{"embeddable":true,"href":"http:\/\/cordobainforma.info\/index.php\/wp-json\/wp\/v2\/comments?post=186512"}],"version-history":[{"count":0,"href":"http:\/\/cordobainforma.info\/index.php\/wp-json\/wp\/v2\/posts\/186512\/revisions"}],"wp:featuredmedia":[{"embeddable":true,"href":"http:\/\/cordobainforma.info\/index.php\/wp-json\/wp\/v2\/media\/186513"}],"wp:attachment":[{"href":"http:\/\/cordobainforma.info\/index.php\/wp-json\/wp\/v2\/media?parent=186512"}],"wp:term":[{"taxonomy":"category","embeddable":true,"href":"http:\/\/cordobainforma.info\/index.php\/wp-json\/wp\/v2\/categories?post=186512"},{"taxonomy":"post_tag","embeddable":true,"href":"http:\/\/cordobainforma.info\/index.php\/wp-json\/wp\/v2\/tags?post=186512"}],"curies":[{"name":"wp","href":"https:\/\/api.w.org\/{rel}","templated":true}]}}