{"id":186510,"date":"2026-03-08T15:45:43","date_gmt":"2026-03-08T15:45:43","guid":{"rendered":"https:\/\/somoscordobeses.com\/2026\/03\/08\/caputo-sumo-al-economista-uruguayo-ernesto-talvi-como-asesor\/"},"modified":"2026-03-08T15:45:43","modified_gmt":"2026-03-08T15:45:43","slug":"caputo-sumo-al-economista-uruguayo-ernesto-talvi-como-asesor","status":"publish","type":"post","link":"http:\/\/cordobainforma.info\/index.php\/2026\/03\/08\/caputo-sumo-al-economista-uruguayo-ernesto-talvi-como-asesor\/","title":{"rendered":"Caputo sum\u00f3 al economista uruguayo Ernesto Talvi como asesor"},"content":{"rendered":"<div><img src=\"http:\/\/cordobainforma.info\/wp-content\/uploads\/2026\/03\/caputo-sumo-al-economista-uruguayo-ernesto-talvi-como-asesor.jpg\" class=\"ff-og-image-inserted\"><\/div>\n<p>El ministro de Econom\u00eda, Luis Caputo,&nbsp;anunci\u00f3 la incorporaci\u00f3n del economista uruguayo&nbsp;Ernesto Talvi&nbsp;al equipo de asesores del Palacio de Hacienda, en una decisi\u00f3n que busca fortalecer el dise\u00f1o de pol\u00edticas econ\u00f3micas del Gobierno.<\/p>\n<p>El anuncio fue realizado por el propio Caputo a trav\u00e9s de sus redes sociales, donde destac\u00f3 la trayectoria profesional del excanciller de Uruguay. \u201cSe incorpora al equipo de asesores un economista de extensa trayectoria y reputaci\u00f3n\u201d, afirm\u00f3 el funcionario, quien remarc\u00f3 que la experiencia de Talvi ser\u00e1 un aporte para el rumbo econ\u00f3mico del pa\u00eds.<\/p>\n<p>\u201cSu experiencia y visi\u00f3n ser\u00e1n un gran aporte para seguir consolidando la recuperaci\u00f3n de la econom\u00eda argentina\u201d, sostuvo el titular del Ministerio de Econom\u00eda.<\/p>\n<p>La llegada de Talvi tambi\u00e9n fue celebrada por el viceministro de Econom\u00eda, Jos\u00e9 Luis Daza, quien destac\u00f3 el perfil acad\u00e9mico y t\u00e9cnico del economista uruguayo. \u201cSensacional anuncio del ministro Caputo. Se incorpora al equipo el extraordinario economista Ernesto Talvi\u201d, expres\u00f3.<\/p>\n<p>Daza resalt\u00f3 adem\u00e1s su trayectoria en distintos \u00e1mbitos profesionales. \u201cEs un acad\u00e9mico, policymaker e investigador en organismos internacionales. Adem\u00e1s, una maravillosa persona\u201d, escribi\u00f3 el funcionario al darle la bienvenida.<\/p>\n<p>El anuncio tambi\u00e9n tuvo repercusi\u00f3n en el Gobierno nacional. El presidente Javier Milei replic\u00f3 el mensaje en sus redes sociales y celebr\u00f3 la incorporaci\u00f3n del economista al equipo que conduce Caputo.<\/p>\n<p><strong>Qui\u00e9n es Ernesto Talvi<\/strong><\/p>\n<p>Nacido en Montevideo, Talvi cuenta con una amplia carrera acad\u00e9mica y pol\u00edtica en Uruguay. Se gradu\u00f3 como economista en la Universidad de la Rep\u00fablica y obtuvo un doctorado en Econom\u00eda y un MBA en Finanzas en la Universidad de Chicago. <\/p>\n<p>En el plano pol\u00edtico, fue senador por el Partido Colorado y lider\u00f3 el sector Ciudadanos en 2019. Al a\u00f1o siguiente asumi\u00f3 como ministro de Relaciones Exteriores durante el inicio del gobierno de Luis Lacalle Pou. <\/p>\n<p>Adem\u00e1s de su actividad pol\u00edtica, Talvi se desempe\u00f1a como director acad\u00e9mico del Centro de Estudios de la Realidad Econ\u00f3mica y Social (CERES), uno de los principales think tanks de Uruguay. <\/p>\n<p>Con su incorporaci\u00f3n, el Ministerio de Econom\u00eda suma a un economista con experiencia en pol\u00edtica p\u00fablica, academia e investigaci\u00f3n internacional, en un contexto en el que el Gobierno busca consolidar su estrategia econ\u00f3mica y fortalecer su equipo t\u00e9cnico. <\/p>\n","protected":false},"excerpt":{"rendered":"<p>El ministro de Econom\u00eda, Luis Caputo,&nbsp;anunci\u00f3 la incorporaci\u00f3n del economista uruguayo&nbsp;Ernesto Talvi&nbsp;al equipo de asesores del Palacio de Hacienda, en una decisi\u00f3n que busca fortalecer el dise\u00f1o de pol\u00edticas econ\u00f3micas del Gobierno. El anuncio fue realizado por el propio Caputo a trav\u00e9s de sus redes sociales, donde destac\u00f3 la trayectoria profesional del excanciller de Uruguay. [&hellip;]<\/p>\n","protected":false},"author":1,"featured_media":186511,"comment_status":"closed","ping_status":"closed","sticky":false,"template":"","format":"standard","meta":[],"categories":[2],"tags":[],"_links":{"self":[{"href":"http:\/\/cordobainforma.info\/index.php\/wp-json\/wp\/v2\/posts\/186510"}],"collection":[{"href":"http:\/\/cordobainforma.info\/index.php\/wp-json\/wp\/v2\/posts"}],"about":[{"href":"http:\/\/cordobainforma.info\/index.php\/wp-json\/wp\/v2\/types\/post"}],"author":[{"embeddable":true,"href":"http:\/\/cordobainforma.info\/index.php\/wp-json\/wp\/v2\/users\/1"}],"replies":[{"embeddable":true,"href":"http:\/\/cordobainforma.info\/index.php\/wp-json\/wp\/v2\/comments?post=186510"}],"version-history":[{"count":0,"href":"http:\/\/cordobainforma.info\/index.php\/wp-json\/wp\/v2\/posts\/186510\/revisions"}],"wp:featuredmedia":[{"embeddable":true,"href":"http:\/\/cordobainforma.info\/index.php\/wp-json\/wp\/v2\/media\/186511"}],"wp:attachment":[{"href":"http:\/\/cordobainforma.info\/index.php\/wp-json\/wp\/v2\/media?parent=186510"}],"wp:term":[{"taxonomy":"category","embeddable":true,"href":"http:\/\/cordobainforma.info\/index.php\/wp-json\/wp\/v2\/categories?post=186510"},{"taxonomy":"post_tag","embeddable":true,"href":"http:\/\/cordobainforma.info\/index.php\/wp-json\/wp\/v2\/tags?post=186510"}],"curies":[{"name":"wp","href":"https:\/\/api.w.org\/{rel}","templated":true}]}}