{"id":186502,"date":"2026-03-07T08:58:56","date_gmt":"2026-03-07T08:58:56","guid":{"rendered":"https:\/\/www.mujerhoy.com\/vivir\/bienestar\/creatina-suplemento-antiedad-energia-musculo-a-los-50-20260307034649-nt.html"},"modified":"2026-03-07T08:58:56","modified_gmt":"2026-03-07T08:58:56","slug":"por-que-tomar-creatina-a-los-30-y-a-los-50-como-puede-ayudarte-a-tener-mas-energia-y-a-ganar-musculo","status":"publish","type":"post","link":"http:\/\/cordobainforma.info\/index.php\/2026\/03\/07\/por-que-tomar-creatina-a-los-30-y-a-los-50-como-puede-ayudarte-a-tener-mas-energia-y-a-ganar-musculo\/","title":{"rendered":"Por qu\u00e9 tomar creatina a los 30 y a los 50: c\u00f3mo puede ayudarte a tener m\u00e1s energ\u00eda y a ganar m\u00fasculo"},"content":{"rendered":"<div class=\"media_block\"><\/div>\n<p><!-- AUTHOR --><\/p>\n<div class=\"voc-author-timesocial \">\n<!-- AUTHOR --><\/p>\n<div class=\"voc-author-timesocial__signature \">\n<!-- IMAGE AUTHOR -->\n<picture class=\"voc-image-signature\">\n<img class=\"voc-image-signature__img\" src=\"http:\/\/cordobainforma.info\/wp-content\/uploads\/2026\/03\/por-que-tomar-creatina-a-los-30-y-a-los-50-como-puede-ayudarte-a-tener-mas-energia-y-a-ganar-musculo.png\" alt=\"Sandra Hern\u00e1ndez\">\n<\/picture>\n<!-- INFO AUTHOR --> <\/div><\/div>\n<p><!-- COMPONENTS --><\/p>\n<p class=\"voc-paragraph\">Durante a\u00f1os, la creatina estuvo asociada casi exclusivamente al mundo del fitness y al <a href=\"https:\/\/www.mujerhoy.com\/vivir\/fitness\/202106\/01\/alimentos-mejoran-rendimiento-deportivo-140558414040-ga.html\" target=\"_self\" data-voc-vtm-id=\"in-text-traffic\" title=\"rendimiento deportivo\" data-mrf-link=\"www.mujerhoy.com\" rel=\"noopener noreferrer\">rendimiento deportivo<\/a>. Y poco m\u00e1s. Sin embargo, en los \u00faltimos meses este suplemento ha empezado a aparecer con cada vez m\u00e1s frecuencia <strong>en conversaciones sobre bienestar, salud cerebral y envejecimiento activo.<\/strong><\/p>\n<p class=\"voc-paragraph\">La <strong>Dra. Jenna Macciochi<\/strong>, directora de Innovaci\u00f3n en Ancient + Brave, explica que detr\u00e1s de su fama ligada al gimnasio existe una realidad mucho m\u00e1s amplia: \u00abno es solo un suplemento para culturistas, sino un nutriente con un papel clave en la salud cerebral, la funci\u00f3n cognitiva y <a href=\"https:\/\/www.mujerhoy.com\/vivir\/bienestar\/diez-claves-expertos-acelerar-metabolismo-adelgazar-20240526083950-nt.html\" target=\"_self\" data-voc-vtm-id=\"in-text-traffic\" title=\"el metabolismo energ\u00e9tico\" data-mrf-link=\"www.mujerhoy.com\" rel=\"noopener noreferrer\">el metabolismo energ\u00e9tico<\/a>\u00bb. Lo que antes parec\u00eda reservado a deportistas hoy empieza a mirarse con otros ojos: cada vez m\u00e1s expertos lo consideran un apoyo interesante para sostener la energ\u00eda diaria, la concentraci\u00f3n y la resiliencia f\u00edsica y mental.<\/p>\n<div class=\"v-c-cmp v-c-cmp--t1 \">\n<div class=\"v-cmp-rld v-cmp-rld--2 \">\n<div class=\"v-cnt-m v-cnt-m--m\">\n<div class=\"v-cnt-m__c\">\n<div class=\"v-cnt-m__w v-cnt-m__w--1\">\n<p class=\"v-cnt-m__t\">\nTAMBI\u00c9N TE INTERESA\n<\/p>\n<\/div>\n<\/div>\n<\/div>\n<div class=\"v-g v-g--2-c v-g--bdr-min-xs\">\n<div class=\"v-g__c \">\n<article class=\"v-a v-a--cmp-rld v-a--cmp-rld-2 v-a--p-l\">\n<div class=\"v-a-img-c\">\n<figure class=\"v-a-fig\">\n<a href=\"https:\/\/www.mujerhoy.com\/actualidad\/como-tener-brazos-torneados-reina-letizia-simbolo-poder-mejores-ejercicios-20260304113835-nt.html#vtm_modulosEngag=mod-rel:vivir:noticia:1:cmp:2-not\" class=\"v-a-link\" title=\"Los brazos torneados como los de la reina Letizia, el nuevo s\u00edmbolo de estatus\"><br \/>\n<img loading=\"lazy\" class=\"v-a-img\" src=\"http:\/\/cordobainforma.info\/wp-content\/uploads\/2026\/03\/por-que-tomar-creatina-a-los-30-y-a-los-50-como-puede-ayudarte-a-tener-mas-energia-y-a-ganar-musculo.jpg\" alt=\"Los brazos torneados como los de la reina Letizia, el nuevo s\u00edmbolo de estatus\"><br \/>\n<\/a><br \/>\n<\/figure>\n<\/div>\n<\/article>\n<\/div>\n<div class=\"v-g__c \">\n<article class=\"v-a v-a--cmp-rld v-a--cmp-rld-2 v-a--p-l\">\n<div class=\"v-a-img-c\">\n<figure class=\"v-a-fig\">\n<a href=\"https:\/\/www.mujerhoy.com\/vivir\/fitness\/ejercicios-a-diario-en-casa-sin-material-adelgazar-20251101161707-nt.html#vtm_modulosEngag=mod-rel:vivir:noticia:2:cmp:2-not\" class=\"v-a-link\" title=\"Cinco ejercicios que debes hacer a diario desde tu casa y sin material para no volver a engordar\"><br \/>\n<img loading=\"lazy\" class=\"v-a-img\" src=\"http:\/\/cordobainforma.info\/wp-content\/uploads\/2026\/03\/por-que-tomar-creatina-a-los-30-y-a-los-50-como-puede-ayudarte-a-tener-mas-energia-y-a-ganar-musculo-1.jpg\" alt=\"Cinco ejercicios que debes hacer a diario desde tu casa y sin material para no volver a engordar\"><br \/>\n<\/a><br \/>\n<\/figure>\n<\/div>\n<\/article>\n<\/div>\n<\/div>\n<\/div>\n<\/div>\n<p class=\"voc-paragraph\">La raz\u00f3n est\u00e1, en gran parte, en c\u00f3mo act\u00faa dentro del organismo. Como se\u00f1ala Macciochi, puede entenderse, de forma muy sencilla, como una especie de \u00abbuj\u00eda\u00bb que activa la producci\u00f3n de energ\u00eda en nuestras c\u00e9lulas. Cuando el cuerpo necesita rendimiento inmediato \u2014ya sea para un esfuerzo f\u00edsico o para mantener la concentraci\u00f3n\u2014 utiliza ATP, la principal \u00abmoneda energ\u00e9tica\u00bb del organismo.<\/p>\n<p class=\"voc-paragraph\">Las reservas de ATP se agotan r\u00e1pidamente y la creatina ayuda a regenerarlas con rapidez, algo que beneficia especialmente a tejidos con gran demanda energ\u00e9tica, como los m\u00fasculos o el cerebro. <strong>Y el cerebro es uno de los \u00f3rganos que m\u00e1s energ\u00eda consume.<\/strong> De hecho, cada vez m\u00e1s investigaciones est\u00e1n explorando su relaci\u00f3n no solo con la fuerza f\u00edsica, sino tambi\u00e9n con la claridad mental o la reducci\u00f3n de la fatiga cognitiva.<\/p>\n<p><h3 class=\"v-cmp-suh\">\nC\u00f3mo ayuda la creatina a partir de los 50<br \/>\n<\/h3>\n<\/p>\n<p class=\"voc-paragraph\">En este contexto, <strong>Mariela Mart\u00ednez<\/strong>, especialista en nutrici\u00f3n de Ancient + Brave, recuerda que la creatina no es una sustancia extra\u00f1a para el organismo. \u00ab<strong>Se trata de un compuesto formado por tres amino\u00e1cidos que el cuerpo produce de forma natural<\/strong> y que tambi\u00e9n obtenemos en peque\u00f1as cantidades a trav\u00e9s de la dieta, especialmente de carnes rojas y mariscos\u00bb, explica. Se almacena principalmente en los m\u00fasculos y, en menor medida, en el cerebro, donde participa en la producci\u00f3n r\u00e1pida de energ\u00eda. En cuanto a su consumo, la evidencia cient\u00edfica suele recomendar entre tres y cinco gramos al d\u00eda, tomados con constancia, tanto en d\u00edas de entrenamiento como de descanso. La clave, como se\u00f1alan los especialistas, est\u00e1 en la regularidad.<\/p>\n<p class=\"voc-paragraph\">Y aqu\u00ed es donde muchos expertos empiezan a insistir en algo importante: desmontar la idea de que la creatina sea solo para quienes levantan pesas. La <strong>Dra. Sara Mar\u00edn Berbell<\/strong>, m\u00e9dica de familia conocida en redes como @uncafecontudoctora, lo resume de forma muy clara: \u00ab<strong>no es solo para los que van al gimnasio<\/strong>\u00bb. <\/p>\n<p class=\"voc-paragraph\">Seg\u00fan explica, puede ayudar incluso en algo tan cotidiano como subir escaleras sin cansarse, cargar con la compra o recuperarse mejor del esfuerzo diario. Tambi\u00e9n recuerda que nuestro cuerpo ya la produce de forma natural, aunque factores como el estr\u00e9s, el poco descanso o una ingesta baja de prote\u00ednas pueden hacer \u00fatil un aporte extra. Adem\u00e1s, insiste en desmontar algunos mitos frecuentes: \u00ab<strong>en personas sanas, en dosis normales, la creatina es segura<\/strong> y no da\u00f1a los ri\u00f1ones\u00bb.<\/p>\n<div class=\"v-c-cmp v-c-cmp--s\">\n<div class=\"v-cmp-m \">\n<article class=\"v-a v-a--cmp-m v-c-cmp--m-z\">\n<div class=\"v-a-img-c \">\n<div class=\"v-a-fig\">\n<button class=\"v-a-link\" popovertarget=\"photo-793\"><br \/>\n<img loading=\"lazy\" src=\"http:\/\/cordobainforma.info\/wp-content\/uploads\/2026\/03\/por-que-tomar-creatina-a-los-30-y-a-los-50-como-puede-ayudarte-a-tener-mas-energia-y-a-ganar-musculo-2.jpg\" class=\"v-a-img\" width=\"650\" height=\"650\" alt=\"True Creatine+ de Ancient + Brave.\" data-voc-vtm-id=\"in-text-traffic\"> <\/button><figcaption class=\"v-fc\">\n<span class=\"v-fc__t\"><br \/>\nTrue Creatine+ de Ancient + Brave.<br \/>\n<\/span><br \/>\n<span class=\"v-fc__p\"><br \/>\nD.R.<br \/>\n<\/span><br \/>\n<\/figcaption><\/div>\n<\/div>\n<div id=\"photo-793\" popover class=\"v-mdl v-mdl--fw\">\n<button class=\"v-x\" popovertarget=\"photo-793\" popovertargetaction=\"hide\"><br \/>\n<span class=\"v-i\"><br \/>\n<svg width=\"24\" height=\"23.996\" viewBox=\"0 0 24 23.996\">\n<path data-name=\"Uni\u00f3n 29\" d=\"M12,14.03,2.031,24,0,21.963,9.968,12,0,2.033,2.031,0,12,9.966,21.969,0,24,2.033,14.032,12,24,21.963,21.969,24Z\" \/>\n<\/svg><br \/>\n<\/span><br \/>\n<\/button><\/p>\n<div class=\"v-mdl__c\">\n<div class=\"v-mdl__w\">\n<img loading=\"lazy\" src=\"http:\/\/cordobainforma.info\/wp-content\/uploads\/2026\/03\/por-que-tomar-creatina-a-los-30-y-a-los-50-como-puede-ayudarte-a-tener-mas-energia-y-a-ganar-musculo-2.jpg\" class=\"v-mdl__img-z\" width=\"650\" height=\"650\" alt>\n<\/div>\n<\/div>\n<\/div>\n<p><span class=\"v-bdp\"><\/span><br \/>\n<\/article>\n<\/div>\n<\/div>\n<p class=\"voc-paragraph\">A partir de cierta edad, su papel puede resultar a\u00fan m\u00e1s interesante. Como se\u00f1ala la <strong>Dra. Sara Mar\u00edn Berbell<\/strong>, \u00ab<strong>desde los 35 a\u00f1os, sin darnos cuenta, empezamos a perder masa muscular y la creatina ayuda a frenarlo<\/strong>\u00bb. Durante etapas como la perimenopausia y la menopausia, a\u00f1ade, tambi\u00e9n puede contribuir a proteger los huesos y a mantener la fuerza. <\/p>\n<p class=\"voc-paragraph\">Y no se trata solo de energ\u00eda f\u00edsica: algunos estudios apuntan a que puede mejorar la memoria, la concentraci\u00f3n y el estado de \u00e1nimo. \u00ab<strong>Es como un cargador para el cuerpo<\/strong>\u00bb, explica la doctora, porque ayuda a recargar el ATP, la mol\u00e9cula que utilizan nuestras c\u00e9lulas para obtener energ\u00eda. Al final, m\u00e1s que una soluci\u00f3n milagro, se trata de un apoyo interesante para acompa\u00f1ar la energ\u00eda del d\u00eda a d\u00eda y cuidar la vitalidad a medida que pasan los a\u00f1os.<\/p>\n<div class=\"v-c-cmp v-c-cmp--t1 \">\n<div class=\"v-cmp-rld v-cmp-rld--2 \">\n<div class=\"v-cnt-m v-cnt-m--m\">\n<div class=\"v-cnt-m__c\">\n<div class=\"v-cnt-m__w v-cnt-m__w--1\">\n<p class=\"v-cnt-m__t\">\nTAMBI\u00c9N TE INTERESA\n<\/p>\n<\/div>\n<\/div>\n<\/div>\n<div class=\"v-g v-g--2-c v-g--bdr-min-xs\">\n<div class=\"v-g__c \">\n<article class=\"v-a v-a--cmp-rld v-a--cmp-rld-2 v-a--p-l\">\n<div class=\"v-a-img-c\">\n<figure class=\"v-a-fig\">\n<a href=\"https:\/\/www.mujerhoy.com\/belleza\/tratamientos\/belleza-sistemica-inflamacion-estres-alimentacion-repercute-cuerpo-20260127172917-nt.html#vtm_modulosEngag=mod-rel:vivir:noticia:1:cmp:2-not\" class=\"v-a-link\" title=\"Belleza sist\u00e9mica: c\u00f3mo la inflamaci\u00f3n, estr\u00e9s, alimentaci\u00f3n repercute en tu cuerpo y los mejores consejos de experto para cuidarte\"><br \/>\n<img loading=\"lazy\" class=\"v-a-img\" src=\"http:\/\/cordobainforma.info\/wp-content\/uploads\/2026\/03\/por-que-tomar-creatina-a-los-30-y-a-los-50-como-puede-ayudarte-a-tener-mas-energia-y-a-ganar-musculo-3.jpg\" alt=\"Belleza sist\u00e9mica: c\u00f3mo la inflamaci\u00f3n, estr\u00e9s, alimentaci\u00f3n repercute en tu cuerpo y los mejores consejos de experto para cuidarte\"><br \/>\n<\/a><br \/>\n<\/figure>\n<\/div>\n<\/article>\n<\/div>\n<div class=\"v-g__c \">\n<article class=\"v-a v-a--cmp-rld v-a--cmp-rld-2 v-a--p-l\">\n<div class=\"v-a-img-c\">\n<figure class=\"v-a-fig\">\n<a href=\"https:\/\/www.mujerhoy.com\/vivir\/fitness\/tabla-equilibrio-aparato-mejorar-core-gluteos-estabilidad-facil-a-los-50-casa-20260301160750-nt.html#vtm_modulosEngag=mod-rel:vivir:noticia:2:cmp:2-not\" class=\"v-a-link\" title=\"Tabla de equilibrio, el aparato que te har\u00e1 mejorar core, gl\u00fateos y estabilidad de forma f\u00e1cil a los 50 y sin salir de casa\"><br \/>\n<img loading=\"lazy\" class=\"v-a-img\" src=\"http:\/\/cordobainforma.info\/wp-content\/uploads\/2026\/03\/por-que-tomar-creatina-a-los-30-y-a-los-50-como-puede-ayudarte-a-tener-mas-energia-y-a-ganar-musculo-4.jpg\" alt=\"Tabla de equilibrio, el aparato que te har\u00e1 mejorar core, gl\u00fateos y estabilidad de forma f\u00e1cil a los 50 y sin salir de casa\"><br \/>\n<\/a><br \/>\n<\/figure>\n<\/div>\n<\/article>\n<\/div>\n<\/div>\n<\/div>\n<\/div>\n","protected":false},"excerpt":{"rendered":"<p>Durante a\u00f1os, la creatina estuvo asociada casi exclusivamente al mundo del fitness y al rendimiento deportivo. Y poco m\u00e1s. Sin embargo, en los \u00faltimos meses este suplemento ha empezado a aparecer con cada vez m\u00e1s frecuencia en conversaciones sobre bienestar, salud cerebral y envejecimiento activo. La Dra. Jenna Macciochi, directora de Innovaci\u00f3n en Ancient + [&hellip;]<\/p>\n","protected":false},"author":1,"featured_media":186503,"comment_status":"open","ping_status":"closed","sticky":false,"template":"","format":"standard","meta":[],"categories":[18],"tags":[],"_links":{"self":[{"href":"http:\/\/cordobainforma.info\/index.php\/wp-json\/wp\/v2\/posts\/186502"}],"collection":[{"href":"http:\/\/cordobainforma.info\/index.php\/wp-json\/wp\/v2\/posts"}],"about":[{"href":"http:\/\/cordobainforma.info\/index.php\/wp-json\/wp\/v2\/types\/post"}],"author":[{"embeddable":true,"href":"http:\/\/cordobainforma.info\/index.php\/wp-json\/wp\/v2\/users\/1"}],"replies":[{"embeddable":true,"href":"http:\/\/cordobainforma.info\/index.php\/wp-json\/wp\/v2\/comments?post=186502"}],"version-history":[{"count":0,"href":"http:\/\/cordobainforma.info\/index.php\/wp-json\/wp\/v2\/posts\/186502\/revisions"}],"wp:featuredmedia":[{"embeddable":true,"href":"http:\/\/cordobainforma.info\/index.php\/wp-json\/wp\/v2\/media\/186503"}],"wp:attachment":[{"href":"http:\/\/cordobainforma.info\/index.php\/wp-json\/wp\/v2\/media?parent=186502"}],"wp:term":[{"taxonomy":"category","embeddable":true,"href":"http:\/\/cordobainforma.info\/index.php\/wp-json\/wp\/v2\/categories?post=186502"},{"taxonomy":"post_tag","embeddable":true,"href":"http:\/\/cordobainforma.info\/index.php\/wp-json\/wp\/v2\/tags?post=186502"}],"curies":[{"name":"wp","href":"https:\/\/api.w.org\/{rel}","templated":true}]}}