{"id":186463,"date":"2026-03-07T22:32:27","date_gmt":"2026-03-07T22:32:27","guid":{"rendered":"http:\/\/cordobainforma.info\/index.php\/2026\/03\/07\/luis-caputo-sumo-a-un-excanciller-uruguayo-a-su-equipo-economico-nexofin\/"},"modified":"2026-03-07T22:32:27","modified_gmt":"2026-03-07T22:32:27","slug":"luis-caputo-sumo-a-un-excanciller-uruguayo-a-su-equipo-economico-nexofin","status":"publish","type":"post","link":"http:\/\/cordobainforma.info\/index.php\/2026\/03\/07\/luis-caputo-sumo-a-un-excanciller-uruguayo-a-su-equipo-economico-nexofin\/","title":{"rendered":"Luis Caputo sum\u00f3 a un excanciller uruguayo a su equipo econ\u00f3mico &#8211; Nexofin"},"content":{"rendered":"<p>&#8230; <b>nueva<\/b> incorporaci\u00f3n. Con Talvi en la mesa <b>econ\u00f3mica<\/b>, la misma ya se &#8230; Torneo Apertura: San Lorenzo empat\u00f3 sin goles contra Talleres en <b>C\u00f3rdoba<\/b>. <\/p>\n","protected":false},"excerpt":{"rendered":"<p>&#8230; nueva incorporaci\u00f3n. Con Talvi en la mesa econ\u00f3mica, la misma ya se &#8230; Torneo Apertura: San Lorenzo empat\u00f3 sin goles contra Talleres en C\u00f3rdoba.<\/p>\n","protected":false},"author":1,"featured_media":0,"comment_status":"closed","ping_status":"closed","sticky":false,"template":"","format":"standard","meta":[],"categories":[23],"tags":[],"_links":{"self":[{"href":"http:\/\/cordobainforma.info\/index.php\/wp-json\/wp\/v2\/posts\/186463"}],"collection":[{"href":"http:\/\/cordobainforma.info\/index.php\/wp-json\/wp\/v2\/posts"}],"about":[{"href":"http:\/\/cordobainforma.info\/index.php\/wp-json\/wp\/v2\/types\/post"}],"author":[{"embeddable":true,"href":"http:\/\/cordobainforma.info\/index.php\/wp-json\/wp\/v2\/users\/1"}],"replies":[{"embeddable":true,"href":"http:\/\/cordobainforma.info\/index.php\/wp-json\/wp\/v2\/comments?post=186463"}],"version-history":[{"count":0,"href":"http:\/\/cordobainforma.info\/index.php\/wp-json\/wp\/v2\/posts\/186463\/revisions"}],"wp:attachment":[{"href":"http:\/\/cordobainforma.info\/index.php\/wp-json\/wp\/v2\/media?parent=186463"}],"wp:term":[{"taxonomy":"category","embeddable":true,"href":"http:\/\/cordobainforma.info\/index.php\/wp-json\/wp\/v2\/categories?post=186463"},{"taxonomy":"post_tag","embeddable":true,"href":"http:\/\/cordobainforma.info\/index.php\/wp-json\/wp\/v2\/tags?post=186463"}],"curies":[{"name":"wp","href":"https:\/\/api.w.org\/{rel}","templated":true}]}}