{"id":186457,"date":"2026-03-07T23:11:44","date_gmt":"2026-03-07T23:11:44","guid":{"rendered":"https:\/\/www.clarin.com\/deportes\/formula-3-italo-argentino-mattia-colnaghi-llevo-punto-debut_0_If9uDftXxm.html"},"modified":"2026-03-07T23:11:44","modified_gmt":"2026-03-07T23:11:44","slug":"formula-3-el-italo-argentino-mattia-colnaghi-se-llevo-un-punto-en-su-debut","status":"publish","type":"post","link":"http:\/\/cordobainforma.info\/index.php\/2026\/03\/07\/formula-3-el-italo-argentino-mattia-colnaghi-se-llevo-un-punto-en-su-debut\/","title":{"rendered":"F\u00f3rmula 3: el \u00edtalo-argentino Mattia Colnaghi se llev\u00f3 un punto en su debut"},"content":{"rendered":"<p><img src=\"http:\/\/cordobainforma.info\/wp-content\/uploads\/2026\/03\/formula-3-el-italo-argentino-mattia-colnaghi-se-llevo-un-punto-en-su-debut.jpg\"><\/p>\n<div><img src=\"http:\/\/cordobainforma.info\/wp-content\/uploads\/2026\/03\/formula-3-el-italo-argentino-mattia-colnaghi-se-llevo-un-punto-en-su-debut-2.jpg\" class=\"ff-og-image-inserted\"><\/div>\n<div id=\"element-body-0\" readability=\"64\">\n<p>Pas\u00f3 el primer fin de semana de <strong>Mattia Colnaghi<\/strong> en la <strong>F\u00f3rmula 3<\/strong> y termin\u00f3 con un punto importante para la confianza del joven piloto \u00edtalo-argentino, que comenz\u00f3 con una gran clasificaci\u00f3n (6\u00b0), cometi\u00f3 un error en la Sprint Race del s\u00e1bado y cerr\u00f3 con un punto en la Feature Race del Gran Premio de Melbourne, en Australia, gracias a unas penalizaciones que lo hicieron avanzar del puesto 13 al 10.<\/p>\n<\/div>\n<div id=\"element-body-1\" readability=\"64\">\n<p>Con 28 pilotos en la pista, el piloto de 17 a\u00f1os tuvo una largada algo lenta, lo que le hizo perder dos posiciones apenas arranc\u00f3 la carrera en el domingo australiano. Aunque, r\u00e1pidamente, pudo recuperar un puesto para ponerse s\u00e9ptimo, el desarrollo de la competencia se le hizo cuesta arriba.<\/p>\n<\/div>\n<div id=\"element-body-2\" readability=\"62\">\n<p>Vuelta a vuelta, fue perdiendo posiciones hasta caer al puesto 13 y el Safety Car con el que termin\u00f3 la carrera lo ayud\u00f3 a que ese descenso no fuera mayor. Afortunadamente tambi\u00e9n el hijo de una chubutense que hace dos d\u00e9cadas emigr\u00f3 a Italia se vio favorecido por una serie de penalizaciones a varios pilotos que lo hicieron ascender a la d\u00e9cima posici\u00f3n, la \u00faltima que entrega puntos en la F3.<\/p>\n<\/div>\n<div id=\"element-body-3\" readability=\"65\">\n<p>La competencia, en tanto, la gan\u00f3 una de las j\u00f3venes promesas de la categor\u00eda, el estadounidense <strong>Ugo Ugochukwu<\/strong>, del Campos Racing. El podio, en tanto, lo completaron el brit\u00e1nico <strong>Freddie Slater<\/strong> (Trident) y el japon\u00e9s <strong>Taito Kato<\/strong> (ART).<\/p>\n<\/div>\n<div id=\"element-body-4\" readability=\"21.869426751592\">\n<blockquote class=\"twitter-tweet\" readability=\"4.1656050955414\">\n<p lang=\"en\" dir=\"ltr\">WHAT A RACE \ud83c\udf7f<\/p>\n<p>Your point-scorers from the opening Feature Race of 2026 \ud83d\udc40\ud83d\udc47<a href=\"https:\/\/twitter.com\/hashtag\/F3?src=hash&amp;ref_src=twsrc%5Etfw\">#F3<\/a> <a href=\"https:\/\/twitter.com\/hashtag\/AusGP?src=hash&amp;ref_src=twsrc%5Etfw\">#AusGP<\/a> <a href=\"https:\/\/t.co\/q2ynuAxuj6\">pic.twitter.com\/q2ynuAxuj6<\/a><\/p>\n<p>\u2014 Formula 3 (@Formula3) <a href=\"https:\/\/twitter.com\/Formula3\/status\/2030418465870446671?ref_src=twsrc%5Etfw\">March 7, 2026<\/a><\/p><\/blockquote><\/div>\n<div id=\"element-body-5\" readability=\"64\">\n<p>Colnaghi hab\u00eda alertado en la previa de su debut en la categor\u00eda que la gesti\u00f3n de los neum\u00e1ticos iba a ser un gran desaf\u00edo, porque las gomas Pirelli sufren una gran degradaci\u00f3n; sin embargo, queda por saber si el tipo de setup del equipo MP Motorsport no lo afect\u00f3 tambi\u00e9n, ya que el rendimiento de sus compa\u00f1eros tampoco fue el mejor: Tuukka Taponen y Alessandro Giusti quedaron 13\u00b0 y 15\u00b0, respectivamente.<\/p>\n<\/div>\n<div id=\"element-body-6\" readability=\"62\">\n<p>Tras su gran clasificaci\u00f3n del viernes, donde fue sexto, el piloto de la Academia Red Bull hab\u00eda tenido una s\u00e1bado olvidable por un error en la segunda vuelta de la Sprint Race, que lo conden\u00f3 del s\u00e9ptimo al \u00faltimo lugar. <\/p>\n<\/div>\n<div id=\"element-body-7\" readability=\"24.450934579439\">\n<blockquote class=\"twitter-tweet\" readability=\"6.018691588785\">\n<p lang=\"es\" dir=\"ltr\">\u00a1\u00a1NO MATTIA!! Colnaghi derrap\u00f3 en la segunda vuelta y pas\u00f3 del s\u00e9ptimo puesto al \u00daLTIMO en la Sprint de la <a href=\"https:\/\/twitter.com\/hashtag\/F3?src=hash&amp;ref_src=twsrc%5Etfw\">#F3<\/a>.<\/p>\n<p>\ud83d\udcfa <a href=\"https:\/\/twitter.com\/hashtag\/DisneyPlus?src=hash&amp;ref_src=twsrc%5Etfw\">#DisneyPlus<\/a> Plan Premium <a href=\"https:\/\/t.co\/48n4GA76XM\">pic.twitter.com\/48n4GA76XM<\/a><\/p>\n<p>\u2014 SportsCenter (@SC_ESPN) <a href=\"https:\/\/twitter.com\/SC_ESPN\/status\/2030078109534302253?ref_src=twsrc%5Etfw\">March 7, 2026<\/a><\/p><\/blockquote><\/div>\n","protected":false},"excerpt":{"rendered":"<p>Pas\u00f3 el primer fin de semana de Mattia Colnaghi en la F\u00f3rmula 3 y termin\u00f3 con un punto importante para la confianza del joven piloto \u00edtalo-argentino, que comenz\u00f3 con una gran clasificaci\u00f3n (6\u00b0), cometi\u00f3 un error en la Sprint Race del s\u00e1bado y cerr\u00f3 con un punto en la Feature Race del Gran Premio de [&hellip;]<\/p>\n","protected":false},"author":1,"featured_media":186458,"comment_status":"closed","ping_status":"closed","sticky":false,"template":"","format":"standard","meta":[],"categories":[20],"tags":[],"_links":{"self":[{"href":"http:\/\/cordobainforma.info\/index.php\/wp-json\/wp\/v2\/posts\/186457"}],"collection":[{"href":"http:\/\/cordobainforma.info\/index.php\/wp-json\/wp\/v2\/posts"}],"about":[{"href":"http:\/\/cordobainforma.info\/index.php\/wp-json\/wp\/v2\/types\/post"}],"author":[{"embeddable":true,"href":"http:\/\/cordobainforma.info\/index.php\/wp-json\/wp\/v2\/users\/1"}],"replies":[{"embeddable":true,"href":"http:\/\/cordobainforma.info\/index.php\/wp-json\/wp\/v2\/comments?post=186457"}],"version-history":[{"count":0,"href":"http:\/\/cordobainforma.info\/index.php\/wp-json\/wp\/v2\/posts\/186457\/revisions"}],"wp:featuredmedia":[{"embeddable":true,"href":"http:\/\/cordobainforma.info\/index.php\/wp-json\/wp\/v2\/media\/186458"}],"wp:attachment":[{"href":"http:\/\/cordobainforma.info\/index.php\/wp-json\/wp\/v2\/media?parent=186457"}],"wp:term":[{"taxonomy":"category","embeddable":true,"href":"http:\/\/cordobainforma.info\/index.php\/wp-json\/wp\/v2\/categories?post=186457"},{"taxonomy":"post_tag","embeddable":true,"href":"http:\/\/cordobainforma.info\/index.php\/wp-json\/wp\/v2\/tags?post=186457"}],"curies":[{"name":"wp","href":"https:\/\/api.w.org\/{rel}","templated":true}]}}