{"id":186453,"date":"2026-03-07T04:39:33","date_gmt":"2026-03-07T04:39:33","guid":{"rendered":"https:\/\/somoscordobeses.com\/2026\/03\/07\/llaryora-pagara-un-bono-de-ayuda-escolar-a-empleados-publicos\/"},"modified":"2026-03-07T04:39:33","modified_gmt":"2026-03-07T04:39:33","slug":"llaryora-pagara-un-bono-de-ayuda-escolar-a-empleados-publicos","status":"publish","type":"post","link":"http:\/\/cordobainforma.info\/index.php\/2026\/03\/07\/llaryora-pagara-un-bono-de-ayuda-escolar-a-empleados-publicos\/","title":{"rendered":"Llaryora pagar\u00e1 un bono de ayuda escolar a empleados p\u00fablicos"},"content":{"rendered":"<div><img src=\"http:\/\/cordobainforma.info\/wp-content\/uploads\/2026\/03\/llaryora-pagara-un-bono-de-ayuda-escolar-a-empleados-publicos.jpg\" class=\"ff-og-image-inserted\"><\/div>\n<p>C\u00f3rdoba. En medio de la tensa negociaci\u00f3n paritaria con la Uni\u00f3n de Educadores de la Provincia de C\u00f3rdoba (UEPC), el gobernador Mart\u00edn Llaryora dispuso el pago de un bono de ayuda escolar de $125.000 por cada hijo en edad escolar para los empleados p\u00fablicos provinciales.<\/p>\n<p>El bono ser\u00e1 depositado este s\u00e1bado 7 de marzo en las cuentas de los trabajadores estatales que tengan hijos cursando nivel primario o secundario. Seg\u00fan datos oficiales, la ayuda alcanzar\u00e1 a unos 32 mil estudiantes vinculados a familias de empleados p\u00fablicos provinciales.<\/p>\n<p>Adem\u00e1s, el monto no podr\u00e1 ser debitado por deudas con Bancor, incluso en el caso de que los beneficiarios tengan compromisos financieros con la entidad bancaria.<\/p>\n<p>De acuerdo con lo publicado por La Voz, referentes de distintos gremios estatales se\u00f1alaron que no hab\u00edan sido informados previamente sobre la decisi\u00f3n del Ejecutivo provincial. La asistencia fue comunicada a los trabajadores a trav\u00e9s de un breve correo electr\u00f3nico enviado a los agentes estatales.<\/p>\n<p>El anuncio se produce mientras contin\u00faa la negociaci\u00f3n salarial con la UEPC, que rechaz\u00f3 la primera propuesta paritaria presentada por el Gobierno.<\/p>\n<p>En ese contexto, el gremio docente ya confirm\u00f3 dos paros de 24 horas para la pr\u00f3xima semana: el lunes 9 en adhesi\u00f3n a las actividades por el D\u00eda Internacional de la Mujer y el mi\u00e9rcoles 11 como parte del reclamo salarial en el marco de la paritaria.<\/p>\n<p>La decisi\u00f3n del Gobierno provincial aparece as\u00ed como un gesto hacia los trabajadores estatales en medio de un escenario de fuerte tensi\u00f3n sindical.<\/p>\n","protected":false},"excerpt":{"rendered":"<p>C\u00f3rdoba. En medio de la tensa negociaci\u00f3n paritaria con la Uni\u00f3n de Educadores de la Provincia de C\u00f3rdoba (UEPC), el gobernador Mart\u00edn Llaryora dispuso el pago de un bono de ayuda escolar de $125.000 por cada hijo en edad escolar para los empleados p\u00fablicos provinciales. El bono ser\u00e1 depositado este s\u00e1bado 7 de marzo en [&hellip;]<\/p>\n","protected":false},"author":1,"featured_media":186454,"comment_status":"closed","ping_status":"closed","sticky":false,"template":"","format":"standard","meta":[],"categories":[2],"tags":[],"_links":{"self":[{"href":"http:\/\/cordobainforma.info\/index.php\/wp-json\/wp\/v2\/posts\/186453"}],"collection":[{"href":"http:\/\/cordobainforma.info\/index.php\/wp-json\/wp\/v2\/posts"}],"about":[{"href":"http:\/\/cordobainforma.info\/index.php\/wp-json\/wp\/v2\/types\/post"}],"author":[{"embeddable":true,"href":"http:\/\/cordobainforma.info\/index.php\/wp-json\/wp\/v2\/users\/1"}],"replies":[{"embeddable":true,"href":"http:\/\/cordobainforma.info\/index.php\/wp-json\/wp\/v2\/comments?post=186453"}],"version-history":[{"count":0,"href":"http:\/\/cordobainforma.info\/index.php\/wp-json\/wp\/v2\/posts\/186453\/revisions"}],"wp:featuredmedia":[{"embeddable":true,"href":"http:\/\/cordobainforma.info\/index.php\/wp-json\/wp\/v2\/media\/186454"}],"wp:attachment":[{"href":"http:\/\/cordobainforma.info\/index.php\/wp-json\/wp\/v2\/media?parent=186453"}],"wp:term":[{"taxonomy":"category","embeddable":true,"href":"http:\/\/cordobainforma.info\/index.php\/wp-json\/wp\/v2\/categories?post=186453"},{"taxonomy":"post_tag","embeddable":true,"href":"http:\/\/cordobainforma.info\/index.php\/wp-json\/wp\/v2\/tags?post=186453"}],"curies":[{"name":"wp","href":"https:\/\/api.w.org\/{rel}","templated":true}]}}